{"id":572,"date":"2022-12-09T09:13:04","date_gmt":"2022-12-09T09:13:04","guid":{"rendered":"https:\/\/www.siau.cat\/?p=572"},"modified":"2022-12-09T11:01:03","modified_gmt":"2022-12-09T11:01:03","slug":"quina-legitimitat-tendra-la-nova-mesa-sectorial-deducacio","status":"publish","type":"post","link":"https:\/\/www.siau.cat\/index.php\/2022\/12\/09\/quina-legitimitat-tendra-la-nova-mesa-sectorial-deducacio\/","title":{"rendered":"Quina legitimitat tendr\u00e0 la nova mesa sectorial d&#8217;educaci\u00f3?"},"content":{"rendered":"\n<figure class=\"wp-block-image size-large\"><img loading=\"lazy\" decoding=\"async\" width=\"1024\" height=\"1024\" src=\"https:\/\/www.siau.cat\/wp-content\/uploads\/2022\/12\/Legitimitat-mesa-1024x1024.png\" alt=\"\" class=\"wp-image-573\" srcset=\"https:\/\/www.siau.cat\/wp-content\/uploads\/2022\/12\/Legitimitat-mesa-1024x1024.png 1024w, https:\/\/www.siau.cat\/wp-content\/uploads\/2022\/12\/Legitimitat-mesa-250x250.png 250w, https:\/\/www.siau.cat\/wp-content\/uploads\/2022\/12\/Legitimitat-mesa-100x100.png 100w, https:\/\/www.siau.cat\/wp-content\/uploads\/2022\/12\/Legitimitat-mesa-350x350.png 350w, https:\/\/www.siau.cat\/wp-content\/uploads\/2022\/12\/Legitimitat-mesa-300x300.png 300w, https:\/\/www.siau.cat\/wp-content\/uploads\/2022\/12\/Legitimitat-mesa-150x150.png 150w, https:\/\/www.siau.cat\/wp-content\/uploads\/2022\/12\/Legitimitat-mesa-768x768.png 768w, https:\/\/www.siau.cat\/wp-content\/uploads\/2022\/12\/Legitimitat-mesa-1536x1536.png 1536w, https:\/\/www.siau.cat\/wp-content\/uploads\/2022\/12\/Legitimitat-mesa-24x24.png 24w, https:\/\/www.siau.cat\/wp-content\/uploads\/2022\/12\/Legitimitat-mesa-36x36.png 36w, https:\/\/www.siau.cat\/wp-content\/uploads\/2022\/12\/Legitimitat-mesa-48x48.png 48w, https:\/\/www.siau.cat\/wp-content\/uploads\/2022\/12\/Legitimitat-mesa.png 1654w\" sizes=\"auto, (max-width: 767px) 89vw, (max-width: 1000px) 54vw, (max-width: 1071px) 543px, 580px\" \/><\/figure>\n\n\n\n<p class=\"has-text-align-justify\">Dos dies abans que tengu\u00e9s lloc la votaci\u00f3 de les eleccions sindicals, coincidint amb el darrer dia de campanya electoral, es va publicar en el BOIB un Decret on es parla de les tres juntes de personal docent no niversitari a l\u2019hora d\u2019accedir a la mesa sectorial d\u2019educaci\u00f3 (que igualment tamb\u00e9 s\u2019hi fa refer\u00e8ncia a la LEIB). En aquest Decret, literalment es diu que formen part de la mesa sectorial els sindicats \u00abque hagin obtingut el 10% o m\u00e9s dels representants a les diverses juntes de personal docent no universitari de les distintes illes\u00bb (primer punt de l\u2019article 3). A m\u00e9s, tamb\u00e9 s\u2019especifica que \u00abMentre la Mesa Sectorial d\u2019Educaci\u00f3 no adopti el seu reglament [&#8230;] \u00e9s vigent el Reglament establert per Acord del Consell de Govern de 23 de febrer de 2018 pel qual s\u2019aprova el Reglament d\u2019organitzaci\u00f3 i funcionament de la Mesa Sectorial d\u2019Educaci\u00f3 de l\u2019Administraci\u00f3 de la Comunitat Aut\u00f2noma de les Illes Balears\u00bb (Disposici\u00f3 transit\u00f2ria tercera). Si anam a l\u2019Acord del Consell de Govern de 2018, observam que a l\u2019article 2 no es parla de tres juntes de personal, perqu\u00e8 nom\u00e9s n\u2019existia una sola que englobava tot Balears, i igual que apareix en el recent Decret tamb\u00e9 s\u2019exigia que per formar part de la mesa sectorial s\u2019havia d\u2019arribar al 10% o m\u00e9s dels representants a les eleccions sindicals.  Tamb\u00e9 som conscients del que s&#8217;estableix en el TREBEP i a la Llei 7\/1990 (entre altres), i sabem que les administracions disposen de marge, m\u00e9s tenint en compte que no parlam d&#8217;una Mesa General de Funci\u00f3 P\u00fablica.<\/p>\n\n\n\n<p class=\"has-text-align-justify\">Ara b\u00e9, analitzarem quines implicacions tendria aplicar \u00fanicament l\u2019Acord del 2018 que nom\u00e9s parla d\u2019una sola junta de personal (que recordem ja no existeix), la de Balears. Hem calculat quants de delegats de personal ens pertocarien i si entrar\u00edem a la mesa sectorial. El resultat ens situaria ja no nom\u00e9s com a tercera for\u00e7a en nombre de vots a tot Balears sin\u00f3 tamb\u00e9 com a tercera for\u00e7a en nombre de delegats de personal, en tendr\u00edem 10 en comptes de 8, fet que suposaria poder entrar a la mesa sectorial sense discusi\u00f3 alguna.<\/p>\n\n\n\n<p class=\"has-text-align-justify\">Per\u00f2, tornant a la distribuci\u00f3 dels delegats de personal, per qu\u00e8 primer existia una sola junta de personal i despr\u00e9s se\u2019n varen crear tres de distintes? A les eleccions sindicals de fa quatre anys, hi havia dos sindicats que hi volien conc\u00f3rrer per primera vegada, un d\u2019ells era de nova creaci\u00f3. Alguns, en veure perillar les seves cadires, veren convenient crear tres juntes de personal distintes, fet que, per una banda, feia m\u00e9s dif\u00edcil poder arribar a tenir candidatures a totes les illes i, per l\u2019altra, dificultava arribar al 10% de representants, tot i que el percentatge de vot fos m\u00e9s elevat. L\u2019excusa que empraren era la seg\u00fcent: \u00abHo fem perqu\u00e8 les altres illes se sentin m\u00e9s representades\u00bb. Tot aix\u00f2 al mateix temps que les reunions de les meses sectorials continuaven i continuen celebrant-se a Palma. Sense entrar a parlar del nombre insignificant de vegades que es reuneix la junta de personal de cada illa en comparaci\u00f3 a les que ho fa la mesa sectorial.<\/p>\n\n\n\n<p class=\"has-text-align-justify\">Crida l\u2019atenci\u00f3 tamb\u00e9 que el dia de la votaci\u00f3, mentre anaven arribant els resultats electorals a la Conselleria, una de les representants de l\u2019administraci\u00f3 deman\u00e9s com s\u2019havia de calcular el 10% a tenir en compte a l\u2019hora de poder entrar a la mesa sectorial. Com us v\u00e0rem explicar, es va decidir que per vots i no per representants, per\u00f2 en saber que d\u2019aquesta manera SIAU en formaria part, una \u00absindicalista\u00bb (la mateixa que minuts abans havia insistit que fos per vots) deman\u00e0 a l\u2019administraci\u00f3 canviar el criteri de nou per tal d&#8217;evitar que entr\u00e9ssim nosaltres. Al final, havent-hi pendent l\u2019aprovaci\u00f3 d\u2019un nou \u00abReglament d\u2019organitzaci\u00f3 i funcionament de la Mesa Sectorial\u00bb, tant els hi era aplicar un criteri o altre.<\/p>\n\n\n\n<p class=\"has-text-align-justify\">SIAU considera injust que, sent la tercera for\u00e7a m\u00e9s votada de Balears, amb un 12% de vot, el c\u00e0lcul per decidir qui entra o no a la mesa es faci a partir del nombre de delegats de personal a les tres juntes, ja que aix\u00f2 provoca que sindicats amb menys vots que nosaltres s\u00ed que se\u2019ls permet formar part de la mesa. Fins i tot hi ha un sindicat que havent quedat en pen\u00faltima posici\u00f3, d\u2019entre el total dels 8 sindicats que ens present\u00e0vem, tamb\u00e9 formar\u00e0 part de la mesa per un privilegi que en el seu moment li va concedir l\u2019Estat espanyol. Per tot aix\u00f2 ens demanam, quina legitimitat podr\u00e0 tenir la nova mesa sectorial d\u2019educaci\u00f3 si deixa fora d\u2019ella la tercera for\u00e7a m\u00e9s votada de Balears? Alg\u00fa pot creure que fent aix\u00f2 es respectar\u00e0 la voluntat docent sorgida de les urnes? Hi ha base legal suficient per poder formar part de la mesa sectorial, per\u00f2 dubtam molt que hi hagi voluntat pol\u00edtica per fer-ho possible. En tot cas, tant si arribam a formar-ne part com si no, des del sindicat batallarem molt durant aquesta legislatura que iniciam. No ho dubteu!<\/p>\n","protected":false},"excerpt":{"rendered":"<p>Dos dies abans que tengu\u00e9s lloc la votaci\u00f3 de les eleccions sindicals, coincidint amb el darrer dia de campanya electoral, es va publicar en el BOIB un Decret on es parla de les tres juntes de personal docent no niversitari a l\u2019hora d\u2019accedir a la mesa sectorial d\u2019educaci\u00f3 (que igualment tamb\u00e9 s\u2019hi fa refer\u00e8ncia a &hellip; <\/p>\n<p class=\"link-more\"><a href=\"https:\/\/www.siau.cat\/index.php\/2022\/12\/09\/quina-legitimitat-tendra-la-nova-mesa-sectorial-deducacio\/\" class=\"more-link\">Continua llegint <span class=\"screen-reader-text\">\u00abQuina legitimitat tendr\u00e0 la nova mesa sectorial d&#8217;educaci\u00f3?\u00bb<\/span><\/a><\/p>\n","protected":false},"author":1,"featured_media":0,"comment_status":"closed","ping_status":"open","sticky":false,"template":"","format":"standard","meta":{"_jetpack_memberships_contains_paid_content":false,"footnotes":""},"categories":[1],"tags":[],"class_list":["post-572","post","type-post","status-publish","format-standard","hentry","category-uncategorized"],"yoast_head":"<!-- This site is optimized with the Yoast SEO plugin v25.4 - https:\/\/yoast.com\/wordpress\/plugins\/seo\/ -->\n<title>Quina legitimitat tendr\u00e0 la nova mesa sectorial d&#039;educaci\u00f3? &#8212; SIAU - SINDICAT INDEPENDENT, AUT\u00d2NOM I UNITARI<\/title>\n<meta name=\"robots\" content=\"index, follow, max-snippet:-1, max-image-preview:large, max-video-preview:-1\" \/>\n<link rel=\"canonical\" href=\"https:\/\/www.siau.cat\/index.php\/2022\/12\/09\/quina-legitimitat-tendra-la-nova-mesa-sectorial-deducacio\/\" \/>\n<meta property=\"og:locale\" content=\"ca_ES\" \/>\n<meta property=\"og:type\" content=\"article\" \/>\n<meta property=\"og:title\" content=\"Quina legitimitat tendr\u00e0 la nova mesa sectorial d&#039;educaci\u00f3? &#8212; SIAU - SINDICAT INDEPENDENT, AUT\u00d2NOM I UNITARI\" \/>\n<meta property=\"og:description\" content=\"Dos dies abans que tengu\u00e9s lloc la votaci\u00f3 de les eleccions sindicals, coincidint amb el darrer dia de campanya electoral, es va publicar en el BOIB un Decret on es parla de les tres juntes de personal docent no niversitari a l\u2019hora d\u2019accedir a la mesa sectorial d\u2019educaci\u00f3 (que igualment tamb\u00e9 s\u2019hi fa refer\u00e8ncia a &hellip; Continua llegint \u00abQuina legitimitat tendr\u00e0 la nova mesa sectorial d&#8217;educaci\u00f3?\u00bb\" \/>\n<meta property=\"og:url\" content=\"https:\/\/www.siau.cat\/index.php\/2022\/12\/09\/quina-legitimitat-tendra-la-nova-mesa-sectorial-deducacio\/\" \/>\n<meta property=\"og:site_name\" content=\"SIAU - SINDICAT INDEPENDENT, AUT\u00d2NOM I UNITARI\" \/>\n<meta property=\"article:published_time\" content=\"2022-12-09T09:13:04+00:00\" \/>\n<meta property=\"article:modified_time\" content=\"2022-12-09T11:01:03+00:00\" \/>\n<meta property=\"og:image\" content=\"https:\/\/www.siau.cat\/wp-content\/uploads\/2022\/12\/Legitimitat-mesa-1024x1024.png\" \/>\n<meta name=\"author\" content=\"admin\" \/>\n<meta name=\"twitter:card\" content=\"summary_large_image\" \/>\n<meta name=\"twitter:label1\" content=\"Escrit per\" \/>\n\t<meta name=\"twitter:data1\" content=\"admin\" \/>\n\t<meta name=\"twitter:label2\" content=\"Temps estimat de lectura\" \/>\n\t<meta name=\"twitter:data2\" content=\"5 minuts\" \/>\n<script type=\"application\/ld+json\" class=\"yoast-schema-graph\">{\"@context\":\"https:\/\/schema.org\",\"@graph\":[{\"@type\":\"Article\",\"@id\":\"https:\/\/www.siau.cat\/index.php\/2022\/12\/09\/quina-legitimitat-tendra-la-nova-mesa-sectorial-deducacio\/#article\",\"isPartOf\":{\"@id\":\"https:\/\/www.siau.cat\/index.php\/2022\/12\/09\/quina-legitimitat-tendra-la-nova-mesa-sectorial-deducacio\/\"},\"author\":{\"name\":\"admin\",\"@id\":\"https:\/\/www.siau.cat\/#\/schema\/person\/810c15694a7e538934bb4be53ebcba0d\"},\"headline\":\"Quina legitimitat tendr\u00e0 la nova mesa sectorial d&#8217;educaci\u00f3?\",\"datePublished\":\"2022-12-09T09:13:04+00:00\",\"dateModified\":\"2022-12-09T11:01:03+00:00\",\"mainEntityOfPage\":{\"@id\":\"https:\/\/www.siau.cat\/index.php\/2022\/12\/09\/quina-legitimitat-tendra-la-nova-mesa-sectorial-deducacio\/\"},\"wordCount\":892,\"publisher\":{\"@id\":\"https:\/\/www.siau.cat\/#organization\"},\"image\":{\"@id\":\"https:\/\/www.siau.cat\/index.php\/2022\/12\/09\/quina-legitimitat-tendra-la-nova-mesa-sectorial-deducacio\/#primaryimage\"},\"thumbnailUrl\":\"https:\/\/www.siau.cat\/wp-content\/uploads\/2022\/12\/Legitimitat-mesa-1024x1024.png\",\"articleSection\":[\"Uncategorized\"],\"inLanguage\":\"ca\"},{\"@type\":\"WebPage\",\"@id\":\"https:\/\/www.siau.cat\/index.php\/2022\/12\/09\/quina-legitimitat-tendra-la-nova-mesa-sectorial-deducacio\/\",\"url\":\"https:\/\/www.siau.cat\/index.php\/2022\/12\/09\/quina-legitimitat-tendra-la-nova-mesa-sectorial-deducacio\/\",\"name\":\"Quina legitimitat tendr\u00e0 la nova mesa sectorial d'educaci\u00f3? &#8212; SIAU - SINDICAT INDEPENDENT, AUT\u00d2NOM I UNITARI\",\"isPartOf\":{\"@id\":\"https:\/\/www.siau.cat\/#website\"},\"primaryImageOfPage\":{\"@id\":\"https:\/\/www.siau.cat\/index.php\/2022\/12\/09\/quina-legitimitat-tendra-la-nova-mesa-sectorial-deducacio\/#primaryimage\"},\"image\":{\"@id\":\"https:\/\/www.siau.cat\/index.php\/2022\/12\/09\/quina-legitimitat-tendra-la-nova-mesa-sectorial-deducacio\/#primaryimage\"},\"thumbnailUrl\":\"https:\/\/www.siau.cat\/wp-content\/uploads\/2022\/12\/Legitimitat-mesa-1024x1024.png\",\"datePublished\":\"2022-12-09T09:13:04+00:00\",\"dateModified\":\"2022-12-09T11:01:03+00:00\",\"breadcrumb\":{\"@id\":\"https:\/\/www.siau.cat\/index.php\/2022\/12\/09\/quina-legitimitat-tendra-la-nova-mesa-sectorial-deducacio\/#breadcrumb\"},\"inLanguage\":\"ca\",\"potentialAction\":[{\"@type\":\"ReadAction\",\"target\":[\"https:\/\/www.siau.cat\/index.php\/2022\/12\/09\/quina-legitimitat-tendra-la-nova-mesa-sectorial-deducacio\/\"]}]},{\"@type\":\"ImageObject\",\"inLanguage\":\"ca\",\"@id\":\"https:\/\/www.siau.cat\/index.php\/2022\/12\/09\/quina-legitimitat-tendra-la-nova-mesa-sectorial-deducacio\/#primaryimage\",\"url\":\"https:\/\/www.siau.cat\/wp-content\/uploads\/2022\/12\/Legitimitat-mesa.png\",\"contentUrl\":\"https:\/\/www.siau.cat\/wp-content\/uploads\/2022\/12\/Legitimitat-mesa.png\",\"width\":1654,\"height\":1654},{\"@type\":\"BreadcrumbList\",\"@id\":\"https:\/\/www.siau.cat\/index.php\/2022\/12\/09\/quina-legitimitat-tendra-la-nova-mesa-sectorial-deducacio\/#breadcrumb\",\"itemListElement\":[{\"@type\":\"ListItem\",\"position\":1,\"name\":\"Inici\",\"item\":\"https:\/\/www.siau.cat\/\"},{\"@type\":\"ListItem\",\"position\":2,\"name\":\"Quina legitimitat tendr\u00e0 la nova mesa sectorial d&#8217;educaci\u00f3?\"}]},{\"@type\":\"WebSite\",\"@id\":\"https:\/\/www.siau.cat\/#website\",\"url\":\"https:\/\/www.siau.cat\/\",\"name\":\"SIAU - SINDICAT INDEPENDENT, AUT\u00d2NOM I UNITARI\",\"description\":\"Ara s&iacute; que tenim la veu\",\"publisher\":{\"@id\":\"https:\/\/www.siau.cat\/#organization\"},\"potentialAction\":[{\"@type\":\"SearchAction\",\"target\":{\"@type\":\"EntryPoint\",\"urlTemplate\":\"https:\/\/www.siau.cat\/?s={search_term_string}\"},\"query-input\":{\"@type\":\"PropertyValueSpecification\",\"valueRequired\":true,\"valueName\":\"search_term_string\"}}],\"inLanguage\":\"ca\"},{\"@type\":\"Organization\",\"@id\":\"https:\/\/www.siau.cat\/#organization\",\"name\":\"SIAU\",\"url\":\"https:\/\/www.siau.cat\/\",\"logo\":{\"@type\":\"ImageObject\",\"inLanguage\":\"ca\",\"@id\":\"https:\/\/www.siau.cat\/#\/schema\/logo\/image\/\",\"url\":\"https:\/\/www.siau.cat\/wp-content\/uploads\/2022\/03\/cropped-resized_LOGO-SIAU-5-e1652020847972.jpg\",\"contentUrl\":\"https:\/\/www.siau.cat\/wp-content\/uploads\/2022\/03\/cropped-resized_LOGO-SIAU-5-e1652020847972.jpg\",\"width\":1600,\"height\":1200,\"caption\":\"SIAU\"},\"image\":{\"@id\":\"https:\/\/www.siau.cat\/#\/schema\/logo\/image\/\"}},{\"@type\":\"Person\",\"@id\":\"https:\/\/www.siau.cat\/#\/schema\/person\/810c15694a7e538934bb4be53ebcba0d\",\"name\":\"admin\",\"image\":{\"@type\":\"ImageObject\",\"inLanguage\":\"ca\",\"@id\":\"https:\/\/www.siau.cat\/#\/schema\/person\/image\/\",\"url\":\"https:\/\/www.siau.cat\/wp-content\/litespeed\/avatar\/d73ebfac3daa0b52552b2ccea63469da.jpg?ver=1777403609\",\"contentUrl\":\"https:\/\/www.siau.cat\/wp-content\/litespeed\/avatar\/d73ebfac3daa0b52552b2ccea63469da.jpg?ver=1777403609\",\"caption\":\"admin\"},\"sameAs\":[\"https:\/\/www.siau.cat\"],\"url\":\"https:\/\/www.siau.cat\/index.php\/author\/admin\/\"}]}<\/script>\n<!-- \/ Yoast SEO plugin. -->","yoast_head_json":{"title":"Quina legitimitat tendr\u00e0 la nova mesa sectorial d'educaci\u00f3? &#8212; SIAU - SINDICAT INDEPENDENT, AUT\u00d2NOM I UNITARI","robots":{"index":"index","follow":"follow","max-snippet":"max-snippet:-1","max-image-preview":"max-image-preview:large","max-video-preview":"max-video-preview:-1"},"canonical":"https:\/\/www.siau.cat\/index.php\/2022\/12\/09\/quina-legitimitat-tendra-la-nova-mesa-sectorial-deducacio\/","og_locale":"ca_ES","og_type":"article","og_title":"Quina legitimitat tendr\u00e0 la nova mesa sectorial d'educaci\u00f3? &#8212; SIAU - SINDICAT INDEPENDENT, AUT\u00d2NOM I UNITARI","og_description":"Dos dies abans que tengu\u00e9s lloc la votaci\u00f3 de les eleccions sindicals, coincidint amb el darrer dia de campanya electoral, es va publicar en el BOIB un Decret on es parla de les tres juntes de personal docent no niversitari a l\u2019hora d\u2019accedir a la mesa sectorial d\u2019educaci\u00f3 (que igualment tamb\u00e9 s\u2019hi fa refer\u00e8ncia a &hellip; Continua llegint \u00abQuina legitimitat tendr\u00e0 la nova mesa sectorial d&#8217;educaci\u00f3?\u00bb","og_url":"https:\/\/www.siau.cat\/index.php\/2022\/12\/09\/quina-legitimitat-tendra-la-nova-mesa-sectorial-deducacio\/","og_site_name":"SIAU - SINDICAT INDEPENDENT, AUT\u00d2NOM I UNITARI","article_published_time":"2022-12-09T09:13:04+00:00","article_modified_time":"2022-12-09T11:01:03+00:00","og_image":[{"url":"https:\/\/www.siau.cat\/wp-content\/uploads\/2022\/12\/Legitimitat-mesa-1024x1024.png","type":"","width":"","height":""}],"author":"admin","twitter_card":"summary_large_image","twitter_misc":{"Escrit per":"admin","Temps estimat de lectura":"5 minuts"},"schema":{"@context":"https:\/\/schema.org","@graph":[{"@type":"Article","@id":"https:\/\/www.siau.cat\/index.php\/2022\/12\/09\/quina-legitimitat-tendra-la-nova-mesa-sectorial-deducacio\/#article","isPartOf":{"@id":"https:\/\/www.siau.cat\/index.php\/2022\/12\/09\/quina-legitimitat-tendra-la-nova-mesa-sectorial-deducacio\/"},"author":{"name":"admin","@id":"https:\/\/www.siau.cat\/#\/schema\/person\/810c15694a7e538934bb4be53ebcba0d"},"headline":"Quina legitimitat tendr\u00e0 la nova mesa sectorial d&#8217;educaci\u00f3?","datePublished":"2022-12-09T09:13:04+00:00","dateModified":"2022-12-09T11:01:03+00:00","mainEntityOfPage":{"@id":"https:\/\/www.siau.cat\/index.php\/2022\/12\/09\/quina-legitimitat-tendra-la-nova-mesa-sectorial-deducacio\/"},"wordCount":892,"publisher":{"@id":"https:\/\/www.siau.cat\/#organization"},"image":{"@id":"https:\/\/www.siau.cat\/index.php\/2022\/12\/09\/quina-legitimitat-tendra-la-nova-mesa-sectorial-deducacio\/#primaryimage"},"thumbnailUrl":"https:\/\/www.siau.cat\/wp-content\/uploads\/2022\/12\/Legitimitat-mesa-1024x1024.png","articleSection":["Uncategorized"],"inLanguage":"ca"},{"@type":"WebPage","@id":"https:\/\/www.siau.cat\/index.php\/2022\/12\/09\/quina-legitimitat-tendra-la-nova-mesa-sectorial-deducacio\/","url":"https:\/\/www.siau.cat\/index.php\/2022\/12\/09\/quina-legitimitat-tendra-la-nova-mesa-sectorial-deducacio\/","name":"Quina legitimitat tendr\u00e0 la nova mesa sectorial d'educaci\u00f3? &#8212; SIAU - SINDICAT INDEPENDENT, AUT\u00d2NOM I UNITARI","isPartOf":{"@id":"https:\/\/www.siau.cat\/#website"},"primaryImageOfPage":{"@id":"https:\/\/www.siau.cat\/index.php\/2022\/12\/09\/quina-legitimitat-tendra-la-nova-mesa-sectorial-deducacio\/#primaryimage"},"image":{"@id":"https:\/\/www.siau.cat\/index.php\/2022\/12\/09\/quina-legitimitat-tendra-la-nova-mesa-sectorial-deducacio\/#primaryimage"},"thumbnailUrl":"https:\/\/www.siau.cat\/wp-content\/uploads\/2022\/12\/Legitimitat-mesa-1024x1024.png","datePublished":"2022-12-09T09:13:04+00:00","dateModified":"2022-12-09T11:01:03+00:00","breadcrumb":{"@id":"https:\/\/www.siau.cat\/index.php\/2022\/12\/09\/quina-legitimitat-tendra-la-nova-mesa-sectorial-deducacio\/#breadcrumb"},"inLanguage":"ca","potentialAction":[{"@type":"ReadAction","target":["https:\/\/www.siau.cat\/index.php\/2022\/12\/09\/quina-legitimitat-tendra-la-nova-mesa-sectorial-deducacio\/"]}]},{"@type":"ImageObject","inLanguage":"ca","@id":"https:\/\/www.siau.cat\/index.php\/2022\/12\/09\/quina-legitimitat-tendra-la-nova-mesa-sectorial-deducacio\/#primaryimage","url":"https:\/\/www.siau.cat\/wp-content\/uploads\/2022\/12\/Legitimitat-mesa.png","contentUrl":"https:\/\/www.siau.cat\/wp-content\/uploads\/2022\/12\/Legitimitat-mesa.png","width":1654,"height":1654},{"@type":"BreadcrumbList","@id":"https:\/\/www.siau.cat\/index.php\/2022\/12\/09\/quina-legitimitat-tendra-la-nova-mesa-sectorial-deducacio\/#breadcrumb","itemListElement":[{"@type":"ListItem","position":1,"name":"Inici","item":"https:\/\/www.siau.cat\/"},{"@type":"ListItem","position":2,"name":"Quina legitimitat tendr\u00e0 la nova mesa sectorial d&#8217;educaci\u00f3?"}]},{"@type":"WebSite","@id":"https:\/\/www.siau.cat\/#website","url":"https:\/\/www.siau.cat\/","name":"SIAU - SINDICAT INDEPENDENT, AUT\u00d2NOM I UNITARI","description":"Ara s&iacute; que tenim la veu","publisher":{"@id":"https:\/\/www.siau.cat\/#organization"},"potentialAction":[{"@type":"SearchAction","target":{"@type":"EntryPoint","urlTemplate":"https:\/\/www.siau.cat\/?s={search_term_string}"},"query-input":{"@type":"PropertyValueSpecification","valueRequired":true,"valueName":"search_term_string"}}],"inLanguage":"ca"},{"@type":"Organization","@id":"https:\/\/www.siau.cat\/#organization","name":"SIAU","url":"https:\/\/www.siau.cat\/","logo":{"@type":"ImageObject","inLanguage":"ca","@id":"https:\/\/www.siau.cat\/#\/schema\/logo\/image\/","url":"https:\/\/www.siau.cat\/wp-content\/uploads\/2022\/03\/cropped-resized_LOGO-SIAU-5-e1652020847972.jpg","contentUrl":"https:\/\/www.siau.cat\/wp-content\/uploads\/2022\/03\/cropped-resized_LOGO-SIAU-5-e1652020847972.jpg","width":1600,"height":1200,"caption":"SIAU"},"image":{"@id":"https:\/\/www.siau.cat\/#\/schema\/logo\/image\/"}},{"@type":"Person","@id":"https:\/\/www.siau.cat\/#\/schema\/person\/810c15694a7e538934bb4be53ebcba0d","name":"admin","image":{"@type":"ImageObject","inLanguage":"ca","@id":"https:\/\/www.siau.cat\/#\/schema\/person\/image\/","url":"https:\/\/www.siau.cat\/wp-content\/litespeed\/avatar\/d73ebfac3daa0b52552b2ccea63469da.jpg?ver=1777403609","contentUrl":"https:\/\/www.siau.cat\/wp-content\/litespeed\/avatar\/d73ebfac3daa0b52552b2ccea63469da.jpg?ver=1777403609","caption":"admin"},"sameAs":["https:\/\/www.siau.cat"],"url":"https:\/\/www.siau.cat\/index.php\/author\/admin\/"}]}},"jetpack_featured_media_url":"","jetpack_sharing_enabled":true,"_links":{"self":[{"href":"https:\/\/www.siau.cat\/index.php\/wp-json\/wp\/v2\/posts\/572","targetHints":{"allow":["GET"]}}],"collection":[{"href":"https:\/\/www.siau.cat\/index.php\/wp-json\/wp\/v2\/posts"}],"about":[{"href":"https:\/\/www.siau.cat\/index.php\/wp-json\/wp\/v2\/types\/post"}],"author":[{"embeddable":true,"href":"https:\/\/www.siau.cat\/index.php\/wp-json\/wp\/v2\/users\/1"}],"replies":[{"embeddable":true,"href":"https:\/\/www.siau.cat\/index.php\/wp-json\/wp\/v2\/comments?post=572"}],"version-history":[{"count":5,"href":"https:\/\/www.siau.cat\/index.php\/wp-json\/wp\/v2\/posts\/572\/revisions"}],"predecessor-version":[{"id":580,"href":"https:\/\/www.siau.cat\/index.php\/wp-json\/wp\/v2\/posts\/572\/revisions\/580"}],"wp:attachment":[{"href":"https:\/\/www.siau.cat\/index.php\/wp-json\/wp\/v2\/media?parent=572"}],"wp:term":[{"taxonomy":"category","embeddable":true,"href":"https:\/\/www.siau.cat\/index.php\/wp-json\/wp\/v2\/categories?post=572"},{"taxonomy":"post_tag","embeddable":true,"href":"https:\/\/www.siau.cat\/index.php\/wp-json\/wp\/v2\/tags?post=572"}],"curies":[{"name":"wp","href":"https:\/\/api.w.org\/{rel}","templated":true}]}}