{"id":605,"date":"2023-01-18T11:06:52","date_gmt":"2023-01-18T11:06:52","guid":{"rendered":"https:\/\/www.siau.cat\/?p=605"},"modified":"2023-01-18T11:06:54","modified_gmt":"2023-01-18T11:06:54","slug":"els-processos-destabilitzacio-un-nyap-i-negoci-rodo-del-psib-psoe","status":"publish","type":"post","link":"https:\/\/www.siau.cat\/index.php\/2023\/01\/18\/els-processos-destabilitzacio-un-nyap-i-negoci-rodo-del-psib-psoe\/","title":{"rendered":"Els processos d&#8217;estabilitzaci\u00f3, un nyap i negoci rod\u00f3 del PSIB-PSOE"},"content":{"rendered":"\n<figure class=\"wp-block-image size-large\"><img loading=\"lazy\" decoding=\"async\" width=\"1024\" height=\"1024\" src=\"https:\/\/www.siau.cat\/wp-content\/uploads\/2023\/01\/nyap-i-negoci-1024x1024.png\" alt=\"\" class=\"wp-image-606\" srcset=\"https:\/\/www.siau.cat\/wp-content\/uploads\/2023\/01\/nyap-i-negoci-1024x1024.png 1024w, https:\/\/www.siau.cat\/wp-content\/uploads\/2023\/01\/nyap-i-negoci-250x250.png 250w, https:\/\/www.siau.cat\/wp-content\/uploads\/2023\/01\/nyap-i-negoci-100x100.png 100w, https:\/\/www.siau.cat\/wp-content\/uploads\/2023\/01\/nyap-i-negoci-350x350.png 350w, https:\/\/www.siau.cat\/wp-content\/uploads\/2023\/01\/nyap-i-negoci-300x300.png 300w, https:\/\/www.siau.cat\/wp-content\/uploads\/2023\/01\/nyap-i-negoci-150x150.png 150w, https:\/\/www.siau.cat\/wp-content\/uploads\/2023\/01\/nyap-i-negoci-768x768.png 768w, https:\/\/www.siau.cat\/wp-content\/uploads\/2023\/01\/nyap-i-negoci-24x24.png 24w, https:\/\/www.siau.cat\/wp-content\/uploads\/2023\/01\/nyap-i-negoci-36x36.png 36w, https:\/\/www.siau.cat\/wp-content\/uploads\/2023\/01\/nyap-i-negoci-48x48.png 48w, https:\/\/www.siau.cat\/wp-content\/uploads\/2023\/01\/nyap-i-negoci.png 1200w\" sizes=\"auto, (max-width: 767px) 89vw, (max-width: 1000px) 54vw, (max-width: 1071px) 543px, 580px\" \/><\/figure>\n\n\n\n<p class=\"has-text-align-justify\">En els processos d\u2019estabilitzaci\u00f3 que estan tenint lloc observam situacions esperp\u00e8ntiques que demostren que el partit pol\u00edtic que est\u00e0 al capdavant de la Conselleria d\u2019Educaci\u00f3 i del <em>Ministerio de Educaci\u00f3n<\/em>, que \u00e9s el mateix, dif\u00edcilment podria haver-ho gestionat pitjor. Respecte al concurs han fet un negoci rod\u00f3, ja que les m\u00e9s de 13.000 sol\u00b7licituds presentades per obtenir pla\u00e7a han generat uns ingressos milionaris que, tanmateix, despr\u00e9s no s\u2019estan invertint per a resoldre les defici\u00e8ncies del nostre sistema educatiu. Probablement, s\u2019empraran per continuar inflant la quota d\u2019alts c\u00e0rrecs, assessors&#8230;, que continua <em>in crescendo<\/em>. El fet de possibilitar que tothom que t\u00e9 acc\u00e9s al cos en q\u00fcesti\u00f3 es pogu\u00e9s inscriure a qualsevol especialitat (tot i no haver-la impartida mai ni tenir la titulaci\u00f3 o els coneixements suficients) n\u2019\u00e9s una prova m\u00e9s. Tenim const\u00e0ncia de persones que s\u2019han gastat m\u00e9s de 1.000 \u20ac en sol\u00b7licituds: algunes ho han fet a tall de cr\u00edtica i den\u00fancia contra un sistema que no t\u00e9 ni cap ni peus, d\u2019altres perqu\u00e8 disposen d\u2019una formaci\u00f3 molt variada i es veurien capacitats per impartir qualsevol de les mat\u00e8ries a les quals s\u2019han inscrit, etc. Sigui quina sigui la ra\u00f3, la Conselleria i el <em>Ministerio<\/em> sabien el que feien, el redactat normatiu que dona cobertura a aquest absurd no ha estat una patinada involunt\u00e0ria ni res semblant, per aix\u00f2 ho han possibilitat (sempre amb el benepl\u00e0cit dels sindicats que viuen de \u00abrendes\u00bb i formen part de les taules \u00abnegociadores\u00bb). Tampoc no hem d\u2019oblidar que les Illes Balears \u00e9s la comunitat aut\u00f2noma on s\u2019ha establert la taxa m\u00e9s alta d\u2019inscripci\u00f3 (com v\u00e0rem denunciar a la taula comparativa que v\u00e0rem publicar en prim\u00edcia), una altra mostra del menyspreu sistem\u00e0tic que patim.<\/p>\n\n\n\n<p class=\"has-text-align-justify\">Igualment, hem de destacar els criteris tan dispersos que hi ha entre comunitats aut\u00f2nomes. Per exemple, a les Balears, els que s\u2019examinin al concurs-oposici\u00f3 no eliminatori de mat\u00e8ries de m\u00fasica i arts esc\u00e8niques (fet extrapolable a altres cossos), hauran de fer exercici de car\u00e0cter pr\u00e0ctic, a difer\u00e8ncia del que passa a altres autonomies, on no consta aquesta part de la prova. Per si no n\u2019hi havia prou amb les contradiccions i discriminacions a qu\u00e8 ens t\u00e9 tan acostumats aquesta Conselleria, finalment Catalunya possibilita estalviar-se la taxa d\u2019inscripci\u00f3 si s\u2019est\u00e0 pendent del concurs de m\u00e8rits; en canvi, aqu\u00ed han optat per fer tot el contrari i continuar fent calaix amb els nostres doblers.<\/p>\n\n\n\n<p class=\"has-text-align-justify\">La soluci\u00f3 davant el toc d\u2019atenci\u00f3 que Europa va fer a Espanya era ben senzilla: aplicar la Directiva Europea i evitar que qualsevol persona pogu\u00e9s continuar en frau de llei. Per\u00f2 no, han preferit fer un aut\u00e8ntic nyap que accentuar\u00e0, encara m\u00e9s, les situacions esperp\u00e8ntiques, les desigualtats i la precarietat. I tot aix\u00f2 passa el mateix temps que no ens paguen ni la carrera professional ni tot el que encara ens deuen de les pujades salarials que l\u2019Estat va aprovar. No dubteu que des de SIAU vetllarem per un correcte compliment de la llei i acudirem als jutjats cada vegada que calgui.<\/p>\n","protected":false},"excerpt":{"rendered":"<p>En els processos d\u2019estabilitzaci\u00f3 que estan tenint lloc observam situacions esperp\u00e8ntiques que demostren que el partit pol\u00edtic que est\u00e0 al capdavant de la Conselleria d\u2019Educaci\u00f3 i del Ministerio de Educaci\u00f3n, que \u00e9s el mateix, dif\u00edcilment podria haver-ho gestionat pitjor. Respecte al concurs han fet un negoci rod\u00f3, ja que les m\u00e9s de 13.000 sol\u00b7licituds presentades &hellip; <\/p>\n<p class=\"link-more\"><a href=\"https:\/\/www.siau.cat\/index.php\/2023\/01\/18\/els-processos-destabilitzacio-un-nyap-i-negoci-rodo-del-psib-psoe\/\" class=\"more-link\">Continua llegint <span class=\"screen-reader-text\">\u00abEls processos d&#8217;estabilitzaci\u00f3, un nyap i negoci rod\u00f3 del PSIB-PSOE\u00bb<\/span><\/a><\/p>\n","protected":false},"author":1,"featured_media":0,"comment_status":"closed","ping_status":"open","sticky":false,"template":"","format":"standard","meta":{"_jetpack_memberships_contains_paid_content":false,"footnotes":""},"categories":[1],"tags":[],"class_list":["post-605","post","type-post","status-publish","format-standard","hentry","category-uncategorized"],"yoast_head":"<!-- This site is optimized with the Yoast SEO plugin v25.4 - https:\/\/yoast.com\/wordpress\/plugins\/seo\/ -->\n<title>Els processos d&#039;estabilitzaci\u00f3, un nyap i negoci rod\u00f3 del PSIB-PSOE &#8212; SIAU - SINDICAT INDEPENDENT, AUT\u00d2NOM I UNITARI<\/title>\n<meta name=\"robots\" content=\"index, follow, max-snippet:-1, max-image-preview:large, max-video-preview:-1\" \/>\n<link rel=\"canonical\" href=\"https:\/\/www.siau.cat\/index.php\/2023\/01\/18\/els-processos-destabilitzacio-un-nyap-i-negoci-rodo-del-psib-psoe\/\" \/>\n<meta property=\"og:locale\" content=\"ca_ES\" \/>\n<meta property=\"og:type\" content=\"article\" \/>\n<meta property=\"og:title\" content=\"Els processos d&#039;estabilitzaci\u00f3, un nyap i negoci rod\u00f3 del PSIB-PSOE &#8212; SIAU - SINDICAT INDEPENDENT, AUT\u00d2NOM I UNITARI\" \/>\n<meta property=\"og:description\" content=\"En els processos d\u2019estabilitzaci\u00f3 que estan tenint lloc observam situacions esperp\u00e8ntiques que demostren que el partit pol\u00edtic que est\u00e0 al capdavant de la Conselleria d\u2019Educaci\u00f3 i del Ministerio de Educaci\u00f3n, que \u00e9s el mateix, dif\u00edcilment podria haver-ho gestionat pitjor. Respecte al concurs han fet un negoci rod\u00f3, ja que les m\u00e9s de 13.000 sol\u00b7licituds presentades &hellip; Continua llegint \u00abEls processos d&#8217;estabilitzaci\u00f3, un nyap i negoci rod\u00f3 del PSIB-PSOE\u00bb\" \/>\n<meta property=\"og:url\" content=\"https:\/\/www.siau.cat\/index.php\/2023\/01\/18\/els-processos-destabilitzacio-un-nyap-i-negoci-rodo-del-psib-psoe\/\" \/>\n<meta property=\"og:site_name\" content=\"SIAU - SINDICAT INDEPENDENT, AUT\u00d2NOM I UNITARI\" \/>\n<meta property=\"article:published_time\" content=\"2023-01-18T11:06:52+00:00\" \/>\n<meta property=\"article:modified_time\" content=\"2023-01-18T11:06:54+00:00\" \/>\n<meta property=\"og:image\" content=\"https:\/\/www.siau.cat\/wp-content\/uploads\/2023\/01\/nyap-i-negoci-1024x1024.png\" \/>\n<meta name=\"author\" content=\"admin\" \/>\n<meta name=\"twitter:card\" content=\"summary_large_image\" \/>\n<meta name=\"twitter:label1\" content=\"Escrit per\" \/>\n\t<meta name=\"twitter:data1\" content=\"admin\" \/>\n\t<meta name=\"twitter:label2\" content=\"Temps estimat de lectura\" \/>\n\t<meta name=\"twitter:data2\" content=\"3 minuts\" \/>\n<script type=\"application\/ld+json\" class=\"yoast-schema-graph\">{\"@context\":\"https:\/\/schema.org\",\"@graph\":[{\"@type\":\"Article\",\"@id\":\"https:\/\/www.siau.cat\/index.php\/2023\/01\/18\/els-processos-destabilitzacio-un-nyap-i-negoci-rodo-del-psib-psoe\/#article\",\"isPartOf\":{\"@id\":\"https:\/\/www.siau.cat\/index.php\/2023\/01\/18\/els-processos-destabilitzacio-un-nyap-i-negoci-rodo-del-psib-psoe\/\"},\"author\":{\"name\":\"admin\",\"@id\":\"https:\/\/www.siau.cat\/#\/schema\/person\/810c15694a7e538934bb4be53ebcba0d\"},\"headline\":\"Els processos d&#8217;estabilitzaci\u00f3, un nyap i negoci rod\u00f3 del PSIB-PSOE\",\"datePublished\":\"2023-01-18T11:06:52+00:00\",\"dateModified\":\"2023-01-18T11:06:54+00:00\",\"mainEntityOfPage\":{\"@id\":\"https:\/\/www.siau.cat\/index.php\/2023\/01\/18\/els-processos-destabilitzacio-un-nyap-i-negoci-rodo-del-psib-psoe\/\"},\"wordCount\":560,\"publisher\":{\"@id\":\"https:\/\/www.siau.cat\/#organization\"},\"image\":{\"@id\":\"https:\/\/www.siau.cat\/index.php\/2023\/01\/18\/els-processos-destabilitzacio-un-nyap-i-negoci-rodo-del-psib-psoe\/#primaryimage\"},\"thumbnailUrl\":\"https:\/\/www.siau.cat\/wp-content\/uploads\/2023\/01\/nyap-i-negoci-1024x1024.png\",\"articleSection\":[\"Uncategorized\"],\"inLanguage\":\"ca\"},{\"@type\":\"WebPage\",\"@id\":\"https:\/\/www.siau.cat\/index.php\/2023\/01\/18\/els-processos-destabilitzacio-un-nyap-i-negoci-rodo-del-psib-psoe\/\",\"url\":\"https:\/\/www.siau.cat\/index.php\/2023\/01\/18\/els-processos-destabilitzacio-un-nyap-i-negoci-rodo-del-psib-psoe\/\",\"name\":\"Els processos d'estabilitzaci\u00f3, un nyap i negoci rod\u00f3 del PSIB-PSOE &#8212; SIAU - SINDICAT INDEPENDENT, AUT\u00d2NOM I UNITARI\",\"isPartOf\":{\"@id\":\"https:\/\/www.siau.cat\/#website\"},\"primaryImageOfPage\":{\"@id\":\"https:\/\/www.siau.cat\/index.php\/2023\/01\/18\/els-processos-destabilitzacio-un-nyap-i-negoci-rodo-del-psib-psoe\/#primaryimage\"},\"image\":{\"@id\":\"https:\/\/www.siau.cat\/index.php\/2023\/01\/18\/els-processos-destabilitzacio-un-nyap-i-negoci-rodo-del-psib-psoe\/#primaryimage\"},\"thumbnailUrl\":\"https:\/\/www.siau.cat\/wp-content\/uploads\/2023\/01\/nyap-i-negoci-1024x1024.png\",\"datePublished\":\"2023-01-18T11:06:52+00:00\",\"dateModified\":\"2023-01-18T11:06:54+00:00\",\"breadcrumb\":{\"@id\":\"https:\/\/www.siau.cat\/index.php\/2023\/01\/18\/els-processos-destabilitzacio-un-nyap-i-negoci-rodo-del-psib-psoe\/#breadcrumb\"},\"inLanguage\":\"ca\",\"potentialAction\":[{\"@type\":\"ReadAction\",\"target\":[\"https:\/\/www.siau.cat\/index.php\/2023\/01\/18\/els-processos-destabilitzacio-un-nyap-i-negoci-rodo-del-psib-psoe\/\"]}]},{\"@type\":\"ImageObject\",\"inLanguage\":\"ca\",\"@id\":\"https:\/\/www.siau.cat\/index.php\/2023\/01\/18\/els-processos-destabilitzacio-un-nyap-i-negoci-rodo-del-psib-psoe\/#primaryimage\",\"url\":\"https:\/\/www.siau.cat\/wp-content\/uploads\/2023\/01\/nyap-i-negoci.png\",\"contentUrl\":\"https:\/\/www.siau.cat\/wp-content\/uploads\/2023\/01\/nyap-i-negoci.png\",\"width\":1200,\"height\":1200},{\"@type\":\"BreadcrumbList\",\"@id\":\"https:\/\/www.siau.cat\/index.php\/2023\/01\/18\/els-processos-destabilitzacio-un-nyap-i-negoci-rodo-del-psib-psoe\/#breadcrumb\",\"itemListElement\":[{\"@type\":\"ListItem\",\"position\":1,\"name\":\"Inici\",\"item\":\"https:\/\/www.siau.cat\/\"},{\"@type\":\"ListItem\",\"position\":2,\"name\":\"Els processos d&#8217;estabilitzaci\u00f3, un nyap i negoci rod\u00f3 del PSIB-PSOE\"}]},{\"@type\":\"WebSite\",\"@id\":\"https:\/\/www.siau.cat\/#website\",\"url\":\"https:\/\/www.siau.cat\/\",\"name\":\"SIAU - SINDICAT INDEPENDENT, AUT\u00d2NOM I UNITARI\",\"description\":\"Ara s&iacute; que tenim la veu\",\"publisher\":{\"@id\":\"https:\/\/www.siau.cat\/#organization\"},\"potentialAction\":[{\"@type\":\"SearchAction\",\"target\":{\"@type\":\"EntryPoint\",\"urlTemplate\":\"https:\/\/www.siau.cat\/?s={search_term_string}\"},\"query-input\":{\"@type\":\"PropertyValueSpecification\",\"valueRequired\":true,\"valueName\":\"search_term_string\"}}],\"inLanguage\":\"ca\"},{\"@type\":\"Organization\",\"@id\":\"https:\/\/www.siau.cat\/#organization\",\"name\":\"SIAU\",\"url\":\"https:\/\/www.siau.cat\/\",\"logo\":{\"@type\":\"ImageObject\",\"inLanguage\":\"ca\",\"@id\":\"https:\/\/www.siau.cat\/#\/schema\/logo\/image\/\",\"url\":\"https:\/\/www.siau.cat\/wp-content\/uploads\/2022\/03\/cropped-resized_LOGO-SIAU-5-e1652020847972.jpg\",\"contentUrl\":\"https:\/\/www.siau.cat\/wp-content\/uploads\/2022\/03\/cropped-resized_LOGO-SIAU-5-e1652020847972.jpg\",\"width\":1600,\"height\":1200,\"caption\":\"SIAU\"},\"image\":{\"@id\":\"https:\/\/www.siau.cat\/#\/schema\/logo\/image\/\"}},{\"@type\":\"Person\",\"@id\":\"https:\/\/www.siau.cat\/#\/schema\/person\/810c15694a7e538934bb4be53ebcba0d\",\"name\":\"admin\",\"image\":{\"@type\":\"ImageObject\",\"inLanguage\":\"ca\",\"@id\":\"https:\/\/www.siau.cat\/#\/schema\/person\/image\/\",\"url\":\"https:\/\/www.siau.cat\/wp-content\/litespeed\/avatar\/d73ebfac3daa0b52552b2ccea63469da.jpg?ver=1777403609\",\"contentUrl\":\"https:\/\/www.siau.cat\/wp-content\/litespeed\/avatar\/d73ebfac3daa0b52552b2ccea63469da.jpg?ver=1777403609\",\"caption\":\"admin\"},\"sameAs\":[\"https:\/\/www.siau.cat\"],\"url\":\"https:\/\/www.siau.cat\/index.php\/author\/admin\/\"}]}<\/script>\n<!-- \/ Yoast SEO plugin. -->","yoast_head_json":{"title":"Els processos d'estabilitzaci\u00f3, un nyap i negoci rod\u00f3 del PSIB-PSOE &#8212; SIAU - SINDICAT INDEPENDENT, AUT\u00d2NOM I UNITARI","robots":{"index":"index","follow":"follow","max-snippet":"max-snippet:-1","max-image-preview":"max-image-preview:large","max-video-preview":"max-video-preview:-1"},"canonical":"https:\/\/www.siau.cat\/index.php\/2023\/01\/18\/els-processos-destabilitzacio-un-nyap-i-negoci-rodo-del-psib-psoe\/","og_locale":"ca_ES","og_type":"article","og_title":"Els processos d'estabilitzaci\u00f3, un nyap i negoci rod\u00f3 del PSIB-PSOE &#8212; SIAU - SINDICAT INDEPENDENT, AUT\u00d2NOM I UNITARI","og_description":"En els processos d\u2019estabilitzaci\u00f3 que estan tenint lloc observam situacions esperp\u00e8ntiques que demostren que el partit pol\u00edtic que est\u00e0 al capdavant de la Conselleria d\u2019Educaci\u00f3 i del Ministerio de Educaci\u00f3n, que \u00e9s el mateix, dif\u00edcilment podria haver-ho gestionat pitjor. Respecte al concurs han fet un negoci rod\u00f3, ja que les m\u00e9s de 13.000 sol\u00b7licituds presentades &hellip; Continua llegint \u00abEls processos d&#8217;estabilitzaci\u00f3, un nyap i negoci rod\u00f3 del PSIB-PSOE\u00bb","og_url":"https:\/\/www.siau.cat\/index.php\/2023\/01\/18\/els-processos-destabilitzacio-un-nyap-i-negoci-rodo-del-psib-psoe\/","og_site_name":"SIAU - SINDICAT INDEPENDENT, AUT\u00d2NOM I UNITARI","article_published_time":"2023-01-18T11:06:52+00:00","article_modified_time":"2023-01-18T11:06:54+00:00","og_image":[{"url":"https:\/\/www.siau.cat\/wp-content\/uploads\/2023\/01\/nyap-i-negoci-1024x1024.png","type":"","width":"","height":""}],"author":"admin","twitter_card":"summary_large_image","twitter_misc":{"Escrit per":"admin","Temps estimat de lectura":"3 minuts"},"schema":{"@context":"https:\/\/schema.org","@graph":[{"@type":"Article","@id":"https:\/\/www.siau.cat\/index.php\/2023\/01\/18\/els-processos-destabilitzacio-un-nyap-i-negoci-rodo-del-psib-psoe\/#article","isPartOf":{"@id":"https:\/\/www.siau.cat\/index.php\/2023\/01\/18\/els-processos-destabilitzacio-un-nyap-i-negoci-rodo-del-psib-psoe\/"},"author":{"name":"admin","@id":"https:\/\/www.siau.cat\/#\/schema\/person\/810c15694a7e538934bb4be53ebcba0d"},"headline":"Els processos d&#8217;estabilitzaci\u00f3, un nyap i negoci rod\u00f3 del PSIB-PSOE","datePublished":"2023-01-18T11:06:52+00:00","dateModified":"2023-01-18T11:06:54+00:00","mainEntityOfPage":{"@id":"https:\/\/www.siau.cat\/index.php\/2023\/01\/18\/els-processos-destabilitzacio-un-nyap-i-negoci-rodo-del-psib-psoe\/"},"wordCount":560,"publisher":{"@id":"https:\/\/www.siau.cat\/#organization"},"image":{"@id":"https:\/\/www.siau.cat\/index.php\/2023\/01\/18\/els-processos-destabilitzacio-un-nyap-i-negoci-rodo-del-psib-psoe\/#primaryimage"},"thumbnailUrl":"https:\/\/www.siau.cat\/wp-content\/uploads\/2023\/01\/nyap-i-negoci-1024x1024.png","articleSection":["Uncategorized"],"inLanguage":"ca"},{"@type":"WebPage","@id":"https:\/\/www.siau.cat\/index.php\/2023\/01\/18\/els-processos-destabilitzacio-un-nyap-i-negoci-rodo-del-psib-psoe\/","url":"https:\/\/www.siau.cat\/index.php\/2023\/01\/18\/els-processos-destabilitzacio-un-nyap-i-negoci-rodo-del-psib-psoe\/","name":"Els processos d'estabilitzaci\u00f3, un nyap i negoci rod\u00f3 del PSIB-PSOE &#8212; SIAU - SINDICAT INDEPENDENT, AUT\u00d2NOM I UNITARI","isPartOf":{"@id":"https:\/\/www.siau.cat\/#website"},"primaryImageOfPage":{"@id":"https:\/\/www.siau.cat\/index.php\/2023\/01\/18\/els-processos-destabilitzacio-un-nyap-i-negoci-rodo-del-psib-psoe\/#primaryimage"},"image":{"@id":"https:\/\/www.siau.cat\/index.php\/2023\/01\/18\/els-processos-destabilitzacio-un-nyap-i-negoci-rodo-del-psib-psoe\/#primaryimage"},"thumbnailUrl":"https:\/\/www.siau.cat\/wp-content\/uploads\/2023\/01\/nyap-i-negoci-1024x1024.png","datePublished":"2023-01-18T11:06:52+00:00","dateModified":"2023-01-18T11:06:54+00:00","breadcrumb":{"@id":"https:\/\/www.siau.cat\/index.php\/2023\/01\/18\/els-processos-destabilitzacio-un-nyap-i-negoci-rodo-del-psib-psoe\/#breadcrumb"},"inLanguage":"ca","potentialAction":[{"@type":"ReadAction","target":["https:\/\/www.siau.cat\/index.php\/2023\/01\/18\/els-processos-destabilitzacio-un-nyap-i-negoci-rodo-del-psib-psoe\/"]}]},{"@type":"ImageObject","inLanguage":"ca","@id":"https:\/\/www.siau.cat\/index.php\/2023\/01\/18\/els-processos-destabilitzacio-un-nyap-i-negoci-rodo-del-psib-psoe\/#primaryimage","url":"https:\/\/www.siau.cat\/wp-content\/uploads\/2023\/01\/nyap-i-negoci.png","contentUrl":"https:\/\/www.siau.cat\/wp-content\/uploads\/2023\/01\/nyap-i-negoci.png","width":1200,"height":1200},{"@type":"BreadcrumbList","@id":"https:\/\/www.siau.cat\/index.php\/2023\/01\/18\/els-processos-destabilitzacio-un-nyap-i-negoci-rodo-del-psib-psoe\/#breadcrumb","itemListElement":[{"@type":"ListItem","position":1,"name":"Inici","item":"https:\/\/www.siau.cat\/"},{"@type":"ListItem","position":2,"name":"Els processos d&#8217;estabilitzaci\u00f3, un nyap i negoci rod\u00f3 del PSIB-PSOE"}]},{"@type":"WebSite","@id":"https:\/\/www.siau.cat\/#website","url":"https:\/\/www.siau.cat\/","name":"SIAU - SINDICAT INDEPENDENT, AUT\u00d2NOM I UNITARI","description":"Ara s&iacute; que tenim la veu","publisher":{"@id":"https:\/\/www.siau.cat\/#organization"},"potentialAction":[{"@type":"SearchAction","target":{"@type":"EntryPoint","urlTemplate":"https:\/\/www.siau.cat\/?s={search_term_string}"},"query-input":{"@type":"PropertyValueSpecification","valueRequired":true,"valueName":"search_term_string"}}],"inLanguage":"ca"},{"@type":"Organization","@id":"https:\/\/www.siau.cat\/#organization","name":"SIAU","url":"https:\/\/www.siau.cat\/","logo":{"@type":"ImageObject","inLanguage":"ca","@id":"https:\/\/www.siau.cat\/#\/schema\/logo\/image\/","url":"https:\/\/www.siau.cat\/wp-content\/uploads\/2022\/03\/cropped-resized_LOGO-SIAU-5-e1652020847972.jpg","contentUrl":"https:\/\/www.siau.cat\/wp-content\/uploads\/2022\/03\/cropped-resized_LOGO-SIAU-5-e1652020847972.jpg","width":1600,"height":1200,"caption":"SIAU"},"image":{"@id":"https:\/\/www.siau.cat\/#\/schema\/logo\/image\/"}},{"@type":"Person","@id":"https:\/\/www.siau.cat\/#\/schema\/person\/810c15694a7e538934bb4be53ebcba0d","name":"admin","image":{"@type":"ImageObject","inLanguage":"ca","@id":"https:\/\/www.siau.cat\/#\/schema\/person\/image\/","url":"https:\/\/www.siau.cat\/wp-content\/litespeed\/avatar\/d73ebfac3daa0b52552b2ccea63469da.jpg?ver=1777403609","contentUrl":"https:\/\/www.siau.cat\/wp-content\/litespeed\/avatar\/d73ebfac3daa0b52552b2ccea63469da.jpg?ver=1777403609","caption":"admin"},"sameAs":["https:\/\/www.siau.cat"],"url":"https:\/\/www.siau.cat\/index.php\/author\/admin\/"}]}},"jetpack_featured_media_url":"","jetpack_sharing_enabled":true,"_links":{"self":[{"href":"https:\/\/www.siau.cat\/index.php\/wp-json\/wp\/v2\/posts\/605","targetHints":{"allow":["GET"]}}],"collection":[{"href":"https:\/\/www.siau.cat\/index.php\/wp-json\/wp\/v2\/posts"}],"about":[{"href":"https:\/\/www.siau.cat\/index.php\/wp-json\/wp\/v2\/types\/post"}],"author":[{"embeddable":true,"href":"https:\/\/www.siau.cat\/index.php\/wp-json\/wp\/v2\/users\/1"}],"replies":[{"embeddable":true,"href":"https:\/\/www.siau.cat\/index.php\/wp-json\/wp\/v2\/comments?post=605"}],"version-history":[{"count":1,"href":"https:\/\/www.siau.cat\/index.php\/wp-json\/wp\/v2\/posts\/605\/revisions"}],"predecessor-version":[{"id":607,"href":"https:\/\/www.siau.cat\/index.php\/wp-json\/wp\/v2\/posts\/605\/revisions\/607"}],"wp:attachment":[{"href":"https:\/\/www.siau.cat\/index.php\/wp-json\/wp\/v2\/media?parent=605"}],"wp:term":[{"taxonomy":"category","embeddable":true,"href":"https:\/\/www.siau.cat\/index.php\/wp-json\/wp\/v2\/categories?post=605"},{"taxonomy":"post_tag","embeddable":true,"href":"https:\/\/www.siau.cat\/index.php\/wp-json\/wp\/v2\/tags?post=605"}],"curies":[{"name":"wp","href":"https:\/\/api.w.org\/{rel}","templated":true}]}}