{"id":643,"date":"2023-02-05T18:21:36","date_gmt":"2023-02-05T18:21:36","guid":{"rendered":"https:\/\/www.siau.cat\/?p=643"},"modified":"2023-02-05T18:21:38","modified_gmt":"2023-02-05T18:21:38","slug":"siau-no-soblida-del-professorat-tecnic-dfp-que-han-tret-al-carrer","status":"publish","type":"post","link":"https:\/\/www.siau.cat\/index.php\/2023\/02\/05\/siau-no-soblida-del-professorat-tecnic-dfp-que-han-tret-al-carrer\/","title":{"rendered":"SIAU no s&#8217;oblida del professorat t\u00e8cnic d&#8217;FP que han tret al carrer"},"content":{"rendered":"\n<figure class=\"wp-block-image size-large\"><img loading=\"lazy\" decoding=\"async\" width=\"1024\" height=\"1024\" src=\"https:\/\/www.siau.cat\/wp-content\/uploads\/2023\/02\/zero-empatia-1024x1024.png\" alt=\"\" class=\"wp-image-644\" srcset=\"https:\/\/www.siau.cat\/wp-content\/uploads\/2023\/02\/zero-empatia-1024x1024.png 1024w, https:\/\/www.siau.cat\/wp-content\/uploads\/2023\/02\/zero-empatia-250x250.png 250w, https:\/\/www.siau.cat\/wp-content\/uploads\/2023\/02\/zero-empatia-100x100.png 100w, https:\/\/www.siau.cat\/wp-content\/uploads\/2023\/02\/zero-empatia-350x350.png 350w, https:\/\/www.siau.cat\/wp-content\/uploads\/2023\/02\/zero-empatia-300x300.png 300w, https:\/\/www.siau.cat\/wp-content\/uploads\/2023\/02\/zero-empatia-150x150.png 150w, https:\/\/www.siau.cat\/wp-content\/uploads\/2023\/02\/zero-empatia-768x768.png 768w, https:\/\/www.siau.cat\/wp-content\/uploads\/2023\/02\/zero-empatia-24x24.png 24w, https:\/\/www.siau.cat\/wp-content\/uploads\/2023\/02\/zero-empatia-36x36.png 36w, https:\/\/www.siau.cat\/wp-content\/uploads\/2023\/02\/zero-empatia-48x48.png 48w, https:\/\/www.siau.cat\/wp-content\/uploads\/2023\/02\/zero-empatia.png 1126w\" sizes=\"auto, (max-width: 767px) 89vw, (max-width: 1000px) 54vw, (max-width: 1071px) 543px, 580px\" \/><\/figure>\n\n\n\n<p class=\"has-text-align-justify\">Aviat es complir\u00e0 mig any d\u2019en\u00e7\u00e0&nbsp;que els responsables pol\u00edtics de la Conselleria d\u2019Educaci\u00f3 varen decidir enviar al carrer&nbsp;un grup considerable de&nbsp;docents&nbsp;despr\u00e9s de d\u00e8cades de&nbsp;prestar&nbsp;servei.&nbsp;El motiu al\u00b7legat era que deixaven de tenir la titulaci\u00f3 adient.&nbsp;Mentrestant,&nbsp;altres autonomies&nbsp;permetien&nbsp;que aquests docents, pocs anys&nbsp;abans&nbsp;de la&nbsp;seva&nbsp;jubilaci\u00f3, continuessin exercint.&nbsp;Tot el contrari que a Balears que,&nbsp;en&nbsp;una mostra m\u00e9s de manca d\u2019empatia&nbsp;i humanitat,&nbsp;s\u2019optava perfer una escabetxina i deixar-los&nbsp;tots&nbsp;fora del sistema.&nbsp;Afegir tamb\u00e9 que ara ens&nbsp;trobam amb&nbsp;centres educatius&nbsp;del nostre territori,&nbsp;com el&nbsp;CIFP&nbsp;Pau&nbsp;Casesnoves, on hi ha&nbsp;alumnat&nbsp;fora&nbsp;professorat, per falta de titulats. Van passant les setmanes iobservam que&nbsp;l\u2019administraci\u00f3 no hi posa&nbsp;remei.&nbsp;No veim gaire sentit a voler tenir&nbsp;alumnat d\u2019FP sense classes i, al mateix temps, professorat d\u2019aquestes especialitats&nbsp;al carrer.&nbsp;<\/p>\n\n\n\n<p class=\"has-text-align-justify\">Des del sindicat&nbsp;som conscients&nbsp;que&nbsp;aquests docents&nbsp;han&nbsp;de fer front a diverses&nbsp;c\u00e0rregues o&nbsp;responsabilitats: fam\u00edlia, hipoteques, pr\u00e9stecs&#8230;&nbsp;Tristament, sembla que als&nbsp;representants&nbsp;de Conselleria&nbsp;aix\u00f2 els importi poc.&nbsp;No podem deixar de fer-nos&nbsp;la seg\u00fcent pregunta: per qu\u00e8 durant&nbsp;les darreres&nbsp;d\u00e8cades aquestes persones han servit per exercir doc\u00e8ncia i&nbsp;d\u2019un dia per l\u2019altre&nbsp;ja no serveixen?&nbsp;Consideram que si durant d\u00e8cades han servit per treballar, tamb\u00e9 haurien de servir&nbsp;ara (almenys fins a la data de&nbsp;la seva&nbsp;jubilaci\u00f3).&nbsp;\u00c9s indigne com s\u2019ha tractat&nbsp;a&nbsp;tots aquests professionals&nbsp;en el nostre territori. Com tamb\u00e9 \u00e9s indigne que&nbsp;la Conselleria estigui informada que&nbsp;altres autonomies les han&nbsp;mantingut en el seu lloc de treball&nbsp;i&nbsp;aqu\u00ed hagin fet&nbsp;tot el contrari.&nbsp;Demanam tenir&nbsp;una mica d\u2019empatia, posar-se a&nbsp;la pell dels altres,&nbsp;dels m\u00e9s indefensos.&nbsp;<\/p>\n\n\n\n<p class=\"has-text-align-justify\">Constatada la discriminaci\u00f3&nbsp;que han patit aquests professionals,&nbsp;hem&nbsp;decidit explorar&nbsp;altres alternatives. En tot cas, us mantindrem informats de les passes que&nbsp;anem realitzant&nbsp;i&nbsp;dels resultats que se\u2019n derivin.&nbsp;Nosaltres no&nbsp;ens donarem per ven\u00e7uts.<\/p>\n","protected":false},"excerpt":{"rendered":"<p>Aviat es complir\u00e0 mig any d\u2019en\u00e7\u00e0&nbsp;que els responsables pol\u00edtics de la Conselleria d\u2019Educaci\u00f3 varen decidir enviar al carrer&nbsp;un grup considerable de&nbsp;docents&nbsp;despr\u00e9s de d\u00e8cades de&nbsp;prestar&nbsp;servei.&nbsp;El motiu al\u00b7legat era que deixaven de tenir la titulaci\u00f3 adient.&nbsp;Mentrestant,&nbsp;altres autonomies&nbsp;permetien&nbsp;que aquests docents, pocs anys&nbsp;abans&nbsp;de la&nbsp;seva&nbsp;jubilaci\u00f3, continuessin exercint.&nbsp;Tot el contrari que a Balears que,&nbsp;en&nbsp;una mostra m\u00e9s de manca d\u2019empatia&nbsp;i humanitat,&nbsp;s\u2019optava perfer &hellip; <\/p>\n<p class=\"link-more\"><a href=\"https:\/\/www.siau.cat\/index.php\/2023\/02\/05\/siau-no-soblida-del-professorat-tecnic-dfp-que-han-tret-al-carrer\/\" class=\"more-link\">Continua llegint <span class=\"screen-reader-text\">\u00abSIAU no s&#8217;oblida del professorat t\u00e8cnic d&#8217;FP que han tret al carrer\u00bb<\/span><\/a><\/p>\n","protected":false},"author":1,"featured_media":0,"comment_status":"closed","ping_status":"open","sticky":false,"template":"","format":"standard","meta":{"_jetpack_memberships_contains_paid_content":false,"footnotes":""},"categories":[1],"tags":[],"class_list":["post-643","post","type-post","status-publish","format-standard","hentry","category-uncategorized"],"yoast_head":"<!-- This site is optimized with the Yoast SEO plugin v25.4 - https:\/\/yoast.com\/wordpress\/plugins\/seo\/ -->\n<title>SIAU no s&#039;oblida del professorat t\u00e8cnic d&#039;FP que han tret al carrer &#8212; SIAU - SINDICAT INDEPENDENT, AUT\u00d2NOM I UNITARI<\/title>\n<meta name=\"robots\" content=\"index, follow, max-snippet:-1, max-image-preview:large, max-video-preview:-1\" \/>\n<link rel=\"canonical\" href=\"https:\/\/www.siau.cat\/index.php\/2023\/02\/05\/siau-no-soblida-del-professorat-tecnic-dfp-que-han-tret-al-carrer\/\" \/>\n<meta property=\"og:locale\" content=\"ca_ES\" \/>\n<meta property=\"og:type\" content=\"article\" \/>\n<meta property=\"og:title\" content=\"SIAU no s&#039;oblida del professorat t\u00e8cnic d&#039;FP que han tret al carrer &#8212; SIAU - SINDICAT INDEPENDENT, AUT\u00d2NOM I UNITARI\" \/>\n<meta property=\"og:description\" content=\"Aviat es complir\u00e0 mig any d\u2019en\u00e7\u00e0&nbsp;que els responsables pol\u00edtics de la Conselleria d\u2019Educaci\u00f3 varen decidir enviar al carrer&nbsp;un grup considerable de&nbsp;docents&nbsp;despr\u00e9s de d\u00e8cades de&nbsp;prestar&nbsp;servei.&nbsp;El motiu al\u00b7legat era que deixaven de tenir la titulaci\u00f3 adient.&nbsp;Mentrestant,&nbsp;altres autonomies&nbsp;permetien&nbsp;que aquests docents, pocs anys&nbsp;abans&nbsp;de la&nbsp;seva&nbsp;jubilaci\u00f3, continuessin exercint.&nbsp;Tot el contrari que a Balears que,&nbsp;en&nbsp;una mostra m\u00e9s de manca d\u2019empatia&nbsp;i humanitat,&nbsp;s\u2019optava perfer &hellip; Continua llegint \u00abSIAU no s&#8217;oblida del professorat t\u00e8cnic d&#8217;FP que han tret al carrer\u00bb\" \/>\n<meta property=\"og:url\" content=\"https:\/\/www.siau.cat\/index.php\/2023\/02\/05\/siau-no-soblida-del-professorat-tecnic-dfp-que-han-tret-al-carrer\/\" \/>\n<meta property=\"og:site_name\" content=\"SIAU - SINDICAT INDEPENDENT, AUT\u00d2NOM I UNITARI\" \/>\n<meta property=\"article:published_time\" content=\"2023-02-05T18:21:36+00:00\" \/>\n<meta property=\"article:modified_time\" content=\"2023-02-05T18:21:38+00:00\" \/>\n<meta property=\"og:image\" content=\"https:\/\/www.siau.cat\/wp-content\/uploads\/2023\/02\/zero-empatia-1024x1024.png\" \/>\n<meta name=\"author\" content=\"admin\" \/>\n<meta name=\"twitter:card\" content=\"summary_large_image\" \/>\n<meta name=\"twitter:label1\" content=\"Escrit per\" \/>\n\t<meta name=\"twitter:data1\" content=\"admin\" \/>\n\t<meta name=\"twitter:label2\" content=\"Temps estimat de lectura\" \/>\n\t<meta name=\"twitter:data2\" content=\"2 minuts\" \/>\n<script type=\"application\/ld+json\" class=\"yoast-schema-graph\">{\"@context\":\"https:\/\/schema.org\",\"@graph\":[{\"@type\":\"Article\",\"@id\":\"https:\/\/www.siau.cat\/index.php\/2023\/02\/05\/siau-no-soblida-del-professorat-tecnic-dfp-que-han-tret-al-carrer\/#article\",\"isPartOf\":{\"@id\":\"https:\/\/www.siau.cat\/index.php\/2023\/02\/05\/siau-no-soblida-del-professorat-tecnic-dfp-que-han-tret-al-carrer\/\"},\"author\":{\"name\":\"admin\",\"@id\":\"https:\/\/www.siau.cat\/#\/schema\/person\/810c15694a7e538934bb4be53ebcba0d\"},\"headline\":\"SIAU no s&#8217;oblida del professorat t\u00e8cnic d&#8217;FP que han tret al carrer\",\"datePublished\":\"2023-02-05T18:21:36+00:00\",\"dateModified\":\"2023-02-05T18:21:38+00:00\",\"mainEntityOfPage\":{\"@id\":\"https:\/\/www.siau.cat\/index.php\/2023\/02\/05\/siau-no-soblida-del-professorat-tecnic-dfp-que-han-tret-al-carrer\/\"},\"wordCount\":441,\"publisher\":{\"@id\":\"https:\/\/www.siau.cat\/#organization\"},\"image\":{\"@id\":\"https:\/\/www.siau.cat\/index.php\/2023\/02\/05\/siau-no-soblida-del-professorat-tecnic-dfp-que-han-tret-al-carrer\/#primaryimage\"},\"thumbnailUrl\":\"https:\/\/www.siau.cat\/wp-content\/uploads\/2023\/02\/zero-empatia-1024x1024.png\",\"articleSection\":[\"Uncategorized\"],\"inLanguage\":\"ca\"},{\"@type\":\"WebPage\",\"@id\":\"https:\/\/www.siau.cat\/index.php\/2023\/02\/05\/siau-no-soblida-del-professorat-tecnic-dfp-que-han-tret-al-carrer\/\",\"url\":\"https:\/\/www.siau.cat\/index.php\/2023\/02\/05\/siau-no-soblida-del-professorat-tecnic-dfp-que-han-tret-al-carrer\/\",\"name\":\"SIAU no s'oblida del professorat t\u00e8cnic d'FP que han tret al carrer &#8212; SIAU - SINDICAT INDEPENDENT, AUT\u00d2NOM I UNITARI\",\"isPartOf\":{\"@id\":\"https:\/\/www.siau.cat\/#website\"},\"primaryImageOfPage\":{\"@id\":\"https:\/\/www.siau.cat\/index.php\/2023\/02\/05\/siau-no-soblida-del-professorat-tecnic-dfp-que-han-tret-al-carrer\/#primaryimage\"},\"image\":{\"@id\":\"https:\/\/www.siau.cat\/index.php\/2023\/02\/05\/siau-no-soblida-del-professorat-tecnic-dfp-que-han-tret-al-carrer\/#primaryimage\"},\"thumbnailUrl\":\"https:\/\/www.siau.cat\/wp-content\/uploads\/2023\/02\/zero-empatia-1024x1024.png\",\"datePublished\":\"2023-02-05T18:21:36+00:00\",\"dateModified\":\"2023-02-05T18:21:38+00:00\",\"breadcrumb\":{\"@id\":\"https:\/\/www.siau.cat\/index.php\/2023\/02\/05\/siau-no-soblida-del-professorat-tecnic-dfp-que-han-tret-al-carrer\/#breadcrumb\"},\"inLanguage\":\"ca\",\"potentialAction\":[{\"@type\":\"ReadAction\",\"target\":[\"https:\/\/www.siau.cat\/index.php\/2023\/02\/05\/siau-no-soblida-del-professorat-tecnic-dfp-que-han-tret-al-carrer\/\"]}]},{\"@type\":\"ImageObject\",\"inLanguage\":\"ca\",\"@id\":\"https:\/\/www.siau.cat\/index.php\/2023\/02\/05\/siau-no-soblida-del-professorat-tecnic-dfp-que-han-tret-al-carrer\/#primaryimage\",\"url\":\"https:\/\/www.siau.cat\/wp-content\/uploads\/2023\/02\/zero-empatia.png\",\"contentUrl\":\"https:\/\/www.siau.cat\/wp-content\/uploads\/2023\/02\/zero-empatia.png\",\"width\":1126,\"height\":1126},{\"@type\":\"BreadcrumbList\",\"@id\":\"https:\/\/www.siau.cat\/index.php\/2023\/02\/05\/siau-no-soblida-del-professorat-tecnic-dfp-que-han-tret-al-carrer\/#breadcrumb\",\"itemListElement\":[{\"@type\":\"ListItem\",\"position\":1,\"name\":\"Inici\",\"item\":\"https:\/\/www.siau.cat\/\"},{\"@type\":\"ListItem\",\"position\":2,\"name\":\"SIAU no s&#8217;oblida del professorat t\u00e8cnic d&#8217;FP que han tret al carrer\"}]},{\"@type\":\"WebSite\",\"@id\":\"https:\/\/www.siau.cat\/#website\",\"url\":\"https:\/\/www.siau.cat\/\",\"name\":\"SIAU - SINDICAT INDEPENDENT, AUT\u00d2NOM I UNITARI\",\"description\":\"Ara s&iacute; que tenim la veu\",\"publisher\":{\"@id\":\"https:\/\/www.siau.cat\/#organization\"},\"potentialAction\":[{\"@type\":\"SearchAction\",\"target\":{\"@type\":\"EntryPoint\",\"urlTemplate\":\"https:\/\/www.siau.cat\/?s={search_term_string}\"},\"query-input\":{\"@type\":\"PropertyValueSpecification\",\"valueRequired\":true,\"valueName\":\"search_term_string\"}}],\"inLanguage\":\"ca\"},{\"@type\":\"Organization\",\"@id\":\"https:\/\/www.siau.cat\/#organization\",\"name\":\"SIAU\",\"url\":\"https:\/\/www.siau.cat\/\",\"logo\":{\"@type\":\"ImageObject\",\"inLanguage\":\"ca\",\"@id\":\"https:\/\/www.siau.cat\/#\/schema\/logo\/image\/\",\"url\":\"https:\/\/www.siau.cat\/wp-content\/uploads\/2022\/03\/cropped-resized_LOGO-SIAU-5-e1652020847972.jpg\",\"contentUrl\":\"https:\/\/www.siau.cat\/wp-content\/uploads\/2022\/03\/cropped-resized_LOGO-SIAU-5-e1652020847972.jpg\",\"width\":1600,\"height\":1200,\"caption\":\"SIAU\"},\"image\":{\"@id\":\"https:\/\/www.siau.cat\/#\/schema\/logo\/image\/\"}},{\"@type\":\"Person\",\"@id\":\"https:\/\/www.siau.cat\/#\/schema\/person\/810c15694a7e538934bb4be53ebcba0d\",\"name\":\"admin\",\"image\":{\"@type\":\"ImageObject\",\"inLanguage\":\"ca\",\"@id\":\"https:\/\/www.siau.cat\/#\/schema\/person\/image\/\",\"url\":\"https:\/\/www.siau.cat\/wp-content\/litespeed\/avatar\/d73ebfac3daa0b52552b2ccea63469da.jpg?ver=1777403609\",\"contentUrl\":\"https:\/\/www.siau.cat\/wp-content\/litespeed\/avatar\/d73ebfac3daa0b52552b2ccea63469da.jpg?ver=1777403609\",\"caption\":\"admin\"},\"sameAs\":[\"https:\/\/www.siau.cat\"],\"url\":\"https:\/\/www.siau.cat\/index.php\/author\/admin\/\"}]}<\/script>\n<!-- \/ Yoast SEO plugin. -->","yoast_head_json":{"title":"SIAU no s'oblida del professorat t\u00e8cnic d'FP que han tret al carrer &#8212; SIAU - SINDICAT INDEPENDENT, AUT\u00d2NOM I UNITARI","robots":{"index":"index","follow":"follow","max-snippet":"max-snippet:-1","max-image-preview":"max-image-preview:large","max-video-preview":"max-video-preview:-1"},"canonical":"https:\/\/www.siau.cat\/index.php\/2023\/02\/05\/siau-no-soblida-del-professorat-tecnic-dfp-que-han-tret-al-carrer\/","og_locale":"ca_ES","og_type":"article","og_title":"SIAU no s'oblida del professorat t\u00e8cnic d'FP que han tret al carrer &#8212; SIAU - SINDICAT INDEPENDENT, AUT\u00d2NOM I UNITARI","og_description":"Aviat es complir\u00e0 mig any d\u2019en\u00e7\u00e0&nbsp;que els responsables pol\u00edtics de la Conselleria d\u2019Educaci\u00f3 varen decidir enviar al carrer&nbsp;un grup considerable de&nbsp;docents&nbsp;despr\u00e9s de d\u00e8cades de&nbsp;prestar&nbsp;servei.&nbsp;El motiu al\u00b7legat era que deixaven de tenir la titulaci\u00f3 adient.&nbsp;Mentrestant,&nbsp;altres autonomies&nbsp;permetien&nbsp;que aquests docents, pocs anys&nbsp;abans&nbsp;de la&nbsp;seva&nbsp;jubilaci\u00f3, continuessin exercint.&nbsp;Tot el contrari que a Balears que,&nbsp;en&nbsp;una mostra m\u00e9s de manca d\u2019empatia&nbsp;i humanitat,&nbsp;s\u2019optava perfer &hellip; Continua llegint \u00abSIAU no s&#8217;oblida del professorat t\u00e8cnic d&#8217;FP que han tret al carrer\u00bb","og_url":"https:\/\/www.siau.cat\/index.php\/2023\/02\/05\/siau-no-soblida-del-professorat-tecnic-dfp-que-han-tret-al-carrer\/","og_site_name":"SIAU - SINDICAT INDEPENDENT, AUT\u00d2NOM I UNITARI","article_published_time":"2023-02-05T18:21:36+00:00","article_modified_time":"2023-02-05T18:21:38+00:00","og_image":[{"url":"https:\/\/www.siau.cat\/wp-content\/uploads\/2023\/02\/zero-empatia-1024x1024.png","type":"","width":"","height":""}],"author":"admin","twitter_card":"summary_large_image","twitter_misc":{"Escrit per":"admin","Temps estimat de lectura":"2 minuts"},"schema":{"@context":"https:\/\/schema.org","@graph":[{"@type":"Article","@id":"https:\/\/www.siau.cat\/index.php\/2023\/02\/05\/siau-no-soblida-del-professorat-tecnic-dfp-que-han-tret-al-carrer\/#article","isPartOf":{"@id":"https:\/\/www.siau.cat\/index.php\/2023\/02\/05\/siau-no-soblida-del-professorat-tecnic-dfp-que-han-tret-al-carrer\/"},"author":{"name":"admin","@id":"https:\/\/www.siau.cat\/#\/schema\/person\/810c15694a7e538934bb4be53ebcba0d"},"headline":"SIAU no s&#8217;oblida del professorat t\u00e8cnic d&#8217;FP que han tret al carrer","datePublished":"2023-02-05T18:21:36+00:00","dateModified":"2023-02-05T18:21:38+00:00","mainEntityOfPage":{"@id":"https:\/\/www.siau.cat\/index.php\/2023\/02\/05\/siau-no-soblida-del-professorat-tecnic-dfp-que-han-tret-al-carrer\/"},"wordCount":441,"publisher":{"@id":"https:\/\/www.siau.cat\/#organization"},"image":{"@id":"https:\/\/www.siau.cat\/index.php\/2023\/02\/05\/siau-no-soblida-del-professorat-tecnic-dfp-que-han-tret-al-carrer\/#primaryimage"},"thumbnailUrl":"https:\/\/www.siau.cat\/wp-content\/uploads\/2023\/02\/zero-empatia-1024x1024.png","articleSection":["Uncategorized"],"inLanguage":"ca"},{"@type":"WebPage","@id":"https:\/\/www.siau.cat\/index.php\/2023\/02\/05\/siau-no-soblida-del-professorat-tecnic-dfp-que-han-tret-al-carrer\/","url":"https:\/\/www.siau.cat\/index.php\/2023\/02\/05\/siau-no-soblida-del-professorat-tecnic-dfp-que-han-tret-al-carrer\/","name":"SIAU no s'oblida del professorat t\u00e8cnic d'FP que han tret al carrer &#8212; SIAU - SINDICAT INDEPENDENT, AUT\u00d2NOM I UNITARI","isPartOf":{"@id":"https:\/\/www.siau.cat\/#website"},"primaryImageOfPage":{"@id":"https:\/\/www.siau.cat\/index.php\/2023\/02\/05\/siau-no-soblida-del-professorat-tecnic-dfp-que-han-tret-al-carrer\/#primaryimage"},"image":{"@id":"https:\/\/www.siau.cat\/index.php\/2023\/02\/05\/siau-no-soblida-del-professorat-tecnic-dfp-que-han-tret-al-carrer\/#primaryimage"},"thumbnailUrl":"https:\/\/www.siau.cat\/wp-content\/uploads\/2023\/02\/zero-empatia-1024x1024.png","datePublished":"2023-02-05T18:21:36+00:00","dateModified":"2023-02-05T18:21:38+00:00","breadcrumb":{"@id":"https:\/\/www.siau.cat\/index.php\/2023\/02\/05\/siau-no-soblida-del-professorat-tecnic-dfp-que-han-tret-al-carrer\/#breadcrumb"},"inLanguage":"ca","potentialAction":[{"@type":"ReadAction","target":["https:\/\/www.siau.cat\/index.php\/2023\/02\/05\/siau-no-soblida-del-professorat-tecnic-dfp-que-han-tret-al-carrer\/"]}]},{"@type":"ImageObject","inLanguage":"ca","@id":"https:\/\/www.siau.cat\/index.php\/2023\/02\/05\/siau-no-soblida-del-professorat-tecnic-dfp-que-han-tret-al-carrer\/#primaryimage","url":"https:\/\/www.siau.cat\/wp-content\/uploads\/2023\/02\/zero-empatia.png","contentUrl":"https:\/\/www.siau.cat\/wp-content\/uploads\/2023\/02\/zero-empatia.png","width":1126,"height":1126},{"@type":"BreadcrumbList","@id":"https:\/\/www.siau.cat\/index.php\/2023\/02\/05\/siau-no-soblida-del-professorat-tecnic-dfp-que-han-tret-al-carrer\/#breadcrumb","itemListElement":[{"@type":"ListItem","position":1,"name":"Inici","item":"https:\/\/www.siau.cat\/"},{"@type":"ListItem","position":2,"name":"SIAU no s&#8217;oblida del professorat t\u00e8cnic d&#8217;FP que han tret al carrer"}]},{"@type":"WebSite","@id":"https:\/\/www.siau.cat\/#website","url":"https:\/\/www.siau.cat\/","name":"SIAU - SINDICAT INDEPENDENT, AUT\u00d2NOM I UNITARI","description":"Ara s&iacute; que tenim la veu","publisher":{"@id":"https:\/\/www.siau.cat\/#organization"},"potentialAction":[{"@type":"SearchAction","target":{"@type":"EntryPoint","urlTemplate":"https:\/\/www.siau.cat\/?s={search_term_string}"},"query-input":{"@type":"PropertyValueSpecification","valueRequired":true,"valueName":"search_term_string"}}],"inLanguage":"ca"},{"@type":"Organization","@id":"https:\/\/www.siau.cat\/#organization","name":"SIAU","url":"https:\/\/www.siau.cat\/","logo":{"@type":"ImageObject","inLanguage":"ca","@id":"https:\/\/www.siau.cat\/#\/schema\/logo\/image\/","url":"https:\/\/www.siau.cat\/wp-content\/uploads\/2022\/03\/cropped-resized_LOGO-SIAU-5-e1652020847972.jpg","contentUrl":"https:\/\/www.siau.cat\/wp-content\/uploads\/2022\/03\/cropped-resized_LOGO-SIAU-5-e1652020847972.jpg","width":1600,"height":1200,"caption":"SIAU"},"image":{"@id":"https:\/\/www.siau.cat\/#\/schema\/logo\/image\/"}},{"@type":"Person","@id":"https:\/\/www.siau.cat\/#\/schema\/person\/810c15694a7e538934bb4be53ebcba0d","name":"admin","image":{"@type":"ImageObject","inLanguage":"ca","@id":"https:\/\/www.siau.cat\/#\/schema\/person\/image\/","url":"https:\/\/www.siau.cat\/wp-content\/litespeed\/avatar\/d73ebfac3daa0b52552b2ccea63469da.jpg?ver=1777403609","contentUrl":"https:\/\/www.siau.cat\/wp-content\/litespeed\/avatar\/d73ebfac3daa0b52552b2ccea63469da.jpg?ver=1777403609","caption":"admin"},"sameAs":["https:\/\/www.siau.cat"],"url":"https:\/\/www.siau.cat\/index.php\/author\/admin\/"}]}},"jetpack_featured_media_url":"","jetpack_sharing_enabled":true,"_links":{"self":[{"href":"https:\/\/www.siau.cat\/index.php\/wp-json\/wp\/v2\/posts\/643","targetHints":{"allow":["GET"]}}],"collection":[{"href":"https:\/\/www.siau.cat\/index.php\/wp-json\/wp\/v2\/posts"}],"about":[{"href":"https:\/\/www.siau.cat\/index.php\/wp-json\/wp\/v2\/types\/post"}],"author":[{"embeddable":true,"href":"https:\/\/www.siau.cat\/index.php\/wp-json\/wp\/v2\/users\/1"}],"replies":[{"embeddable":true,"href":"https:\/\/www.siau.cat\/index.php\/wp-json\/wp\/v2\/comments?post=643"}],"version-history":[{"count":1,"href":"https:\/\/www.siau.cat\/index.php\/wp-json\/wp\/v2\/posts\/643\/revisions"}],"predecessor-version":[{"id":645,"href":"https:\/\/www.siau.cat\/index.php\/wp-json\/wp\/v2\/posts\/643\/revisions\/645"}],"wp:attachment":[{"href":"https:\/\/www.siau.cat\/index.php\/wp-json\/wp\/v2\/media?parent=643"}],"wp:term":[{"taxonomy":"category","embeddable":true,"href":"https:\/\/www.siau.cat\/index.php\/wp-json\/wp\/v2\/categories?post=643"},{"taxonomy":"post_tag","embeddable":true,"href":"https:\/\/www.siau.cat\/index.php\/wp-json\/wp\/v2\/tags?post=643"}],"curies":[{"name":"wp","href":"https:\/\/api.w.org\/{rel}","templated":true}]}}