{"id":646,"date":"2023-02-06T12:33:49","date_gmt":"2023-02-06T12:33:49","guid":{"rendered":"https:\/\/www.siau.cat\/?p=646"},"modified":"2023-02-06T12:33:50","modified_gmt":"2023-02-06T12:33:50","slug":"canal-4-entrevista-en-directe-a-siau","status":"publish","type":"post","link":"https:\/\/www.siau.cat\/index.php\/2023\/02\/06\/canal-4-entrevista-en-directe-a-siau\/","title":{"rendered":"CANAL 4 entrevista en directe a SIAU"},"content":{"rendered":"\n<p class=\"has-text-align-justify\">A continuaci\u00f3 podreu veure i escoltar l&#8217;entrevista sencera que avui el presentador Miquel \u00c0ngel Ariza li ha fet al secretari general de SIAU, Joan Cresp\u00ed. En aquesta es fa un balan\u00e7 de la gesti\u00f3 del conseller d&#8217;Educaci\u00f3.<\/p>\n\n\n\n<figure class=\"wp-block-embed is-type-video is-provider-youtube wp-block-embed-youtube wp-embed-aspect-16-9 wp-has-aspect-ratio\"><div class=\"wp-block-embed__wrapper\">\n<iframe loading=\"lazy\" title=\"Joan Cresp\u00ed (sindicat SIAU) carrega contra Mart\u00ed March | 06\/02\/2023\" width=\"525\" height=\"295\" src=\"https:\/\/www.youtube.com\/embed\/W-SlHjWzeq8?feature=oembed\" frameborder=\"0\" allow=\"accelerometer; autoplay; clipboard-write; encrypted-media; gyroscope; picture-in-picture; web-share\" referrerpolicy=\"strict-origin-when-cross-origin\" allowfullscreen><\/iframe>\n<\/div><\/figure>\n","protected":false},"excerpt":{"rendered":"<p>A continuaci\u00f3 podreu veure i escoltar l&#8217;entrevista sencera que avui el presentador Miquel \u00c0ngel Ariza li ha fet al secretari general de SIAU, Joan Cresp\u00ed. En aquesta es fa un balan\u00e7 de la gesti\u00f3 del conseller d&#8217;Educaci\u00f3.<\/p>\n","protected":false},"author":1,"featured_media":0,"comment_status":"closed","ping_status":"open","sticky":false,"template":"","format":"standard","meta":{"_jetpack_memberships_contains_paid_content":false,"footnotes":""},"categories":[1],"tags":[],"class_list":["post-646","post","type-post","status-publish","format-standard","hentry","category-uncategorized"],"yoast_head":"<!-- This site is optimized with the Yoast SEO plugin v25.4 - https:\/\/yoast.com\/wordpress\/plugins\/seo\/ -->\n<title>CANAL 4 entrevista en directe a SIAU &#8212; SIAU - SINDICAT INDEPENDENT, AUT\u00d2NOM I UNITARI<\/title>\n<meta name=\"robots\" content=\"index, follow, max-snippet:-1, max-image-preview:large, max-video-preview:-1\" \/>\n<link rel=\"canonical\" href=\"https:\/\/www.siau.cat\/index.php\/2023\/02\/06\/canal-4-entrevista-en-directe-a-siau\/\" \/>\n<meta property=\"og:locale\" content=\"ca_ES\" \/>\n<meta property=\"og:type\" content=\"article\" \/>\n<meta property=\"og:title\" content=\"CANAL 4 entrevista en directe a SIAU &#8212; SIAU - SINDICAT INDEPENDENT, AUT\u00d2NOM I UNITARI\" \/>\n<meta property=\"og:description\" content=\"A continuaci\u00f3 podreu veure i escoltar l&#8217;entrevista sencera que avui el presentador Miquel \u00c0ngel Ariza li ha fet al secretari general de SIAU, Joan Cresp\u00ed. En aquesta es fa un balan\u00e7 de la gesti\u00f3 del conseller d&#8217;Educaci\u00f3.\" \/>\n<meta property=\"og:url\" content=\"https:\/\/www.siau.cat\/index.php\/2023\/02\/06\/canal-4-entrevista-en-directe-a-siau\/\" \/>\n<meta property=\"og:site_name\" content=\"SIAU - SINDICAT INDEPENDENT, AUT\u00d2NOM I UNITARI\" \/>\n<meta property=\"article:published_time\" content=\"2023-02-06T12:33:49+00:00\" \/>\n<meta property=\"article:modified_time\" content=\"2023-02-06T12:33:50+00:00\" \/>\n<meta name=\"author\" content=\"admin\" \/>\n<meta name=\"twitter:card\" content=\"summary_large_image\" \/>\n<meta name=\"twitter:label1\" content=\"Escrit per\" \/>\n\t<meta name=\"twitter:data1\" content=\"admin\" \/>\n\t<meta name=\"twitter:label2\" content=\"Temps estimat de lectura\" \/>\n\t<meta name=\"twitter:data2\" content=\"1 minut\" \/>\n<script type=\"application\/ld+json\" class=\"yoast-schema-graph\">{\"@context\":\"https:\/\/schema.org\",\"@graph\":[{\"@type\":\"Article\",\"@id\":\"https:\/\/www.siau.cat\/index.php\/2023\/02\/06\/canal-4-entrevista-en-directe-a-siau\/#article\",\"isPartOf\":{\"@id\":\"https:\/\/www.siau.cat\/index.php\/2023\/02\/06\/canal-4-entrevista-en-directe-a-siau\/\"},\"author\":{\"name\":\"admin\",\"@id\":\"https:\/\/www.siau.cat\/#\/schema\/person\/810c15694a7e538934bb4be53ebcba0d\"},\"headline\":\"CANAL 4 entrevista en directe a SIAU\",\"datePublished\":\"2023-02-06T12:33:49+00:00\",\"dateModified\":\"2023-02-06T12:33:50+00:00\",\"mainEntityOfPage\":{\"@id\":\"https:\/\/www.siau.cat\/index.php\/2023\/02\/06\/canal-4-entrevista-en-directe-a-siau\/\"},\"wordCount\":52,\"publisher\":{\"@id\":\"https:\/\/www.siau.cat\/#organization\"},\"articleSection\":[\"Uncategorized\"],\"inLanguage\":\"ca\"},{\"@type\":\"WebPage\",\"@id\":\"https:\/\/www.siau.cat\/index.php\/2023\/02\/06\/canal-4-entrevista-en-directe-a-siau\/\",\"url\":\"https:\/\/www.siau.cat\/index.php\/2023\/02\/06\/canal-4-entrevista-en-directe-a-siau\/\",\"name\":\"CANAL 4 entrevista en directe a SIAU &#8212; SIAU - SINDICAT INDEPENDENT, AUT\u00d2NOM I UNITARI\",\"isPartOf\":{\"@id\":\"https:\/\/www.siau.cat\/#website\"},\"datePublished\":\"2023-02-06T12:33:49+00:00\",\"dateModified\":\"2023-02-06T12:33:50+00:00\",\"breadcrumb\":{\"@id\":\"https:\/\/www.siau.cat\/index.php\/2023\/02\/06\/canal-4-entrevista-en-directe-a-siau\/#breadcrumb\"},\"inLanguage\":\"ca\",\"potentialAction\":[{\"@type\":\"ReadAction\",\"target\":[\"https:\/\/www.siau.cat\/index.php\/2023\/02\/06\/canal-4-entrevista-en-directe-a-siau\/\"]}]},{\"@type\":\"BreadcrumbList\",\"@id\":\"https:\/\/www.siau.cat\/index.php\/2023\/02\/06\/canal-4-entrevista-en-directe-a-siau\/#breadcrumb\",\"itemListElement\":[{\"@type\":\"ListItem\",\"position\":1,\"name\":\"Inici\",\"item\":\"https:\/\/www.siau.cat\/\"},{\"@type\":\"ListItem\",\"position\":2,\"name\":\"CANAL 4 entrevista en directe a SIAU\"}]},{\"@type\":\"WebSite\",\"@id\":\"https:\/\/www.siau.cat\/#website\",\"url\":\"https:\/\/www.siau.cat\/\",\"name\":\"SIAU - SINDICAT INDEPENDENT, AUT\u00d2NOM I UNITARI\",\"description\":\"Ara s&iacute; que tenim la veu\",\"publisher\":{\"@id\":\"https:\/\/www.siau.cat\/#organization\"},\"potentialAction\":[{\"@type\":\"SearchAction\",\"target\":{\"@type\":\"EntryPoint\",\"urlTemplate\":\"https:\/\/www.siau.cat\/?s={search_term_string}\"},\"query-input\":{\"@type\":\"PropertyValueSpecification\",\"valueRequired\":true,\"valueName\":\"search_term_string\"}}],\"inLanguage\":\"ca\"},{\"@type\":\"Organization\",\"@id\":\"https:\/\/www.siau.cat\/#organization\",\"name\":\"SIAU\",\"url\":\"https:\/\/www.siau.cat\/\",\"logo\":{\"@type\":\"ImageObject\",\"inLanguage\":\"ca\",\"@id\":\"https:\/\/www.siau.cat\/#\/schema\/logo\/image\/\",\"url\":\"https:\/\/www.siau.cat\/wp-content\/uploads\/2022\/03\/cropped-resized_LOGO-SIAU-5-e1652020847972.jpg\",\"contentUrl\":\"https:\/\/www.siau.cat\/wp-content\/uploads\/2022\/03\/cropped-resized_LOGO-SIAU-5-e1652020847972.jpg\",\"width\":1600,\"height\":1200,\"caption\":\"SIAU\"},\"image\":{\"@id\":\"https:\/\/www.siau.cat\/#\/schema\/logo\/image\/\"}},{\"@type\":\"Person\",\"@id\":\"https:\/\/www.siau.cat\/#\/schema\/person\/810c15694a7e538934bb4be53ebcba0d\",\"name\":\"admin\",\"image\":{\"@type\":\"ImageObject\",\"inLanguage\":\"ca\",\"@id\":\"https:\/\/www.siau.cat\/#\/schema\/person\/image\/\",\"url\":\"https:\/\/www.siau.cat\/wp-content\/litespeed\/avatar\/d73ebfac3daa0b52552b2ccea63469da.jpg?ver=1777403609\",\"contentUrl\":\"https:\/\/www.siau.cat\/wp-content\/litespeed\/avatar\/d73ebfac3daa0b52552b2ccea63469da.jpg?ver=1777403609\",\"caption\":\"admin\"},\"sameAs\":[\"https:\/\/www.siau.cat\"],\"url\":\"https:\/\/www.siau.cat\/index.php\/author\/admin\/\"}]}<\/script>\n<!-- \/ Yoast SEO plugin. -->","yoast_head_json":{"title":"CANAL 4 entrevista en directe a SIAU &#8212; SIAU - SINDICAT INDEPENDENT, AUT\u00d2NOM I UNITARI","robots":{"index":"index","follow":"follow","max-snippet":"max-snippet:-1","max-image-preview":"max-image-preview:large","max-video-preview":"max-video-preview:-1"},"canonical":"https:\/\/www.siau.cat\/index.php\/2023\/02\/06\/canal-4-entrevista-en-directe-a-siau\/","og_locale":"ca_ES","og_type":"article","og_title":"CANAL 4 entrevista en directe a SIAU &#8212; SIAU - SINDICAT INDEPENDENT, AUT\u00d2NOM I UNITARI","og_description":"A continuaci\u00f3 podreu veure i escoltar l&#8217;entrevista sencera que avui el presentador Miquel \u00c0ngel Ariza li ha fet al secretari general de SIAU, Joan Cresp\u00ed. En aquesta es fa un balan\u00e7 de la gesti\u00f3 del conseller d&#8217;Educaci\u00f3.","og_url":"https:\/\/www.siau.cat\/index.php\/2023\/02\/06\/canal-4-entrevista-en-directe-a-siau\/","og_site_name":"SIAU - SINDICAT INDEPENDENT, AUT\u00d2NOM I UNITARI","article_published_time":"2023-02-06T12:33:49+00:00","article_modified_time":"2023-02-06T12:33:50+00:00","author":"admin","twitter_card":"summary_large_image","twitter_misc":{"Escrit per":"admin","Temps estimat de lectura":"1 minut"},"schema":{"@context":"https:\/\/schema.org","@graph":[{"@type":"Article","@id":"https:\/\/www.siau.cat\/index.php\/2023\/02\/06\/canal-4-entrevista-en-directe-a-siau\/#article","isPartOf":{"@id":"https:\/\/www.siau.cat\/index.php\/2023\/02\/06\/canal-4-entrevista-en-directe-a-siau\/"},"author":{"name":"admin","@id":"https:\/\/www.siau.cat\/#\/schema\/person\/810c15694a7e538934bb4be53ebcba0d"},"headline":"CANAL 4 entrevista en directe a SIAU","datePublished":"2023-02-06T12:33:49+00:00","dateModified":"2023-02-06T12:33:50+00:00","mainEntityOfPage":{"@id":"https:\/\/www.siau.cat\/index.php\/2023\/02\/06\/canal-4-entrevista-en-directe-a-siau\/"},"wordCount":52,"publisher":{"@id":"https:\/\/www.siau.cat\/#organization"},"articleSection":["Uncategorized"],"inLanguage":"ca"},{"@type":"WebPage","@id":"https:\/\/www.siau.cat\/index.php\/2023\/02\/06\/canal-4-entrevista-en-directe-a-siau\/","url":"https:\/\/www.siau.cat\/index.php\/2023\/02\/06\/canal-4-entrevista-en-directe-a-siau\/","name":"CANAL 4 entrevista en directe a SIAU &#8212; SIAU - SINDICAT INDEPENDENT, AUT\u00d2NOM I UNITARI","isPartOf":{"@id":"https:\/\/www.siau.cat\/#website"},"datePublished":"2023-02-06T12:33:49+00:00","dateModified":"2023-02-06T12:33:50+00:00","breadcrumb":{"@id":"https:\/\/www.siau.cat\/index.php\/2023\/02\/06\/canal-4-entrevista-en-directe-a-siau\/#breadcrumb"},"inLanguage":"ca","potentialAction":[{"@type":"ReadAction","target":["https:\/\/www.siau.cat\/index.php\/2023\/02\/06\/canal-4-entrevista-en-directe-a-siau\/"]}]},{"@type":"BreadcrumbList","@id":"https:\/\/www.siau.cat\/index.php\/2023\/02\/06\/canal-4-entrevista-en-directe-a-siau\/#breadcrumb","itemListElement":[{"@type":"ListItem","position":1,"name":"Inici","item":"https:\/\/www.siau.cat\/"},{"@type":"ListItem","position":2,"name":"CANAL 4 entrevista en directe a SIAU"}]},{"@type":"WebSite","@id":"https:\/\/www.siau.cat\/#website","url":"https:\/\/www.siau.cat\/","name":"SIAU - SINDICAT INDEPENDENT, AUT\u00d2NOM I UNITARI","description":"Ara s&iacute; que tenim la veu","publisher":{"@id":"https:\/\/www.siau.cat\/#organization"},"potentialAction":[{"@type":"SearchAction","target":{"@type":"EntryPoint","urlTemplate":"https:\/\/www.siau.cat\/?s={search_term_string}"},"query-input":{"@type":"PropertyValueSpecification","valueRequired":true,"valueName":"search_term_string"}}],"inLanguage":"ca"},{"@type":"Organization","@id":"https:\/\/www.siau.cat\/#organization","name":"SIAU","url":"https:\/\/www.siau.cat\/","logo":{"@type":"ImageObject","inLanguage":"ca","@id":"https:\/\/www.siau.cat\/#\/schema\/logo\/image\/","url":"https:\/\/www.siau.cat\/wp-content\/uploads\/2022\/03\/cropped-resized_LOGO-SIAU-5-e1652020847972.jpg","contentUrl":"https:\/\/www.siau.cat\/wp-content\/uploads\/2022\/03\/cropped-resized_LOGO-SIAU-5-e1652020847972.jpg","width":1600,"height":1200,"caption":"SIAU"},"image":{"@id":"https:\/\/www.siau.cat\/#\/schema\/logo\/image\/"}},{"@type":"Person","@id":"https:\/\/www.siau.cat\/#\/schema\/person\/810c15694a7e538934bb4be53ebcba0d","name":"admin","image":{"@type":"ImageObject","inLanguage":"ca","@id":"https:\/\/www.siau.cat\/#\/schema\/person\/image\/","url":"https:\/\/www.siau.cat\/wp-content\/litespeed\/avatar\/d73ebfac3daa0b52552b2ccea63469da.jpg?ver=1777403609","contentUrl":"https:\/\/www.siau.cat\/wp-content\/litespeed\/avatar\/d73ebfac3daa0b52552b2ccea63469da.jpg?ver=1777403609","caption":"admin"},"sameAs":["https:\/\/www.siau.cat"],"url":"https:\/\/www.siau.cat\/index.php\/author\/admin\/"}]}},"jetpack_featured_media_url":"","jetpack_sharing_enabled":true,"_links":{"self":[{"href":"https:\/\/www.siau.cat\/index.php\/wp-json\/wp\/v2\/posts\/646","targetHints":{"allow":["GET"]}}],"collection":[{"href":"https:\/\/www.siau.cat\/index.php\/wp-json\/wp\/v2\/posts"}],"about":[{"href":"https:\/\/www.siau.cat\/index.php\/wp-json\/wp\/v2\/types\/post"}],"author":[{"embeddable":true,"href":"https:\/\/www.siau.cat\/index.php\/wp-json\/wp\/v2\/users\/1"}],"replies":[{"embeddable":true,"href":"https:\/\/www.siau.cat\/index.php\/wp-json\/wp\/v2\/comments?post=646"}],"version-history":[{"count":1,"href":"https:\/\/www.siau.cat\/index.php\/wp-json\/wp\/v2\/posts\/646\/revisions"}],"predecessor-version":[{"id":647,"href":"https:\/\/www.siau.cat\/index.php\/wp-json\/wp\/v2\/posts\/646\/revisions\/647"}],"wp:attachment":[{"href":"https:\/\/www.siau.cat\/index.php\/wp-json\/wp\/v2\/media?parent=646"}],"wp:term":[{"taxonomy":"category","embeddable":true,"href":"https:\/\/www.siau.cat\/index.php\/wp-json\/wp\/v2\/categories?post=646"},{"taxonomy":"post_tag","embeddable":true,"href":"https:\/\/www.siau.cat\/index.php\/wp-json\/wp\/v2\/tags?post=646"}],"curies":[{"name":"wp","href":"https:\/\/api.w.org\/{rel}","templated":true}]}}