{"id":650,"date":"2023-02-08T20:55:42","date_gmt":"2023-02-08T20:55:42","guid":{"rendered":"https:\/\/www.siau.cat\/?p=650"},"modified":"2023-02-08T20:55:44","modified_gmt":"2023-02-08T20:55:44","slug":"la-permanent-de-la-junta-de-personal-de-mallorca-acorda-defensar-per-primera-vegada-demandes-historiques-del-collectiu-dinterins","status":"publish","type":"post","link":"https:\/\/www.siau.cat\/index.php\/2023\/02\/08\/la-permanent-de-la-junta-de-personal-de-mallorca-acorda-defensar-per-primera-vegada-demandes-historiques-del-collectiu-dinterins\/","title":{"rendered":"La Permanent de la Junta de Personal de Mallorca acorda defensar per primera vegada demandes hist\u00f2riques del col\u00b7lectiu d&#8217;interins"},"content":{"rendered":"\n<figure class=\"wp-block-image size-large\"><img loading=\"lazy\" decoding=\"async\" width=\"1024\" height=\"576\" src=\"https:\/\/www.siau.cat\/wp-content\/uploads\/2023\/02\/Demandes-interins-1024x576.png\" alt=\"\" class=\"wp-image-651\" srcset=\"https:\/\/www.siau.cat\/wp-content\/uploads\/2023\/02\/Demandes-interins-1024x576.png 1024w, https:\/\/www.siau.cat\/wp-content\/uploads\/2023\/02\/Demandes-interins-350x197.png 350w, https:\/\/www.siau.cat\/wp-content\/uploads\/2023\/02\/Demandes-interins-300x169.png 300w, https:\/\/www.siau.cat\/wp-content\/uploads\/2023\/02\/Demandes-interins-768x432.png 768w, https:\/\/www.siau.cat\/wp-content\/uploads\/2023\/02\/Demandes-interins-1536x864.png 1536w, https:\/\/www.siau.cat\/wp-content\/uploads\/2023\/02\/Demandes-interins-24x14.png 24w, https:\/\/www.siau.cat\/wp-content\/uploads\/2023\/02\/Demandes-interins-36x20.png 36w, https:\/\/www.siau.cat\/wp-content\/uploads\/2023\/02\/Demandes-interins-48x27.png 48w, https:\/\/www.siau.cat\/wp-content\/uploads\/2023\/02\/Demandes-interins.png 1920w\" sizes=\"auto, (max-width: 767px) 89vw, (max-width: 1000px) 54vw, (max-width: 1071px) 543px, 580px\" \/><\/figure>\n\n\n\n<p class=\"has-text-align-justify\">Despr\u00e9s de l\u2019entrada de SIAU a totes les Juntes de Personal de les illes, era necessari actualitzar la taula reivindicativa de les passades legislatures. Un dels punts urgents a defensar era el relacionat amb els interins. Som conscients que aquest col\u00b7lectiu no ha aturat de perdre drets i empitjorar les seves condicions de treball. Aix\u00ed doncs, hem fet possible que, per primera vegada i per unanimitat, es demani l\u2019estabilitzaci\u00f3 de tot el personal que es troba en frau de llei, en compliment de la Directiva Europea. No deixar, per tant, ni un sol inter\u00ed o interina sense estabilitzar. A m\u00e9s d\u2019aquest punt tamb\u00e9 s\u2019ha incorporat la defensa de l\u2019equiparament de drets entre el funcionariat (permisos i llic\u00e8ncies). No oblidem que la Conselleria mant\u00e9n permisos i llic\u00e8ncies que discriminen al funcionariat inter\u00ed. Una altra novetat reflectida: la soluci\u00f3 als problemes inform\u00e0tics que hem de patir constantment. Tamb\u00e9 l\u2019abonament de totes les pujades salarials que encara ens deuen, empoderament del professorat, respecte a la llibertat de c\u00e0tedra, etc.<\/p>\n\n\n\n<p class=\"has-text-align-justify\">A continuaci\u00f3 compartim amb vosaltres exactament quins punts formen part de la taula reivindicativa que ha rebut, via registre, el conseller d\u2019educaci\u00f3:<\/p>\n\n\n\n<ul class=\"wp-block-list\">\n<li>Negociaci\u00f3 real i efectiva de les instruccions per avaluar l\u2019aprenentatge dels alumnes d\u2019aquells cursos en qu\u00e8 s\u2019implanta la LOMLOE.<\/li>\n\n\n\n<li>Flexibilitzaci\u00f3 curricular en el desplegament de la LOMLOE i formaci\u00f3 suficient per al professorat per la seva implantaci\u00f3.<\/li>\n\n\n\n<li>Millora del Fons Social per al professorat, ja que els actuals s\u00f3n del 2002.<\/li>\n\n\n\n<li>Reversi\u00f3 de les retallades encara pendents; com la reducci\u00f3 per a majors de 55 anys.<\/li>\n\n\n\n<li>Recuperaci\u00f3 de les llic\u00e8ncies per estudis.<\/li>\n\n\n\n<li>Rebuig del desplegament normatiu dels perfils educatius.<\/li>\n\n\n\n<li>Actualitzaci\u00f3 del Pla d\u2019infraestructures educatives.<\/li>\n\n\n\n<li>Presentaci\u00f3 d\u2019un pla espec\u00edfic per a la reducci\u00f3 de les r\u00e0tios efectiva.<\/li>\n\n\n\n<li>Soluci\u00f3 pel PTFP; readmissi\u00f3 i soluci\u00f3 del cos a extingir, que no pugui accedir a l\u2019A1.<\/li>\n\n\n\n<li>Millora de l\u2019oferta de formaci\u00f3 per al professorat del Pla digital per al sistema educatiu i informaci\u00f3 sobre el procediment d\u2019acreditaci\u00f3.<\/li>\n\n\n\n<li>Augment i millora en la qualitat de la formaci\u00f3 per al professorat.<\/li>\n\n\n\n<li>Increment del pressupost d\u2019educaci\u00f3.<\/li>\n\n\n\n<li>Abonament, sense m\u00e9s demora, de totes les pujades salarials que encara resten pendents.<\/li>\n\n\n\n<li>Rebuig del reglament org\u00e0nic de centres (ROC), que no ha incorporat cap esmena de la part social.<\/li>\n\n\n\n<li>Actualitzaci\u00f3 i revisi\u00f3 anual, del complement insularitat, per la carestia de la vida a les Illes Balears.<\/li>\n\n\n\n<li>Pla per a la reducci\u00f3 de la burocr\u00e0cia en els centres.<\/li>\n\n\n\n<li>Implantaci\u00f3 de la carrera professional docent, sense que s\u2019estableixin difer\u00e8ncies salarials.<\/li>\n\n\n\n<li>Reducci\u00f3 de l\u2019horari lectiu setmanal del cos de mestres fins a les 23 hores, fins a les 18 hores a secund\u00e0ria i resta de cossos.<\/li>\n\n\n\n<li>Estabilitzaci\u00f3 de tot el personal que es troba en frau de llei, en compliment de la Directiva Europea.<\/li>\n\n\n\n<li>Recuperaci\u00f3 de l\u2019estiu per al professorat inter\u00ed.<\/li>\n\n\n\n<li>Equiparament de drets entre el funcionariat (permisos i llic\u00e8ncies).<\/li>\n\n\n\n<li>Reducci\u00f3 de les taxes de les oposicions.<\/li>\n\n\n\n<li>Soluci\u00f3 de les mancances inform\u00e0tiques que es produeixen cont\u00ednuament en els tr\u00e0mits de la Conselleria d\u2019Educaci\u00f3.<\/li>\n\n\n\n<li>Dignificaci\u00f3 de la tasca docent i empoderament del professorat.<\/li>\n\n\n\n<li>Respecte a la llibertat de c\u00e0tedra.<\/li>\n\n\n\n<li>Fer efectiva una millora de la conciliaci\u00f3 familiar i laboral.<\/li>\n\n\n\n<li>Negociaci\u00f3 del nou acord de millora, anunciat el novembre de 2018.<\/li>\n<\/ul>\n\n\n\n<p class=\"has-text-align-justify\">SIAU valora molt positivament que amb la nostra entrada a les Juntes de Personal s\u2019hagin acceptat per primera vegada demandes hist\u00f2riques del col\u00b7lectiu d\u2019interins. Ara nom\u00e9s cal que es defensin m\u00e9s enll\u00e0 del paper. Abans d\u2019acomiadar-nos, volem remarcar que perqu\u00e8 hi hagi unitat caldr\u00e0 que SIAU formi part d\u2019aquesta futura negociaci\u00f3 amb el conseller (si \u00e9s que s\u2019arriba a materialitzar). No s\u2019entendria que hi hagu\u00e9s forces sindicals que havent participat en l\u2019actualitzaci\u00f3 de la taula reivindicativa, ara se les vet\u00e0s a les negociacions de les millores amb l\u2019administraci\u00f3. M\u00e9s tenint en compte que, parlant en termes legals, els representants pol\u00edtics poden reunir-se i prendre acords amb qualsevol agent social; m\u00e9s enll\u00e0 de les meses sectorials. Els exemples dins aquesta Conselleria s\u00f3n molts, basta veure quantes meses (no sectorials) s\u2019han creat en pocs anys. Per cert, meses a les que hi participen actors socials que ni tan sols han passat per un proc\u00e9s electoral ni tenen cap mena de representaci\u00f3 legal. I tot aix\u00f2 sense entrar a parlar de les comissions, reunions bilaterals i altres. O sigui, que els motius s\u00f3n m\u00e9s que evidents!<\/p>\n","protected":false},"excerpt":{"rendered":"<p>Despr\u00e9s de l\u2019entrada de SIAU a totes les Juntes de Personal de les illes, era necessari actualitzar la taula reivindicativa de les passades legislatures. Un dels punts urgents a defensar era el relacionat amb els interins. Som conscients que aquest col\u00b7lectiu no ha aturat de perdre drets i empitjorar les seves condicions de treball. Aix\u00ed &hellip; <\/p>\n<p class=\"link-more\"><a href=\"https:\/\/www.siau.cat\/index.php\/2023\/02\/08\/la-permanent-de-la-junta-de-personal-de-mallorca-acorda-defensar-per-primera-vegada-demandes-historiques-del-collectiu-dinterins\/\" class=\"more-link\">Continua llegint <span class=\"screen-reader-text\">\u00abLa Permanent de la Junta de Personal de Mallorca acorda defensar per primera vegada demandes hist\u00f2riques del col\u00b7lectiu d&#8217;interins\u00bb<\/span><\/a><\/p>\n","protected":false},"author":1,"featured_media":0,"comment_status":"closed","ping_status":"open","sticky":false,"template":"","format":"standard","meta":{"_jetpack_memberships_contains_paid_content":false,"footnotes":""},"categories":[1],"tags":[],"class_list":["post-650","post","type-post","status-publish","format-standard","hentry","category-uncategorized"],"yoast_head":"<!-- This site is optimized with the Yoast SEO plugin v25.4 - https:\/\/yoast.com\/wordpress\/plugins\/seo\/ -->\n<title>La Permanent de la Junta de Personal de Mallorca acorda defensar per primera vegada demandes hist\u00f2riques del col\u00b7lectiu d&#039;interins &#8212; SIAU - SINDICAT INDEPENDENT, AUT\u00d2NOM I UNITARI<\/title>\n<meta name=\"robots\" content=\"index, follow, max-snippet:-1, max-image-preview:large, max-video-preview:-1\" \/>\n<link rel=\"canonical\" href=\"https:\/\/www.siau.cat\/index.php\/2023\/02\/08\/la-permanent-de-la-junta-de-personal-de-mallorca-acorda-defensar-per-primera-vegada-demandes-historiques-del-collectiu-dinterins\/\" \/>\n<meta property=\"og:locale\" content=\"ca_ES\" \/>\n<meta property=\"og:type\" content=\"article\" \/>\n<meta property=\"og:title\" content=\"La Permanent de la Junta de Personal de Mallorca acorda defensar per primera vegada demandes hist\u00f2riques del col\u00b7lectiu d&#039;interins &#8212; SIAU - SINDICAT INDEPENDENT, AUT\u00d2NOM I UNITARI\" \/>\n<meta property=\"og:description\" content=\"Despr\u00e9s de l\u2019entrada de SIAU a totes les Juntes de Personal de les illes, era necessari actualitzar la taula reivindicativa de les passades legislatures. Un dels punts urgents a defensar era el relacionat amb els interins. Som conscients que aquest col\u00b7lectiu no ha aturat de perdre drets i empitjorar les seves condicions de treball. Aix\u00ed &hellip; Continua llegint \u00abLa Permanent de la Junta de Personal de Mallorca acorda defensar per primera vegada demandes hist\u00f2riques del col\u00b7lectiu d&#8217;interins\u00bb\" \/>\n<meta property=\"og:url\" content=\"https:\/\/www.siau.cat\/index.php\/2023\/02\/08\/la-permanent-de-la-junta-de-personal-de-mallorca-acorda-defensar-per-primera-vegada-demandes-historiques-del-collectiu-dinterins\/\" \/>\n<meta property=\"og:site_name\" content=\"SIAU - SINDICAT INDEPENDENT, AUT\u00d2NOM I UNITARI\" \/>\n<meta property=\"article:published_time\" content=\"2023-02-08T20:55:42+00:00\" \/>\n<meta property=\"article:modified_time\" content=\"2023-02-08T20:55:44+00:00\" \/>\n<meta property=\"og:image\" content=\"https:\/\/www.siau.cat\/wp-content\/uploads\/2023\/02\/Demandes-interins-1024x576.png\" \/>\n<meta name=\"author\" content=\"admin\" \/>\n<meta name=\"twitter:card\" content=\"summary_large_image\" \/>\n<meta name=\"twitter:label1\" content=\"Escrit per\" \/>\n\t<meta name=\"twitter:data1\" content=\"admin\" \/>\n\t<meta name=\"twitter:label2\" content=\"Temps estimat de lectura\" \/>\n\t<meta name=\"twitter:data2\" content=\"5 minuts\" \/>\n<script type=\"application\/ld+json\" class=\"yoast-schema-graph\">{\"@context\":\"https:\/\/schema.org\",\"@graph\":[{\"@type\":\"Article\",\"@id\":\"https:\/\/www.siau.cat\/index.php\/2023\/02\/08\/la-permanent-de-la-junta-de-personal-de-mallorca-acorda-defensar-per-primera-vegada-demandes-historiques-del-collectiu-dinterins\/#article\",\"isPartOf\":{\"@id\":\"https:\/\/www.siau.cat\/index.php\/2023\/02\/08\/la-permanent-de-la-junta-de-personal-de-mallorca-acorda-defensar-per-primera-vegada-demandes-historiques-del-collectiu-dinterins\/\"},\"author\":{\"name\":\"admin\",\"@id\":\"https:\/\/www.siau.cat\/#\/schema\/person\/810c15694a7e538934bb4be53ebcba0d\"},\"headline\":\"La Permanent de la Junta de Personal de Mallorca acorda defensar per primera vegada demandes hist\u00f2riques del col\u00b7lectiu d&#8217;interins\",\"datePublished\":\"2023-02-08T20:55:42+00:00\",\"dateModified\":\"2023-02-08T20:55:44+00:00\",\"mainEntityOfPage\":{\"@id\":\"https:\/\/www.siau.cat\/index.php\/2023\/02\/08\/la-permanent-de-la-junta-de-personal-de-mallorca-acorda-defensar-per-primera-vegada-demandes-historiques-del-collectiu-dinterins\/\"},\"wordCount\":788,\"publisher\":{\"@id\":\"https:\/\/www.siau.cat\/#organization\"},\"image\":{\"@id\":\"https:\/\/www.siau.cat\/index.php\/2023\/02\/08\/la-permanent-de-la-junta-de-personal-de-mallorca-acorda-defensar-per-primera-vegada-demandes-historiques-del-collectiu-dinterins\/#primaryimage\"},\"thumbnailUrl\":\"https:\/\/www.siau.cat\/wp-content\/uploads\/2023\/02\/Demandes-interins-1024x576.png\",\"articleSection\":[\"Uncategorized\"],\"inLanguage\":\"ca\"},{\"@type\":\"WebPage\",\"@id\":\"https:\/\/www.siau.cat\/index.php\/2023\/02\/08\/la-permanent-de-la-junta-de-personal-de-mallorca-acorda-defensar-per-primera-vegada-demandes-historiques-del-collectiu-dinterins\/\",\"url\":\"https:\/\/www.siau.cat\/index.php\/2023\/02\/08\/la-permanent-de-la-junta-de-personal-de-mallorca-acorda-defensar-per-primera-vegada-demandes-historiques-del-collectiu-dinterins\/\",\"name\":\"La Permanent de la Junta de Personal de Mallorca acorda defensar per primera vegada demandes hist\u00f2riques del col\u00b7lectiu d'interins &#8212; SIAU - SINDICAT INDEPENDENT, AUT\u00d2NOM I UNITARI\",\"isPartOf\":{\"@id\":\"https:\/\/www.siau.cat\/#website\"},\"primaryImageOfPage\":{\"@id\":\"https:\/\/www.siau.cat\/index.php\/2023\/02\/08\/la-permanent-de-la-junta-de-personal-de-mallorca-acorda-defensar-per-primera-vegada-demandes-historiques-del-collectiu-dinterins\/#primaryimage\"},\"image\":{\"@id\":\"https:\/\/www.siau.cat\/index.php\/2023\/02\/08\/la-permanent-de-la-junta-de-personal-de-mallorca-acorda-defensar-per-primera-vegada-demandes-historiques-del-collectiu-dinterins\/#primaryimage\"},\"thumbnailUrl\":\"https:\/\/www.siau.cat\/wp-content\/uploads\/2023\/02\/Demandes-interins-1024x576.png\",\"datePublished\":\"2023-02-08T20:55:42+00:00\",\"dateModified\":\"2023-02-08T20:55:44+00:00\",\"breadcrumb\":{\"@id\":\"https:\/\/www.siau.cat\/index.php\/2023\/02\/08\/la-permanent-de-la-junta-de-personal-de-mallorca-acorda-defensar-per-primera-vegada-demandes-historiques-del-collectiu-dinterins\/#breadcrumb\"},\"inLanguage\":\"ca\",\"potentialAction\":[{\"@type\":\"ReadAction\",\"target\":[\"https:\/\/www.siau.cat\/index.php\/2023\/02\/08\/la-permanent-de-la-junta-de-personal-de-mallorca-acorda-defensar-per-primera-vegada-demandes-historiques-del-collectiu-dinterins\/\"]}]},{\"@type\":\"ImageObject\",\"inLanguage\":\"ca\",\"@id\":\"https:\/\/www.siau.cat\/index.php\/2023\/02\/08\/la-permanent-de-la-junta-de-personal-de-mallorca-acorda-defensar-per-primera-vegada-demandes-historiques-del-collectiu-dinterins\/#primaryimage\",\"url\":\"https:\/\/www.siau.cat\/wp-content\/uploads\/2023\/02\/Demandes-interins.png\",\"contentUrl\":\"https:\/\/www.siau.cat\/wp-content\/uploads\/2023\/02\/Demandes-interins.png\",\"width\":1920,\"height\":1080},{\"@type\":\"BreadcrumbList\",\"@id\":\"https:\/\/www.siau.cat\/index.php\/2023\/02\/08\/la-permanent-de-la-junta-de-personal-de-mallorca-acorda-defensar-per-primera-vegada-demandes-historiques-del-collectiu-dinterins\/#breadcrumb\",\"itemListElement\":[{\"@type\":\"ListItem\",\"position\":1,\"name\":\"Inici\",\"item\":\"https:\/\/www.siau.cat\/\"},{\"@type\":\"ListItem\",\"position\":2,\"name\":\"La Permanent de la Junta de Personal de Mallorca acorda defensar per primera vegada demandes hist\u00f2riques del col\u00b7lectiu d&#8217;interins\"}]},{\"@type\":\"WebSite\",\"@id\":\"https:\/\/www.siau.cat\/#website\",\"url\":\"https:\/\/www.siau.cat\/\",\"name\":\"SIAU - SINDICAT INDEPENDENT, AUT\u00d2NOM I UNITARI\",\"description\":\"Ara s&iacute; que tenim la veu\",\"publisher\":{\"@id\":\"https:\/\/www.siau.cat\/#organization\"},\"potentialAction\":[{\"@type\":\"SearchAction\",\"target\":{\"@type\":\"EntryPoint\",\"urlTemplate\":\"https:\/\/www.siau.cat\/?s={search_term_string}\"},\"query-input\":{\"@type\":\"PropertyValueSpecification\",\"valueRequired\":true,\"valueName\":\"search_term_string\"}}],\"inLanguage\":\"ca\"},{\"@type\":\"Organization\",\"@id\":\"https:\/\/www.siau.cat\/#organization\",\"name\":\"SIAU\",\"url\":\"https:\/\/www.siau.cat\/\",\"logo\":{\"@type\":\"ImageObject\",\"inLanguage\":\"ca\",\"@id\":\"https:\/\/www.siau.cat\/#\/schema\/logo\/image\/\",\"url\":\"https:\/\/www.siau.cat\/wp-content\/uploads\/2022\/03\/cropped-resized_LOGO-SIAU-5-e1652020847972.jpg\",\"contentUrl\":\"https:\/\/www.siau.cat\/wp-content\/uploads\/2022\/03\/cropped-resized_LOGO-SIAU-5-e1652020847972.jpg\",\"width\":1600,\"height\":1200,\"caption\":\"SIAU\"},\"image\":{\"@id\":\"https:\/\/www.siau.cat\/#\/schema\/logo\/image\/\"}},{\"@type\":\"Person\",\"@id\":\"https:\/\/www.siau.cat\/#\/schema\/person\/810c15694a7e538934bb4be53ebcba0d\",\"name\":\"admin\",\"image\":{\"@type\":\"ImageObject\",\"inLanguage\":\"ca\",\"@id\":\"https:\/\/www.siau.cat\/#\/schema\/person\/image\/\",\"url\":\"https:\/\/www.siau.cat\/wp-content\/litespeed\/avatar\/d73ebfac3daa0b52552b2ccea63469da.jpg?ver=1777403609\",\"contentUrl\":\"https:\/\/www.siau.cat\/wp-content\/litespeed\/avatar\/d73ebfac3daa0b52552b2ccea63469da.jpg?ver=1777403609\",\"caption\":\"admin\"},\"sameAs\":[\"https:\/\/www.siau.cat\"],\"url\":\"https:\/\/www.siau.cat\/index.php\/author\/admin\/\"}]}<\/script>\n<!-- \/ Yoast SEO plugin. -->","yoast_head_json":{"title":"La Permanent de la Junta de Personal de Mallorca acorda defensar per primera vegada demandes hist\u00f2riques del col\u00b7lectiu d'interins &#8212; SIAU - SINDICAT INDEPENDENT, AUT\u00d2NOM I UNITARI","robots":{"index":"index","follow":"follow","max-snippet":"max-snippet:-1","max-image-preview":"max-image-preview:large","max-video-preview":"max-video-preview:-1"},"canonical":"https:\/\/www.siau.cat\/index.php\/2023\/02\/08\/la-permanent-de-la-junta-de-personal-de-mallorca-acorda-defensar-per-primera-vegada-demandes-historiques-del-collectiu-dinterins\/","og_locale":"ca_ES","og_type":"article","og_title":"La Permanent de la Junta de Personal de Mallorca acorda defensar per primera vegada demandes hist\u00f2riques del col\u00b7lectiu d'interins &#8212; SIAU - SINDICAT INDEPENDENT, AUT\u00d2NOM I UNITARI","og_description":"Despr\u00e9s de l\u2019entrada de SIAU a totes les Juntes de Personal de les illes, era necessari actualitzar la taula reivindicativa de les passades legislatures. Un dels punts urgents a defensar era el relacionat amb els interins. Som conscients que aquest col\u00b7lectiu no ha aturat de perdre drets i empitjorar les seves condicions de treball. Aix\u00ed &hellip; Continua llegint \u00abLa Permanent de la Junta de Personal de Mallorca acorda defensar per primera vegada demandes hist\u00f2riques del col\u00b7lectiu d&#8217;interins\u00bb","og_url":"https:\/\/www.siau.cat\/index.php\/2023\/02\/08\/la-permanent-de-la-junta-de-personal-de-mallorca-acorda-defensar-per-primera-vegada-demandes-historiques-del-collectiu-dinterins\/","og_site_name":"SIAU - SINDICAT INDEPENDENT, AUT\u00d2NOM I UNITARI","article_published_time":"2023-02-08T20:55:42+00:00","article_modified_time":"2023-02-08T20:55:44+00:00","og_image":[{"url":"https:\/\/www.siau.cat\/wp-content\/uploads\/2023\/02\/Demandes-interins-1024x576.png","type":"","width":"","height":""}],"author":"admin","twitter_card":"summary_large_image","twitter_misc":{"Escrit per":"admin","Temps estimat de lectura":"5 minuts"},"schema":{"@context":"https:\/\/schema.org","@graph":[{"@type":"Article","@id":"https:\/\/www.siau.cat\/index.php\/2023\/02\/08\/la-permanent-de-la-junta-de-personal-de-mallorca-acorda-defensar-per-primera-vegada-demandes-historiques-del-collectiu-dinterins\/#article","isPartOf":{"@id":"https:\/\/www.siau.cat\/index.php\/2023\/02\/08\/la-permanent-de-la-junta-de-personal-de-mallorca-acorda-defensar-per-primera-vegada-demandes-historiques-del-collectiu-dinterins\/"},"author":{"name":"admin","@id":"https:\/\/www.siau.cat\/#\/schema\/person\/810c15694a7e538934bb4be53ebcba0d"},"headline":"La Permanent de la Junta de Personal de Mallorca acorda defensar per primera vegada demandes hist\u00f2riques del col\u00b7lectiu d&#8217;interins","datePublished":"2023-02-08T20:55:42+00:00","dateModified":"2023-02-08T20:55:44+00:00","mainEntityOfPage":{"@id":"https:\/\/www.siau.cat\/index.php\/2023\/02\/08\/la-permanent-de-la-junta-de-personal-de-mallorca-acorda-defensar-per-primera-vegada-demandes-historiques-del-collectiu-dinterins\/"},"wordCount":788,"publisher":{"@id":"https:\/\/www.siau.cat\/#organization"},"image":{"@id":"https:\/\/www.siau.cat\/index.php\/2023\/02\/08\/la-permanent-de-la-junta-de-personal-de-mallorca-acorda-defensar-per-primera-vegada-demandes-historiques-del-collectiu-dinterins\/#primaryimage"},"thumbnailUrl":"https:\/\/www.siau.cat\/wp-content\/uploads\/2023\/02\/Demandes-interins-1024x576.png","articleSection":["Uncategorized"],"inLanguage":"ca"},{"@type":"WebPage","@id":"https:\/\/www.siau.cat\/index.php\/2023\/02\/08\/la-permanent-de-la-junta-de-personal-de-mallorca-acorda-defensar-per-primera-vegada-demandes-historiques-del-collectiu-dinterins\/","url":"https:\/\/www.siau.cat\/index.php\/2023\/02\/08\/la-permanent-de-la-junta-de-personal-de-mallorca-acorda-defensar-per-primera-vegada-demandes-historiques-del-collectiu-dinterins\/","name":"La Permanent de la Junta de Personal de Mallorca acorda defensar per primera vegada demandes hist\u00f2riques del col\u00b7lectiu d'interins &#8212; SIAU - SINDICAT INDEPENDENT, AUT\u00d2NOM I UNITARI","isPartOf":{"@id":"https:\/\/www.siau.cat\/#website"},"primaryImageOfPage":{"@id":"https:\/\/www.siau.cat\/index.php\/2023\/02\/08\/la-permanent-de-la-junta-de-personal-de-mallorca-acorda-defensar-per-primera-vegada-demandes-historiques-del-collectiu-dinterins\/#primaryimage"},"image":{"@id":"https:\/\/www.siau.cat\/index.php\/2023\/02\/08\/la-permanent-de-la-junta-de-personal-de-mallorca-acorda-defensar-per-primera-vegada-demandes-historiques-del-collectiu-dinterins\/#primaryimage"},"thumbnailUrl":"https:\/\/www.siau.cat\/wp-content\/uploads\/2023\/02\/Demandes-interins-1024x576.png","datePublished":"2023-02-08T20:55:42+00:00","dateModified":"2023-02-08T20:55:44+00:00","breadcrumb":{"@id":"https:\/\/www.siau.cat\/index.php\/2023\/02\/08\/la-permanent-de-la-junta-de-personal-de-mallorca-acorda-defensar-per-primera-vegada-demandes-historiques-del-collectiu-dinterins\/#breadcrumb"},"inLanguage":"ca","potentialAction":[{"@type":"ReadAction","target":["https:\/\/www.siau.cat\/index.php\/2023\/02\/08\/la-permanent-de-la-junta-de-personal-de-mallorca-acorda-defensar-per-primera-vegada-demandes-historiques-del-collectiu-dinterins\/"]}]},{"@type":"ImageObject","inLanguage":"ca","@id":"https:\/\/www.siau.cat\/index.php\/2023\/02\/08\/la-permanent-de-la-junta-de-personal-de-mallorca-acorda-defensar-per-primera-vegada-demandes-historiques-del-collectiu-dinterins\/#primaryimage","url":"https:\/\/www.siau.cat\/wp-content\/uploads\/2023\/02\/Demandes-interins.png","contentUrl":"https:\/\/www.siau.cat\/wp-content\/uploads\/2023\/02\/Demandes-interins.png","width":1920,"height":1080},{"@type":"BreadcrumbList","@id":"https:\/\/www.siau.cat\/index.php\/2023\/02\/08\/la-permanent-de-la-junta-de-personal-de-mallorca-acorda-defensar-per-primera-vegada-demandes-historiques-del-collectiu-dinterins\/#breadcrumb","itemListElement":[{"@type":"ListItem","position":1,"name":"Inici","item":"https:\/\/www.siau.cat\/"},{"@type":"ListItem","position":2,"name":"La Permanent de la Junta de Personal de Mallorca acorda defensar per primera vegada demandes hist\u00f2riques del col\u00b7lectiu d&#8217;interins"}]},{"@type":"WebSite","@id":"https:\/\/www.siau.cat\/#website","url":"https:\/\/www.siau.cat\/","name":"SIAU - SINDICAT INDEPENDENT, AUT\u00d2NOM I UNITARI","description":"Ara s&iacute; que tenim la veu","publisher":{"@id":"https:\/\/www.siau.cat\/#organization"},"potentialAction":[{"@type":"SearchAction","target":{"@type":"EntryPoint","urlTemplate":"https:\/\/www.siau.cat\/?s={search_term_string}"},"query-input":{"@type":"PropertyValueSpecification","valueRequired":true,"valueName":"search_term_string"}}],"inLanguage":"ca"},{"@type":"Organization","@id":"https:\/\/www.siau.cat\/#organization","name":"SIAU","url":"https:\/\/www.siau.cat\/","logo":{"@type":"ImageObject","inLanguage":"ca","@id":"https:\/\/www.siau.cat\/#\/schema\/logo\/image\/","url":"https:\/\/www.siau.cat\/wp-content\/uploads\/2022\/03\/cropped-resized_LOGO-SIAU-5-e1652020847972.jpg","contentUrl":"https:\/\/www.siau.cat\/wp-content\/uploads\/2022\/03\/cropped-resized_LOGO-SIAU-5-e1652020847972.jpg","width":1600,"height":1200,"caption":"SIAU"},"image":{"@id":"https:\/\/www.siau.cat\/#\/schema\/logo\/image\/"}},{"@type":"Person","@id":"https:\/\/www.siau.cat\/#\/schema\/person\/810c15694a7e538934bb4be53ebcba0d","name":"admin","image":{"@type":"ImageObject","inLanguage":"ca","@id":"https:\/\/www.siau.cat\/#\/schema\/person\/image\/","url":"https:\/\/www.siau.cat\/wp-content\/litespeed\/avatar\/d73ebfac3daa0b52552b2ccea63469da.jpg?ver=1777403609","contentUrl":"https:\/\/www.siau.cat\/wp-content\/litespeed\/avatar\/d73ebfac3daa0b52552b2ccea63469da.jpg?ver=1777403609","caption":"admin"},"sameAs":["https:\/\/www.siau.cat"],"url":"https:\/\/www.siau.cat\/index.php\/author\/admin\/"}]}},"jetpack_featured_media_url":"","jetpack_sharing_enabled":true,"_links":{"self":[{"href":"https:\/\/www.siau.cat\/index.php\/wp-json\/wp\/v2\/posts\/650","targetHints":{"allow":["GET"]}}],"collection":[{"href":"https:\/\/www.siau.cat\/index.php\/wp-json\/wp\/v2\/posts"}],"about":[{"href":"https:\/\/www.siau.cat\/index.php\/wp-json\/wp\/v2\/types\/post"}],"author":[{"embeddable":true,"href":"https:\/\/www.siau.cat\/index.php\/wp-json\/wp\/v2\/users\/1"}],"replies":[{"embeddable":true,"href":"https:\/\/www.siau.cat\/index.php\/wp-json\/wp\/v2\/comments?post=650"}],"version-history":[{"count":1,"href":"https:\/\/www.siau.cat\/index.php\/wp-json\/wp\/v2\/posts\/650\/revisions"}],"predecessor-version":[{"id":652,"href":"https:\/\/www.siau.cat\/index.php\/wp-json\/wp\/v2\/posts\/650\/revisions\/652"}],"wp:attachment":[{"href":"https:\/\/www.siau.cat\/index.php\/wp-json\/wp\/v2\/media?parent=650"}],"wp:term":[{"taxonomy":"category","embeddable":true,"href":"https:\/\/www.siau.cat\/index.php\/wp-json\/wp\/v2\/categories?post=650"},{"taxonomy":"post_tag","embeddable":true,"href":"https:\/\/www.siau.cat\/index.php\/wp-json\/wp\/v2\/tags?post=650"}],"curies":[{"name":"wp","href":"https:\/\/api.w.org\/{rel}","templated":true}]}}