{"id":661,"date":"2023-02-16T13:05:57","date_gmt":"2023-02-16T13:05:57","guid":{"rendered":"https:\/\/www.siau.cat\/?p=661"},"modified":"2023-02-16T13:05:59","modified_gmt":"2023-02-16T13:05:59","slug":"siau-denuncia-la-direccio-general-de-personal-docent-a-treball-i-a-transparencia","status":"publish","type":"post","link":"https:\/\/www.siau.cat\/index.php\/2023\/02\/16\/siau-denuncia-la-direccio-general-de-personal-docent-a-treball-i-a-transparencia\/","title":{"rendered":"SIAU denuncia la Direcci\u00f3 General de Personal Docent a Treball i a Transpar\u00e8ncia"},"content":{"rendered":"\n<figure class=\"wp-block-image size-large\"><img loading=\"lazy\" decoding=\"async\" width=\"1024\" height=\"1024\" src=\"https:\/\/www.siau.cat\/wp-content\/uploads\/2023\/02\/Treball-i-Transparencia-1024x1024.png\" alt=\"\" class=\"wp-image-662\" srcset=\"https:\/\/www.siau.cat\/wp-content\/uploads\/2023\/02\/Treball-i-Transparencia-1024x1024.png 1024w, https:\/\/www.siau.cat\/wp-content\/uploads\/2023\/02\/Treball-i-Transparencia-250x250.png 250w, https:\/\/www.siau.cat\/wp-content\/uploads\/2023\/02\/Treball-i-Transparencia-100x100.png 100w, https:\/\/www.siau.cat\/wp-content\/uploads\/2023\/02\/Treball-i-Transparencia-350x350.png 350w, https:\/\/www.siau.cat\/wp-content\/uploads\/2023\/02\/Treball-i-Transparencia-300x300.png 300w, https:\/\/www.siau.cat\/wp-content\/uploads\/2023\/02\/Treball-i-Transparencia-150x150.png 150w, https:\/\/www.siau.cat\/wp-content\/uploads\/2023\/02\/Treball-i-Transparencia-768x768.png 768w, https:\/\/www.siau.cat\/wp-content\/uploads\/2023\/02\/Treball-i-Transparencia-24x24.png 24w, https:\/\/www.siau.cat\/wp-content\/uploads\/2023\/02\/Treball-i-Transparencia-36x36.png 36w, https:\/\/www.siau.cat\/wp-content\/uploads\/2023\/02\/Treball-i-Transparencia-48x48.png 48w, https:\/\/www.siau.cat\/wp-content\/uploads\/2023\/02\/Treball-i-Transparencia.png 1080w\" sizes=\"auto, (max-width: 767px) 89vw, (max-width: 1000px) 54vw, (max-width: 1071px) 543px, 580px\" \/><\/figure>\n\n\n\n<p class=\"has-text-align-justify\">Des de SIAU denunciam que la Direcci\u00f3 General de Personal Docent, sota la direcci\u00f3 de Rafaela S\u00e1nchez, sovint informa la resta de sindicats amb representaci\u00f3 (estiguin o no a la mesa sectorial) de les novetats que afecten els docents: publicaci\u00f3 de llistes provisionals en un dia determinat (com ara que el dia 15 de febrer de 2023 es publicarien les llistes d&#8217;admesos del concurs excepcional de m\u00e8rits), errades en el tr\u00e0mit de reclamacions a llistes provisionals d&#8217;admesos (per exemple que el tr\u00e0mit del concurs excepcional de m\u00e8rits no estaria disponible fins a les 12 hores del migdia del 16 de febrer de 2023) i un llarg etc\u00e8tera. En canvi, a nosaltres no ens informa de res. Aquesta \u00e9s la din\u00e0mica habitual d&#8217;aquesta direcci\u00f3 general: menystenir la tercera for\u00e7a sindical m\u00e9s votada de les Illes Balears a l&#8217;ensenyament p\u00fablic no universitari i amb representaci\u00f3 a totes les illes. Una pr\u00e0ctica clarament antisindical que no \u00e9s la primera vegada que passa, ja que ha estat aix\u00ed des del nostre naixement. Basta veure com Rafaela S\u00e1nchez est\u00e0 intentant impedir l\u2019\u00fas lliure del nostre cr\u00e8dit horari i, en conseq\u00fc\u00e8ncia, el nostre mandat electoral, fet que ja est\u00e0 en mans de la Just\u00edcia.<\/p>\n\n\n\n<p class=\"has-text-align-justify\">Avui hem denunciat aquestes pr\u00e0ctiques antisindicals a la Direcci\u00f3 General de Treball, perqu\u00e8 tenguin const\u00e0ncia de com actua el departament de Rafaela S\u00e1nchez. Tamb\u00e9 hem posat en coneixement i registrat una sol\u00b7licitud d\u2019acc\u00e9s a la informaci\u00f3 p\u00fablica a trav\u00e9s de la Direcci\u00f3 General de Participaci\u00f3, Transpar\u00e8ncia i Voluntariat, perqu\u00e8 s\u2019expliquin els motius pels quals mai s&#8217;informa SIAU de les dates de publicacions de llistes, errades inform\u00e0tiques&#8230;, a difer\u00e8ncia del que es fa amb la resta de sindicats. En total s\u2019han presentat tres sol\u00b7licituds a tres Conselleries i Direccions Generals distintes davant l\u2019actuaci\u00f3 antisindical exposada.<\/p>\n\n\n\n<p class=\"has-text-align-justify\">Les faltes de respecte i discriminacions cap als docents i els seus representants legals no cessen, van acumulant-se dia rere dia. Ho consideram una manera molt poc intel\u00b7ligent d\u2019actuar pocs mesos abans d\u2019un proc\u00e9s electoral.<\/p>\n","protected":false},"excerpt":{"rendered":"<p>Des de SIAU denunciam que la Direcci\u00f3 General de Personal Docent, sota la direcci\u00f3 de Rafaela S\u00e1nchez, sovint informa la resta de sindicats amb representaci\u00f3 (estiguin o no a la mesa sectorial) de les novetats que afecten els docents: publicaci\u00f3 de llistes provisionals en un dia determinat (com ara que el dia 15 de febrer &hellip; <\/p>\n<p class=\"link-more\"><a href=\"https:\/\/www.siau.cat\/index.php\/2023\/02\/16\/siau-denuncia-la-direccio-general-de-personal-docent-a-treball-i-a-transparencia\/\" class=\"more-link\">Continua llegint <span class=\"screen-reader-text\">\u00abSIAU denuncia la Direcci\u00f3 General de Personal Docent a Treball i a Transpar\u00e8ncia\u00bb<\/span><\/a><\/p>\n","protected":false},"author":1,"featured_media":0,"comment_status":"closed","ping_status":"open","sticky":false,"template":"","format":"standard","meta":{"_jetpack_memberships_contains_paid_content":false,"footnotes":""},"categories":[1],"tags":[],"class_list":["post-661","post","type-post","status-publish","format-standard","hentry","category-uncategorized"],"yoast_head":"<!-- This site is optimized with the Yoast SEO plugin v25.4 - https:\/\/yoast.com\/wordpress\/plugins\/seo\/ -->\n<title>SIAU denuncia la Direcci\u00f3 General de Personal Docent a Treball i a Transpar\u00e8ncia &#8212; SIAU - SINDICAT INDEPENDENT, AUT\u00d2NOM I UNITARI<\/title>\n<meta name=\"robots\" content=\"index, follow, max-snippet:-1, max-image-preview:large, max-video-preview:-1\" \/>\n<link rel=\"canonical\" href=\"https:\/\/www.siau.cat\/index.php\/2023\/02\/16\/siau-denuncia-la-direccio-general-de-personal-docent-a-treball-i-a-transparencia\/\" \/>\n<meta property=\"og:locale\" content=\"ca_ES\" \/>\n<meta property=\"og:type\" content=\"article\" \/>\n<meta property=\"og:title\" content=\"SIAU denuncia la Direcci\u00f3 General de Personal Docent a Treball i a Transpar\u00e8ncia &#8212; SIAU - SINDICAT INDEPENDENT, AUT\u00d2NOM I UNITARI\" \/>\n<meta property=\"og:description\" content=\"Des de SIAU denunciam que la Direcci\u00f3 General de Personal Docent, sota la direcci\u00f3 de Rafaela S\u00e1nchez, sovint informa la resta de sindicats amb representaci\u00f3 (estiguin o no a la mesa sectorial) de les novetats que afecten els docents: publicaci\u00f3 de llistes provisionals en un dia determinat (com ara que el dia 15 de febrer &hellip; Continua llegint \u00abSIAU denuncia la Direcci\u00f3 General de Personal Docent a Treball i a Transpar\u00e8ncia\u00bb\" \/>\n<meta property=\"og:url\" content=\"https:\/\/www.siau.cat\/index.php\/2023\/02\/16\/siau-denuncia-la-direccio-general-de-personal-docent-a-treball-i-a-transparencia\/\" \/>\n<meta property=\"og:site_name\" content=\"SIAU - SINDICAT INDEPENDENT, AUT\u00d2NOM I UNITARI\" \/>\n<meta property=\"article:published_time\" content=\"2023-02-16T13:05:57+00:00\" \/>\n<meta property=\"article:modified_time\" content=\"2023-02-16T13:05:59+00:00\" \/>\n<meta property=\"og:image\" content=\"https:\/\/www.siau.cat\/wp-content\/uploads\/2023\/02\/Treball-i-Transparencia-1024x1024.png\" \/>\n<meta name=\"author\" content=\"admin\" \/>\n<meta name=\"twitter:card\" content=\"summary_large_image\" \/>\n<meta name=\"twitter:label1\" content=\"Escrit per\" \/>\n\t<meta name=\"twitter:data1\" content=\"admin\" \/>\n\t<meta name=\"twitter:label2\" content=\"Temps estimat de lectura\" \/>\n\t<meta name=\"twitter:data2\" content=\"2 minuts\" \/>\n<script type=\"application\/ld+json\" class=\"yoast-schema-graph\">{\"@context\":\"https:\/\/schema.org\",\"@graph\":[{\"@type\":\"Article\",\"@id\":\"https:\/\/www.siau.cat\/index.php\/2023\/02\/16\/siau-denuncia-la-direccio-general-de-personal-docent-a-treball-i-a-transparencia\/#article\",\"isPartOf\":{\"@id\":\"https:\/\/www.siau.cat\/index.php\/2023\/02\/16\/siau-denuncia-la-direccio-general-de-personal-docent-a-treball-i-a-transparencia\/\"},\"author\":{\"name\":\"admin\",\"@id\":\"https:\/\/www.siau.cat\/#\/schema\/person\/810c15694a7e538934bb4be53ebcba0d\"},\"headline\":\"SIAU denuncia la Direcci\u00f3 General de Personal Docent a Treball i a Transpar\u00e8ncia\",\"datePublished\":\"2023-02-16T13:05:57+00:00\",\"dateModified\":\"2023-02-16T13:05:59+00:00\",\"mainEntityOfPage\":{\"@id\":\"https:\/\/www.siau.cat\/index.php\/2023\/02\/16\/siau-denuncia-la-direccio-general-de-personal-docent-a-treball-i-a-transparencia\/\"},\"wordCount\":376,\"publisher\":{\"@id\":\"https:\/\/www.siau.cat\/#organization\"},\"image\":{\"@id\":\"https:\/\/www.siau.cat\/index.php\/2023\/02\/16\/siau-denuncia-la-direccio-general-de-personal-docent-a-treball-i-a-transparencia\/#primaryimage\"},\"thumbnailUrl\":\"https:\/\/www.siau.cat\/wp-content\/uploads\/2023\/02\/Treball-i-Transparencia-1024x1024.png\",\"articleSection\":[\"Uncategorized\"],\"inLanguage\":\"ca\"},{\"@type\":\"WebPage\",\"@id\":\"https:\/\/www.siau.cat\/index.php\/2023\/02\/16\/siau-denuncia-la-direccio-general-de-personal-docent-a-treball-i-a-transparencia\/\",\"url\":\"https:\/\/www.siau.cat\/index.php\/2023\/02\/16\/siau-denuncia-la-direccio-general-de-personal-docent-a-treball-i-a-transparencia\/\",\"name\":\"SIAU denuncia la Direcci\u00f3 General de Personal Docent a Treball i a Transpar\u00e8ncia &#8212; SIAU - SINDICAT INDEPENDENT, AUT\u00d2NOM I UNITARI\",\"isPartOf\":{\"@id\":\"https:\/\/www.siau.cat\/#website\"},\"primaryImageOfPage\":{\"@id\":\"https:\/\/www.siau.cat\/index.php\/2023\/02\/16\/siau-denuncia-la-direccio-general-de-personal-docent-a-treball-i-a-transparencia\/#primaryimage\"},\"image\":{\"@id\":\"https:\/\/www.siau.cat\/index.php\/2023\/02\/16\/siau-denuncia-la-direccio-general-de-personal-docent-a-treball-i-a-transparencia\/#primaryimage\"},\"thumbnailUrl\":\"https:\/\/www.siau.cat\/wp-content\/uploads\/2023\/02\/Treball-i-Transparencia-1024x1024.png\",\"datePublished\":\"2023-02-16T13:05:57+00:00\",\"dateModified\":\"2023-02-16T13:05:59+00:00\",\"breadcrumb\":{\"@id\":\"https:\/\/www.siau.cat\/index.php\/2023\/02\/16\/siau-denuncia-la-direccio-general-de-personal-docent-a-treball-i-a-transparencia\/#breadcrumb\"},\"inLanguage\":\"ca\",\"potentialAction\":[{\"@type\":\"ReadAction\",\"target\":[\"https:\/\/www.siau.cat\/index.php\/2023\/02\/16\/siau-denuncia-la-direccio-general-de-personal-docent-a-treball-i-a-transparencia\/\"]}]},{\"@type\":\"ImageObject\",\"inLanguage\":\"ca\",\"@id\":\"https:\/\/www.siau.cat\/index.php\/2023\/02\/16\/siau-denuncia-la-direccio-general-de-personal-docent-a-treball-i-a-transparencia\/#primaryimage\",\"url\":\"https:\/\/www.siau.cat\/wp-content\/uploads\/2023\/02\/Treball-i-Transparencia.png\",\"contentUrl\":\"https:\/\/www.siau.cat\/wp-content\/uploads\/2023\/02\/Treball-i-Transparencia.png\",\"width\":1080,\"height\":1080},{\"@type\":\"BreadcrumbList\",\"@id\":\"https:\/\/www.siau.cat\/index.php\/2023\/02\/16\/siau-denuncia-la-direccio-general-de-personal-docent-a-treball-i-a-transparencia\/#breadcrumb\",\"itemListElement\":[{\"@type\":\"ListItem\",\"position\":1,\"name\":\"Inici\",\"item\":\"https:\/\/www.siau.cat\/\"},{\"@type\":\"ListItem\",\"position\":2,\"name\":\"SIAU denuncia la Direcci\u00f3 General de Personal Docent a Treball i a Transpar\u00e8ncia\"}]},{\"@type\":\"WebSite\",\"@id\":\"https:\/\/www.siau.cat\/#website\",\"url\":\"https:\/\/www.siau.cat\/\",\"name\":\"SIAU - SINDICAT INDEPENDENT, AUT\u00d2NOM I UNITARI\",\"description\":\"Ara s&iacute; que tenim la veu\",\"publisher\":{\"@id\":\"https:\/\/www.siau.cat\/#organization\"},\"potentialAction\":[{\"@type\":\"SearchAction\",\"target\":{\"@type\":\"EntryPoint\",\"urlTemplate\":\"https:\/\/www.siau.cat\/?s={search_term_string}\"},\"query-input\":{\"@type\":\"PropertyValueSpecification\",\"valueRequired\":true,\"valueName\":\"search_term_string\"}}],\"inLanguage\":\"ca\"},{\"@type\":\"Organization\",\"@id\":\"https:\/\/www.siau.cat\/#organization\",\"name\":\"SIAU\",\"url\":\"https:\/\/www.siau.cat\/\",\"logo\":{\"@type\":\"ImageObject\",\"inLanguage\":\"ca\",\"@id\":\"https:\/\/www.siau.cat\/#\/schema\/logo\/image\/\",\"url\":\"https:\/\/www.siau.cat\/wp-content\/uploads\/2022\/03\/cropped-resized_LOGO-SIAU-5-e1652020847972.jpg\",\"contentUrl\":\"https:\/\/www.siau.cat\/wp-content\/uploads\/2022\/03\/cropped-resized_LOGO-SIAU-5-e1652020847972.jpg\",\"width\":1600,\"height\":1200,\"caption\":\"SIAU\"},\"image\":{\"@id\":\"https:\/\/www.siau.cat\/#\/schema\/logo\/image\/\"}},{\"@type\":\"Person\",\"@id\":\"https:\/\/www.siau.cat\/#\/schema\/person\/810c15694a7e538934bb4be53ebcba0d\",\"name\":\"admin\",\"image\":{\"@type\":\"ImageObject\",\"inLanguage\":\"ca\",\"@id\":\"https:\/\/www.siau.cat\/#\/schema\/person\/image\/\",\"url\":\"https:\/\/www.siau.cat\/wp-content\/litespeed\/avatar\/d73ebfac3daa0b52552b2ccea63469da.jpg?ver=1777403609\",\"contentUrl\":\"https:\/\/www.siau.cat\/wp-content\/litespeed\/avatar\/d73ebfac3daa0b52552b2ccea63469da.jpg?ver=1777403609\",\"caption\":\"admin\"},\"sameAs\":[\"https:\/\/www.siau.cat\"],\"url\":\"https:\/\/www.siau.cat\/index.php\/author\/admin\/\"}]}<\/script>\n<!-- \/ Yoast SEO plugin. -->","yoast_head_json":{"title":"SIAU denuncia la Direcci\u00f3 General de Personal Docent a Treball i a Transpar\u00e8ncia &#8212; SIAU - SINDICAT INDEPENDENT, AUT\u00d2NOM I UNITARI","robots":{"index":"index","follow":"follow","max-snippet":"max-snippet:-1","max-image-preview":"max-image-preview:large","max-video-preview":"max-video-preview:-1"},"canonical":"https:\/\/www.siau.cat\/index.php\/2023\/02\/16\/siau-denuncia-la-direccio-general-de-personal-docent-a-treball-i-a-transparencia\/","og_locale":"ca_ES","og_type":"article","og_title":"SIAU denuncia la Direcci\u00f3 General de Personal Docent a Treball i a Transpar\u00e8ncia &#8212; SIAU - SINDICAT INDEPENDENT, AUT\u00d2NOM I UNITARI","og_description":"Des de SIAU denunciam que la Direcci\u00f3 General de Personal Docent, sota la direcci\u00f3 de Rafaela S\u00e1nchez, sovint informa la resta de sindicats amb representaci\u00f3 (estiguin o no a la mesa sectorial) de les novetats que afecten els docents: publicaci\u00f3 de llistes provisionals en un dia determinat (com ara que el dia 15 de febrer &hellip; Continua llegint \u00abSIAU denuncia la Direcci\u00f3 General de Personal Docent a Treball i a Transpar\u00e8ncia\u00bb","og_url":"https:\/\/www.siau.cat\/index.php\/2023\/02\/16\/siau-denuncia-la-direccio-general-de-personal-docent-a-treball-i-a-transparencia\/","og_site_name":"SIAU - SINDICAT INDEPENDENT, AUT\u00d2NOM I UNITARI","article_published_time":"2023-02-16T13:05:57+00:00","article_modified_time":"2023-02-16T13:05:59+00:00","og_image":[{"url":"https:\/\/www.siau.cat\/wp-content\/uploads\/2023\/02\/Treball-i-Transparencia-1024x1024.png","type":"","width":"","height":""}],"author":"admin","twitter_card":"summary_large_image","twitter_misc":{"Escrit per":"admin","Temps estimat de lectura":"2 minuts"},"schema":{"@context":"https:\/\/schema.org","@graph":[{"@type":"Article","@id":"https:\/\/www.siau.cat\/index.php\/2023\/02\/16\/siau-denuncia-la-direccio-general-de-personal-docent-a-treball-i-a-transparencia\/#article","isPartOf":{"@id":"https:\/\/www.siau.cat\/index.php\/2023\/02\/16\/siau-denuncia-la-direccio-general-de-personal-docent-a-treball-i-a-transparencia\/"},"author":{"name":"admin","@id":"https:\/\/www.siau.cat\/#\/schema\/person\/810c15694a7e538934bb4be53ebcba0d"},"headline":"SIAU denuncia la Direcci\u00f3 General de Personal Docent a Treball i a Transpar\u00e8ncia","datePublished":"2023-02-16T13:05:57+00:00","dateModified":"2023-02-16T13:05:59+00:00","mainEntityOfPage":{"@id":"https:\/\/www.siau.cat\/index.php\/2023\/02\/16\/siau-denuncia-la-direccio-general-de-personal-docent-a-treball-i-a-transparencia\/"},"wordCount":376,"publisher":{"@id":"https:\/\/www.siau.cat\/#organization"},"image":{"@id":"https:\/\/www.siau.cat\/index.php\/2023\/02\/16\/siau-denuncia-la-direccio-general-de-personal-docent-a-treball-i-a-transparencia\/#primaryimage"},"thumbnailUrl":"https:\/\/www.siau.cat\/wp-content\/uploads\/2023\/02\/Treball-i-Transparencia-1024x1024.png","articleSection":["Uncategorized"],"inLanguage":"ca"},{"@type":"WebPage","@id":"https:\/\/www.siau.cat\/index.php\/2023\/02\/16\/siau-denuncia-la-direccio-general-de-personal-docent-a-treball-i-a-transparencia\/","url":"https:\/\/www.siau.cat\/index.php\/2023\/02\/16\/siau-denuncia-la-direccio-general-de-personal-docent-a-treball-i-a-transparencia\/","name":"SIAU denuncia la Direcci\u00f3 General de Personal Docent a Treball i a Transpar\u00e8ncia &#8212; SIAU - SINDICAT INDEPENDENT, AUT\u00d2NOM I UNITARI","isPartOf":{"@id":"https:\/\/www.siau.cat\/#website"},"primaryImageOfPage":{"@id":"https:\/\/www.siau.cat\/index.php\/2023\/02\/16\/siau-denuncia-la-direccio-general-de-personal-docent-a-treball-i-a-transparencia\/#primaryimage"},"image":{"@id":"https:\/\/www.siau.cat\/index.php\/2023\/02\/16\/siau-denuncia-la-direccio-general-de-personal-docent-a-treball-i-a-transparencia\/#primaryimage"},"thumbnailUrl":"https:\/\/www.siau.cat\/wp-content\/uploads\/2023\/02\/Treball-i-Transparencia-1024x1024.png","datePublished":"2023-02-16T13:05:57+00:00","dateModified":"2023-02-16T13:05:59+00:00","breadcrumb":{"@id":"https:\/\/www.siau.cat\/index.php\/2023\/02\/16\/siau-denuncia-la-direccio-general-de-personal-docent-a-treball-i-a-transparencia\/#breadcrumb"},"inLanguage":"ca","potentialAction":[{"@type":"ReadAction","target":["https:\/\/www.siau.cat\/index.php\/2023\/02\/16\/siau-denuncia-la-direccio-general-de-personal-docent-a-treball-i-a-transparencia\/"]}]},{"@type":"ImageObject","inLanguage":"ca","@id":"https:\/\/www.siau.cat\/index.php\/2023\/02\/16\/siau-denuncia-la-direccio-general-de-personal-docent-a-treball-i-a-transparencia\/#primaryimage","url":"https:\/\/www.siau.cat\/wp-content\/uploads\/2023\/02\/Treball-i-Transparencia.png","contentUrl":"https:\/\/www.siau.cat\/wp-content\/uploads\/2023\/02\/Treball-i-Transparencia.png","width":1080,"height":1080},{"@type":"BreadcrumbList","@id":"https:\/\/www.siau.cat\/index.php\/2023\/02\/16\/siau-denuncia-la-direccio-general-de-personal-docent-a-treball-i-a-transparencia\/#breadcrumb","itemListElement":[{"@type":"ListItem","position":1,"name":"Inici","item":"https:\/\/www.siau.cat\/"},{"@type":"ListItem","position":2,"name":"SIAU denuncia la Direcci\u00f3 General de Personal Docent a Treball i a Transpar\u00e8ncia"}]},{"@type":"WebSite","@id":"https:\/\/www.siau.cat\/#website","url":"https:\/\/www.siau.cat\/","name":"SIAU - SINDICAT INDEPENDENT, AUT\u00d2NOM I UNITARI","description":"Ara s&iacute; que tenim la veu","publisher":{"@id":"https:\/\/www.siau.cat\/#organization"},"potentialAction":[{"@type":"SearchAction","target":{"@type":"EntryPoint","urlTemplate":"https:\/\/www.siau.cat\/?s={search_term_string}"},"query-input":{"@type":"PropertyValueSpecification","valueRequired":true,"valueName":"search_term_string"}}],"inLanguage":"ca"},{"@type":"Organization","@id":"https:\/\/www.siau.cat\/#organization","name":"SIAU","url":"https:\/\/www.siau.cat\/","logo":{"@type":"ImageObject","inLanguage":"ca","@id":"https:\/\/www.siau.cat\/#\/schema\/logo\/image\/","url":"https:\/\/www.siau.cat\/wp-content\/uploads\/2022\/03\/cropped-resized_LOGO-SIAU-5-e1652020847972.jpg","contentUrl":"https:\/\/www.siau.cat\/wp-content\/uploads\/2022\/03\/cropped-resized_LOGO-SIAU-5-e1652020847972.jpg","width":1600,"height":1200,"caption":"SIAU"},"image":{"@id":"https:\/\/www.siau.cat\/#\/schema\/logo\/image\/"}},{"@type":"Person","@id":"https:\/\/www.siau.cat\/#\/schema\/person\/810c15694a7e538934bb4be53ebcba0d","name":"admin","image":{"@type":"ImageObject","inLanguage":"ca","@id":"https:\/\/www.siau.cat\/#\/schema\/person\/image\/","url":"https:\/\/www.siau.cat\/wp-content\/litespeed\/avatar\/d73ebfac3daa0b52552b2ccea63469da.jpg?ver=1777403609","contentUrl":"https:\/\/www.siau.cat\/wp-content\/litespeed\/avatar\/d73ebfac3daa0b52552b2ccea63469da.jpg?ver=1777403609","caption":"admin"},"sameAs":["https:\/\/www.siau.cat"],"url":"https:\/\/www.siau.cat\/index.php\/author\/admin\/"}]}},"jetpack_featured_media_url":"","jetpack_sharing_enabled":true,"_links":{"self":[{"href":"https:\/\/www.siau.cat\/index.php\/wp-json\/wp\/v2\/posts\/661","targetHints":{"allow":["GET"]}}],"collection":[{"href":"https:\/\/www.siau.cat\/index.php\/wp-json\/wp\/v2\/posts"}],"about":[{"href":"https:\/\/www.siau.cat\/index.php\/wp-json\/wp\/v2\/types\/post"}],"author":[{"embeddable":true,"href":"https:\/\/www.siau.cat\/index.php\/wp-json\/wp\/v2\/users\/1"}],"replies":[{"embeddable":true,"href":"https:\/\/www.siau.cat\/index.php\/wp-json\/wp\/v2\/comments?post=661"}],"version-history":[{"count":1,"href":"https:\/\/www.siau.cat\/index.php\/wp-json\/wp\/v2\/posts\/661\/revisions"}],"predecessor-version":[{"id":663,"href":"https:\/\/www.siau.cat\/index.php\/wp-json\/wp\/v2\/posts\/661\/revisions\/663"}],"wp:attachment":[{"href":"https:\/\/www.siau.cat\/index.php\/wp-json\/wp\/v2\/media?parent=661"}],"wp:term":[{"taxonomy":"category","embeddable":true,"href":"https:\/\/www.siau.cat\/index.php\/wp-json\/wp\/v2\/categories?post=661"},{"taxonomy":"post_tag","embeddable":true,"href":"https:\/\/www.siau.cat\/index.php\/wp-json\/wp\/v2\/tags?post=661"}],"curies":[{"name":"wp","href":"https:\/\/api.w.org\/{rel}","templated":true}]}}