{"id":668,"date":"2023-02-19T20:29:32","date_gmt":"2023-02-19T20:29:32","guid":{"rendered":"https:\/\/www.siau.cat\/?p=668"},"modified":"2023-02-19T22:00:41","modified_gmt":"2023-02-19T22:00:41","slug":"siau-condemna-lactitud-hipocrita-de-la-conselleria-deducacio-i-dels-seus-sindicats","status":"publish","type":"post","link":"https:\/\/www.siau.cat\/index.php\/2023\/02\/19\/siau-condemna-lactitud-hipocrita-de-la-conselleria-deducacio-i-dels-seus-sindicats\/","title":{"rendered":"SIAU condemna l&#8217;actitud hip\u00f2crita de la Conselleria d&#8217;Educaci\u00f3 i dels seus sindicats"},"content":{"rendered":"\n<figure class=\"wp-block-image size-large\"><img loading=\"lazy\" decoding=\"async\" width=\"892\" height=\"1024\" src=\"https:\/\/www.siau.cat\/wp-content\/uploads\/2023\/02\/Amenaces-892x1024.png\" alt=\"\" class=\"wp-image-669\" srcset=\"https:\/\/www.siau.cat\/wp-content\/uploads\/2023\/02\/Amenaces-892x1024.png 892w, https:\/\/www.siau.cat\/wp-content\/uploads\/2023\/02\/Amenaces-350x402.png 350w, https:\/\/www.siau.cat\/wp-content\/uploads\/2023\/02\/Amenaces-261x300.png 261w, https:\/\/www.siau.cat\/wp-content\/uploads\/2023\/02\/Amenaces-768x882.png 768w, https:\/\/www.siau.cat\/wp-content\/uploads\/2023\/02\/Amenaces-21x24.png 21w, https:\/\/www.siau.cat\/wp-content\/uploads\/2023\/02\/Amenaces-31x36.png 31w, https:\/\/www.siau.cat\/wp-content\/uploads\/2023\/02\/Amenaces-42x48.png 42w, https:\/\/www.siau.cat\/wp-content\/uploads\/2023\/02\/Amenaces.png 1096w\" sizes=\"auto, (max-width: 767px) 89vw, (max-width: 1000px) 54vw, (max-width: 1071px) 543px, 580px\" \/><figcaption class=\"wp-element-caption\">Not\u00edcia del Diario de Mallorca (18-02-23)<\/figcaption><\/figure>\n\n\n\n<p class=\"has-text-align-justify\"><br>Des de SIAU no tolerarem que la Conselleria i els seus sindicats q\u00fcestionin i amenacin als docents que s&#8217;han apuntat a m\u00e9s d&#8217;una especialitat: siguin 20, 30, 70 o m\u00e9s de 100 (com ha estat tamb\u00e9 el cas d&#8217;un docent de les illes). Tamb\u00e9 expedientaran als seus alliberats i ATDs que han fet el mateix? Les normes dels processos d&#8217;estabilitzaci\u00f3 se saben de molt abans de la publicaci\u00f3 de les llistes provisionals d\u2019admesos, i tots els sindicats que en el seu moment les varen tractar en mesa hi varen estar ben d&#8217;acord, no mostraren cap mena d&#8217;oposici\u00f3. Nom\u00e9s es varen dedicar a posar excuses barates del tipus: aix\u00f2 ens ve de Madrid, no podem fer res encara que governi el mateix partit pol\u00edtic al govern central, etc. B\u00e9 que ha interessat pressionar al professorat perqu\u00e8 desembutxaqu\u00e9s una milionada d\u2019euros i s&#8217;apunt\u00e9s al que fos, com perqu\u00e8 ara ens venguin amb aquestes, amb amenaces d&#8217;obrir expedients per complir la seva pr\u00f2pia normativa i accedir a fer el que han estat demanant de manera insistent. Jutjar a companys docents, sense con\u00e8ixer els motius reals de les seves accions, en comptes dels que han votat a favor d&#8217;aquestes normes i no es varen queixar en el seu moment, o dels que les han redactades, ens sembla d&#8217;acudit i un intent a la desesperada d&#8217;intentar dividir al col\u00b7lectiu d&#8217;interins poques setmanes abans d&#8217;unes eleccions pol\u00edtiques. Est\u00e0 clar que la mobilitzaci\u00f3 al carrer no els interessa i cerquen qualsevol excusa per rompre aquesta unitat.<\/p>\n\n\n\n<p class=\"has-text-align-justify\">SIAU porta des del seu naixement denunciant constantment el que passaria en aquest concurs, com tamb\u00e9 v\u00e0rem informar repetides vegades i de manera p\u00fablica, una de les darreres va ser a la nostra publicaci\u00f3 del passat 18 de gener, que hi havia persones que s&#8217;havien gastat molts de doblers a tall de cr\u00edtica i den\u00fancia contra un sistema que no t\u00e9 ni cap ni peus, entre altres motius que ens semblen completament leg\u00edtims. Intentar desprestigiar a companys docents per aix\u00f2, no nom\u00e9s ens sembla rid\u00edcul sin\u00f3 que tamb\u00e9 ho consideram caure en el joc de la Conselleria i els seus sindicats, que \u00e9s el que ara mateix els interessa. Basta aturar-se a pensar perqu\u00e8 les queixes i les amenaces venen ara i no l\u2019any passat quan es va donar el vistiplau a aquesta aberraci\u00f3 legal.<br><br>Per acabar, volem fer un advertiment clar a la Conselleria: des del nostre sindicat proporcionarem assessorament i ajuda gratu\u00efta a qualsevol docent que se li intenti expedientar pel simple fet de complir amb l&#8217;absurda normativa que se&#8217;ns ha imposat.<\/p>\n","protected":false},"excerpt":{"rendered":"<p>Des de SIAU no tolerarem que la Conselleria i els seus sindicats q\u00fcestionin i amenacin als docents que s&#8217;han apuntat a m\u00e9s d&#8217;una especialitat: siguin 20, 30, 70 o m\u00e9s de 100 (com ha estat tamb\u00e9 el cas d&#8217;un docent de les illes). Tamb\u00e9 expedientaran als seus alliberats i ATDs que han fet el mateix? &hellip; <\/p>\n<p class=\"link-more\"><a href=\"https:\/\/www.siau.cat\/index.php\/2023\/02\/19\/siau-condemna-lactitud-hipocrita-de-la-conselleria-deducacio-i-dels-seus-sindicats\/\" class=\"more-link\">Continua llegint <span class=\"screen-reader-text\">\u00abSIAU condemna l&#8217;actitud hip\u00f2crita de la Conselleria d&#8217;Educaci\u00f3 i dels seus sindicats\u00bb<\/span><\/a><\/p>\n","protected":false},"author":1,"featured_media":0,"comment_status":"closed","ping_status":"open","sticky":false,"template":"","format":"standard","meta":{"_jetpack_memberships_contains_paid_content":false,"footnotes":""},"categories":[1],"tags":[],"class_list":["post-668","post","type-post","status-publish","format-standard","hentry","category-uncategorized"],"yoast_head":"<!-- This site is optimized with the Yoast SEO plugin v25.4 - https:\/\/yoast.com\/wordpress\/plugins\/seo\/ -->\n<title>SIAU condemna l&#039;actitud hip\u00f2crita de la Conselleria d&#039;Educaci\u00f3 i dels seus sindicats &#8212; SIAU - SINDICAT INDEPENDENT, AUT\u00d2NOM I UNITARI<\/title>\n<meta name=\"robots\" content=\"index, follow, max-snippet:-1, max-image-preview:large, max-video-preview:-1\" \/>\n<link rel=\"canonical\" href=\"https:\/\/www.siau.cat\/index.php\/2023\/02\/19\/siau-condemna-lactitud-hipocrita-de-la-conselleria-deducacio-i-dels-seus-sindicats\/\" \/>\n<meta property=\"og:locale\" content=\"ca_ES\" \/>\n<meta property=\"og:type\" content=\"article\" \/>\n<meta property=\"og:title\" content=\"SIAU condemna l&#039;actitud hip\u00f2crita de la Conselleria d&#039;Educaci\u00f3 i dels seus sindicats &#8212; SIAU - SINDICAT INDEPENDENT, AUT\u00d2NOM I UNITARI\" \/>\n<meta property=\"og:description\" content=\"Des de SIAU no tolerarem que la Conselleria i els seus sindicats q\u00fcestionin i amenacin als docents que s&#8217;han apuntat a m\u00e9s d&#8217;una especialitat: siguin 20, 30, 70 o m\u00e9s de 100 (com ha estat tamb\u00e9 el cas d&#8217;un docent de les illes). Tamb\u00e9 expedientaran als seus alliberats i ATDs que han fet el mateix? &hellip; Continua llegint \u00abSIAU condemna l&#8217;actitud hip\u00f2crita de la Conselleria d&#8217;Educaci\u00f3 i dels seus sindicats\u00bb\" \/>\n<meta property=\"og:url\" content=\"https:\/\/www.siau.cat\/index.php\/2023\/02\/19\/siau-condemna-lactitud-hipocrita-de-la-conselleria-deducacio-i-dels-seus-sindicats\/\" \/>\n<meta property=\"og:site_name\" content=\"SIAU - SINDICAT INDEPENDENT, AUT\u00d2NOM I UNITARI\" \/>\n<meta property=\"article:published_time\" content=\"2023-02-19T20:29:32+00:00\" \/>\n<meta property=\"article:modified_time\" content=\"2023-02-19T22:00:41+00:00\" \/>\n<meta property=\"og:image\" content=\"https:\/\/www.siau.cat\/wp-content\/uploads\/2023\/02\/Amenaces-892x1024.png\" \/>\n<meta name=\"author\" content=\"admin\" \/>\n<meta name=\"twitter:card\" content=\"summary_large_image\" \/>\n<meta name=\"twitter:label1\" content=\"Escrit per\" \/>\n\t<meta name=\"twitter:data1\" content=\"admin\" \/>\n\t<meta name=\"twitter:label2\" content=\"Temps estimat de lectura\" \/>\n\t<meta name=\"twitter:data2\" content=\"3 minuts\" \/>\n<script type=\"application\/ld+json\" class=\"yoast-schema-graph\">{\"@context\":\"https:\/\/schema.org\",\"@graph\":[{\"@type\":\"Article\",\"@id\":\"https:\/\/www.siau.cat\/index.php\/2023\/02\/19\/siau-condemna-lactitud-hipocrita-de-la-conselleria-deducacio-i-dels-seus-sindicats\/#article\",\"isPartOf\":{\"@id\":\"https:\/\/www.siau.cat\/index.php\/2023\/02\/19\/siau-condemna-lactitud-hipocrita-de-la-conselleria-deducacio-i-dels-seus-sindicats\/\"},\"author\":{\"name\":\"admin\",\"@id\":\"https:\/\/www.siau.cat\/#\/schema\/person\/810c15694a7e538934bb4be53ebcba0d\"},\"headline\":\"SIAU condemna l&#8217;actitud hip\u00f2crita de la Conselleria d&#8217;Educaci\u00f3 i dels seus sindicats\",\"datePublished\":\"2023-02-19T20:29:32+00:00\",\"dateModified\":\"2023-02-19T22:00:41+00:00\",\"mainEntityOfPage\":{\"@id\":\"https:\/\/www.siau.cat\/index.php\/2023\/02\/19\/siau-condemna-lactitud-hipocrita-de-la-conselleria-deducacio-i-dels-seus-sindicats\/\"},\"wordCount\":479,\"publisher\":{\"@id\":\"https:\/\/www.siau.cat\/#organization\"},\"image\":{\"@id\":\"https:\/\/www.siau.cat\/index.php\/2023\/02\/19\/siau-condemna-lactitud-hipocrita-de-la-conselleria-deducacio-i-dels-seus-sindicats\/#primaryimage\"},\"thumbnailUrl\":\"https:\/\/www.siau.cat\/wp-content\/uploads\/2023\/02\/Amenaces-892x1024.png\",\"articleSection\":[\"Uncategorized\"],\"inLanguage\":\"ca\"},{\"@type\":\"WebPage\",\"@id\":\"https:\/\/www.siau.cat\/index.php\/2023\/02\/19\/siau-condemna-lactitud-hipocrita-de-la-conselleria-deducacio-i-dels-seus-sindicats\/\",\"url\":\"https:\/\/www.siau.cat\/index.php\/2023\/02\/19\/siau-condemna-lactitud-hipocrita-de-la-conselleria-deducacio-i-dels-seus-sindicats\/\",\"name\":\"SIAU condemna l'actitud hip\u00f2crita de la Conselleria d'Educaci\u00f3 i dels seus sindicats &#8212; SIAU - SINDICAT INDEPENDENT, AUT\u00d2NOM I UNITARI\",\"isPartOf\":{\"@id\":\"https:\/\/www.siau.cat\/#website\"},\"primaryImageOfPage\":{\"@id\":\"https:\/\/www.siau.cat\/index.php\/2023\/02\/19\/siau-condemna-lactitud-hipocrita-de-la-conselleria-deducacio-i-dels-seus-sindicats\/#primaryimage\"},\"image\":{\"@id\":\"https:\/\/www.siau.cat\/index.php\/2023\/02\/19\/siau-condemna-lactitud-hipocrita-de-la-conselleria-deducacio-i-dels-seus-sindicats\/#primaryimage\"},\"thumbnailUrl\":\"https:\/\/www.siau.cat\/wp-content\/uploads\/2023\/02\/Amenaces-892x1024.png\",\"datePublished\":\"2023-02-19T20:29:32+00:00\",\"dateModified\":\"2023-02-19T22:00:41+00:00\",\"breadcrumb\":{\"@id\":\"https:\/\/www.siau.cat\/index.php\/2023\/02\/19\/siau-condemna-lactitud-hipocrita-de-la-conselleria-deducacio-i-dels-seus-sindicats\/#breadcrumb\"},\"inLanguage\":\"ca\",\"potentialAction\":[{\"@type\":\"ReadAction\",\"target\":[\"https:\/\/www.siau.cat\/index.php\/2023\/02\/19\/siau-condemna-lactitud-hipocrita-de-la-conselleria-deducacio-i-dels-seus-sindicats\/\"]}]},{\"@type\":\"ImageObject\",\"inLanguage\":\"ca\",\"@id\":\"https:\/\/www.siau.cat\/index.php\/2023\/02\/19\/siau-condemna-lactitud-hipocrita-de-la-conselleria-deducacio-i-dels-seus-sindicats\/#primaryimage\",\"url\":\"https:\/\/www.siau.cat\/wp-content\/uploads\/2023\/02\/Amenaces.png\",\"contentUrl\":\"https:\/\/www.siau.cat\/wp-content\/uploads\/2023\/02\/Amenaces.png\",\"width\":1096,\"height\":1258},{\"@type\":\"BreadcrumbList\",\"@id\":\"https:\/\/www.siau.cat\/index.php\/2023\/02\/19\/siau-condemna-lactitud-hipocrita-de-la-conselleria-deducacio-i-dels-seus-sindicats\/#breadcrumb\",\"itemListElement\":[{\"@type\":\"ListItem\",\"position\":1,\"name\":\"Inici\",\"item\":\"https:\/\/www.siau.cat\/\"},{\"@type\":\"ListItem\",\"position\":2,\"name\":\"SIAU condemna l&#8217;actitud hip\u00f2crita de la Conselleria d&#8217;Educaci\u00f3 i dels seus sindicats\"}]},{\"@type\":\"WebSite\",\"@id\":\"https:\/\/www.siau.cat\/#website\",\"url\":\"https:\/\/www.siau.cat\/\",\"name\":\"SIAU - SINDICAT INDEPENDENT, AUT\u00d2NOM I UNITARI\",\"description\":\"Ara s&iacute; que tenim la veu\",\"publisher\":{\"@id\":\"https:\/\/www.siau.cat\/#organization\"},\"potentialAction\":[{\"@type\":\"SearchAction\",\"target\":{\"@type\":\"EntryPoint\",\"urlTemplate\":\"https:\/\/www.siau.cat\/?s={search_term_string}\"},\"query-input\":{\"@type\":\"PropertyValueSpecification\",\"valueRequired\":true,\"valueName\":\"search_term_string\"}}],\"inLanguage\":\"ca\"},{\"@type\":\"Organization\",\"@id\":\"https:\/\/www.siau.cat\/#organization\",\"name\":\"SIAU\",\"url\":\"https:\/\/www.siau.cat\/\",\"logo\":{\"@type\":\"ImageObject\",\"inLanguage\":\"ca\",\"@id\":\"https:\/\/www.siau.cat\/#\/schema\/logo\/image\/\",\"url\":\"https:\/\/www.siau.cat\/wp-content\/uploads\/2022\/03\/cropped-resized_LOGO-SIAU-5-e1652020847972.jpg\",\"contentUrl\":\"https:\/\/www.siau.cat\/wp-content\/uploads\/2022\/03\/cropped-resized_LOGO-SIAU-5-e1652020847972.jpg\",\"width\":1600,\"height\":1200,\"caption\":\"SIAU\"},\"image\":{\"@id\":\"https:\/\/www.siau.cat\/#\/schema\/logo\/image\/\"}},{\"@type\":\"Person\",\"@id\":\"https:\/\/www.siau.cat\/#\/schema\/person\/810c15694a7e538934bb4be53ebcba0d\",\"name\":\"admin\",\"image\":{\"@type\":\"ImageObject\",\"inLanguage\":\"ca\",\"@id\":\"https:\/\/www.siau.cat\/#\/schema\/person\/image\/\",\"url\":\"https:\/\/www.siau.cat\/wp-content\/litespeed\/avatar\/d73ebfac3daa0b52552b2ccea63469da.jpg?ver=1777403609\",\"contentUrl\":\"https:\/\/www.siau.cat\/wp-content\/litespeed\/avatar\/d73ebfac3daa0b52552b2ccea63469da.jpg?ver=1777403609\",\"caption\":\"admin\"},\"sameAs\":[\"https:\/\/www.siau.cat\"],\"url\":\"https:\/\/www.siau.cat\/index.php\/author\/admin\/\"}]}<\/script>\n<!-- \/ Yoast SEO plugin. -->","yoast_head_json":{"title":"SIAU condemna l'actitud hip\u00f2crita de la Conselleria d'Educaci\u00f3 i dels seus sindicats &#8212; SIAU - SINDICAT INDEPENDENT, AUT\u00d2NOM I UNITARI","robots":{"index":"index","follow":"follow","max-snippet":"max-snippet:-1","max-image-preview":"max-image-preview:large","max-video-preview":"max-video-preview:-1"},"canonical":"https:\/\/www.siau.cat\/index.php\/2023\/02\/19\/siau-condemna-lactitud-hipocrita-de-la-conselleria-deducacio-i-dels-seus-sindicats\/","og_locale":"ca_ES","og_type":"article","og_title":"SIAU condemna l'actitud hip\u00f2crita de la Conselleria d'Educaci\u00f3 i dels seus sindicats &#8212; SIAU - SINDICAT INDEPENDENT, AUT\u00d2NOM I UNITARI","og_description":"Des de SIAU no tolerarem que la Conselleria i els seus sindicats q\u00fcestionin i amenacin als docents que s&#8217;han apuntat a m\u00e9s d&#8217;una especialitat: siguin 20, 30, 70 o m\u00e9s de 100 (com ha estat tamb\u00e9 el cas d&#8217;un docent de les illes). Tamb\u00e9 expedientaran als seus alliberats i ATDs que han fet el mateix? &hellip; Continua llegint \u00abSIAU condemna l&#8217;actitud hip\u00f2crita de la Conselleria d&#8217;Educaci\u00f3 i dels seus sindicats\u00bb","og_url":"https:\/\/www.siau.cat\/index.php\/2023\/02\/19\/siau-condemna-lactitud-hipocrita-de-la-conselleria-deducacio-i-dels-seus-sindicats\/","og_site_name":"SIAU - SINDICAT INDEPENDENT, AUT\u00d2NOM I UNITARI","article_published_time":"2023-02-19T20:29:32+00:00","article_modified_time":"2023-02-19T22:00:41+00:00","og_image":[{"url":"https:\/\/www.siau.cat\/wp-content\/uploads\/2023\/02\/Amenaces-892x1024.png","type":"","width":"","height":""}],"author":"admin","twitter_card":"summary_large_image","twitter_misc":{"Escrit per":"admin","Temps estimat de lectura":"3 minuts"},"schema":{"@context":"https:\/\/schema.org","@graph":[{"@type":"Article","@id":"https:\/\/www.siau.cat\/index.php\/2023\/02\/19\/siau-condemna-lactitud-hipocrita-de-la-conselleria-deducacio-i-dels-seus-sindicats\/#article","isPartOf":{"@id":"https:\/\/www.siau.cat\/index.php\/2023\/02\/19\/siau-condemna-lactitud-hipocrita-de-la-conselleria-deducacio-i-dels-seus-sindicats\/"},"author":{"name":"admin","@id":"https:\/\/www.siau.cat\/#\/schema\/person\/810c15694a7e538934bb4be53ebcba0d"},"headline":"SIAU condemna l&#8217;actitud hip\u00f2crita de la Conselleria d&#8217;Educaci\u00f3 i dels seus sindicats","datePublished":"2023-02-19T20:29:32+00:00","dateModified":"2023-02-19T22:00:41+00:00","mainEntityOfPage":{"@id":"https:\/\/www.siau.cat\/index.php\/2023\/02\/19\/siau-condemna-lactitud-hipocrita-de-la-conselleria-deducacio-i-dels-seus-sindicats\/"},"wordCount":479,"publisher":{"@id":"https:\/\/www.siau.cat\/#organization"},"image":{"@id":"https:\/\/www.siau.cat\/index.php\/2023\/02\/19\/siau-condemna-lactitud-hipocrita-de-la-conselleria-deducacio-i-dels-seus-sindicats\/#primaryimage"},"thumbnailUrl":"https:\/\/www.siau.cat\/wp-content\/uploads\/2023\/02\/Amenaces-892x1024.png","articleSection":["Uncategorized"],"inLanguage":"ca"},{"@type":"WebPage","@id":"https:\/\/www.siau.cat\/index.php\/2023\/02\/19\/siau-condemna-lactitud-hipocrita-de-la-conselleria-deducacio-i-dels-seus-sindicats\/","url":"https:\/\/www.siau.cat\/index.php\/2023\/02\/19\/siau-condemna-lactitud-hipocrita-de-la-conselleria-deducacio-i-dels-seus-sindicats\/","name":"SIAU condemna l'actitud hip\u00f2crita de la Conselleria d'Educaci\u00f3 i dels seus sindicats &#8212; SIAU - SINDICAT INDEPENDENT, AUT\u00d2NOM I UNITARI","isPartOf":{"@id":"https:\/\/www.siau.cat\/#website"},"primaryImageOfPage":{"@id":"https:\/\/www.siau.cat\/index.php\/2023\/02\/19\/siau-condemna-lactitud-hipocrita-de-la-conselleria-deducacio-i-dels-seus-sindicats\/#primaryimage"},"image":{"@id":"https:\/\/www.siau.cat\/index.php\/2023\/02\/19\/siau-condemna-lactitud-hipocrita-de-la-conselleria-deducacio-i-dels-seus-sindicats\/#primaryimage"},"thumbnailUrl":"https:\/\/www.siau.cat\/wp-content\/uploads\/2023\/02\/Amenaces-892x1024.png","datePublished":"2023-02-19T20:29:32+00:00","dateModified":"2023-02-19T22:00:41+00:00","breadcrumb":{"@id":"https:\/\/www.siau.cat\/index.php\/2023\/02\/19\/siau-condemna-lactitud-hipocrita-de-la-conselleria-deducacio-i-dels-seus-sindicats\/#breadcrumb"},"inLanguage":"ca","potentialAction":[{"@type":"ReadAction","target":["https:\/\/www.siau.cat\/index.php\/2023\/02\/19\/siau-condemna-lactitud-hipocrita-de-la-conselleria-deducacio-i-dels-seus-sindicats\/"]}]},{"@type":"ImageObject","inLanguage":"ca","@id":"https:\/\/www.siau.cat\/index.php\/2023\/02\/19\/siau-condemna-lactitud-hipocrita-de-la-conselleria-deducacio-i-dels-seus-sindicats\/#primaryimage","url":"https:\/\/www.siau.cat\/wp-content\/uploads\/2023\/02\/Amenaces.png","contentUrl":"https:\/\/www.siau.cat\/wp-content\/uploads\/2023\/02\/Amenaces.png","width":1096,"height":1258},{"@type":"BreadcrumbList","@id":"https:\/\/www.siau.cat\/index.php\/2023\/02\/19\/siau-condemna-lactitud-hipocrita-de-la-conselleria-deducacio-i-dels-seus-sindicats\/#breadcrumb","itemListElement":[{"@type":"ListItem","position":1,"name":"Inici","item":"https:\/\/www.siau.cat\/"},{"@type":"ListItem","position":2,"name":"SIAU condemna l&#8217;actitud hip\u00f2crita de la Conselleria d&#8217;Educaci\u00f3 i dels seus sindicats"}]},{"@type":"WebSite","@id":"https:\/\/www.siau.cat\/#website","url":"https:\/\/www.siau.cat\/","name":"SIAU - SINDICAT INDEPENDENT, AUT\u00d2NOM I UNITARI","description":"Ara s&iacute; que tenim la veu","publisher":{"@id":"https:\/\/www.siau.cat\/#organization"},"potentialAction":[{"@type":"SearchAction","target":{"@type":"EntryPoint","urlTemplate":"https:\/\/www.siau.cat\/?s={search_term_string}"},"query-input":{"@type":"PropertyValueSpecification","valueRequired":true,"valueName":"search_term_string"}}],"inLanguage":"ca"},{"@type":"Organization","@id":"https:\/\/www.siau.cat\/#organization","name":"SIAU","url":"https:\/\/www.siau.cat\/","logo":{"@type":"ImageObject","inLanguage":"ca","@id":"https:\/\/www.siau.cat\/#\/schema\/logo\/image\/","url":"https:\/\/www.siau.cat\/wp-content\/uploads\/2022\/03\/cropped-resized_LOGO-SIAU-5-e1652020847972.jpg","contentUrl":"https:\/\/www.siau.cat\/wp-content\/uploads\/2022\/03\/cropped-resized_LOGO-SIAU-5-e1652020847972.jpg","width":1600,"height":1200,"caption":"SIAU"},"image":{"@id":"https:\/\/www.siau.cat\/#\/schema\/logo\/image\/"}},{"@type":"Person","@id":"https:\/\/www.siau.cat\/#\/schema\/person\/810c15694a7e538934bb4be53ebcba0d","name":"admin","image":{"@type":"ImageObject","inLanguage":"ca","@id":"https:\/\/www.siau.cat\/#\/schema\/person\/image\/","url":"https:\/\/www.siau.cat\/wp-content\/litespeed\/avatar\/d73ebfac3daa0b52552b2ccea63469da.jpg?ver=1777403609","contentUrl":"https:\/\/www.siau.cat\/wp-content\/litespeed\/avatar\/d73ebfac3daa0b52552b2ccea63469da.jpg?ver=1777403609","caption":"admin"},"sameAs":["https:\/\/www.siau.cat"],"url":"https:\/\/www.siau.cat\/index.php\/author\/admin\/"}]}},"jetpack_featured_media_url":"","jetpack_sharing_enabled":true,"_links":{"self":[{"href":"https:\/\/www.siau.cat\/index.php\/wp-json\/wp\/v2\/posts\/668","targetHints":{"allow":["GET"]}}],"collection":[{"href":"https:\/\/www.siau.cat\/index.php\/wp-json\/wp\/v2\/posts"}],"about":[{"href":"https:\/\/www.siau.cat\/index.php\/wp-json\/wp\/v2\/types\/post"}],"author":[{"embeddable":true,"href":"https:\/\/www.siau.cat\/index.php\/wp-json\/wp\/v2\/users\/1"}],"replies":[{"embeddable":true,"href":"https:\/\/www.siau.cat\/index.php\/wp-json\/wp\/v2\/comments?post=668"}],"version-history":[{"count":2,"href":"https:\/\/www.siau.cat\/index.php\/wp-json\/wp\/v2\/posts\/668\/revisions"}],"predecessor-version":[{"id":671,"href":"https:\/\/www.siau.cat\/index.php\/wp-json\/wp\/v2\/posts\/668\/revisions\/671"}],"wp:attachment":[{"href":"https:\/\/www.siau.cat\/index.php\/wp-json\/wp\/v2\/media?parent=668"}],"wp:term":[{"taxonomy":"category","embeddable":true,"href":"https:\/\/www.siau.cat\/index.php\/wp-json\/wp\/v2\/categories?post=668"},{"taxonomy":"post_tag","embeddable":true,"href":"https:\/\/www.siau.cat\/index.php\/wp-json\/wp\/v2\/tags?post=668"}],"curies":[{"name":"wp","href":"https:\/\/api.w.org\/{rel}","templated":true}]}}