{"id":684,"date":"2023-02-23T17:49:46","date_gmt":"2023-02-23T17:49:46","guid":{"rendered":"https:\/\/www.siau.cat\/?p=684"},"modified":"2023-02-23T17:49:47","modified_gmt":"2023-02-23T17:49:47","slug":"siau-rep-les-claus-del-local-sindical-de-mallorca","status":"publish","type":"post","link":"https:\/\/www.siau.cat\/index.php\/2023\/02\/23\/siau-rep-les-claus-del-local-sindical-de-mallorca\/","title":{"rendered":"SIAU rep les claus del local sindical de Mallorca"},"content":{"rendered":"\n<figure class=\"wp-block-image size-large\"><img loading=\"lazy\" decoding=\"async\" width=\"1024\" height=\"914\" src=\"https:\/\/www.siau.cat\/wp-content\/uploads\/2023\/02\/local-SIAU-1024x914.jpg\" alt=\"\" class=\"wp-image-686\" srcset=\"https:\/\/www.siau.cat\/wp-content\/uploads\/2023\/02\/local-SIAU-1024x914.jpg 1024w, https:\/\/www.siau.cat\/wp-content\/uploads\/2023\/02\/local-SIAU-scaled-350x312.jpg 350w, https:\/\/www.siau.cat\/wp-content\/uploads\/2023\/02\/local-SIAU-300x268.jpg 300w, https:\/\/www.siau.cat\/wp-content\/uploads\/2023\/02\/local-SIAU-768x685.jpg 768w, https:\/\/www.siau.cat\/wp-content\/uploads\/2023\/02\/local-SIAU-1536x1371.jpg 1536w, https:\/\/www.siau.cat\/wp-content\/uploads\/2023\/02\/local-SIAU-2048x1828.jpg 2048w, https:\/\/www.siau.cat\/wp-content\/uploads\/2023\/02\/local-SIAU-24x21.jpg 24w, https:\/\/www.siau.cat\/wp-content\/uploads\/2023\/02\/local-SIAU-36x32.jpg 36w, https:\/\/www.siau.cat\/wp-content\/uploads\/2023\/02\/local-SIAU-48x43.jpg 48w\" sizes=\"auto, (max-width: 767px) 89vw, (max-width: 1000px) 54vw, (max-width: 1071px) 543px, 580px\" \/><figcaption class=\"wp-element-caption\">Imatge d&#8217;una de les taules del local sindical de SIAU<\/figcaption><\/figure>\n\n\n\n<p class=\"has-text-align-justify\">Des de SIAU ens alegram que finalment la Secretaria General, sota les ordres de Tomeu Barcel\u00f3, avui ens hagi fet entrega de les claus del nostre local sindical de Mallorca, en compliment de l&#8217;article 8.2 c), LOLS, que reconeix el dret (sense perjudici del que s&#8217;estableixi mitjan\u00e7ant conveni col\u00b7lectiu) de les seccions sindicals dels sindicats m\u00e9s representatius i dels que tinguin representaci\u00f3 als comit\u00e8s d&#8217;empresa i als \u00f2rgans de representaci\u00f3 que s&#8217;estableixin a les administracions p\u00fabliques o compten amb delegats de personal a &#8220;la utilitzaci\u00f3 d&#8217;un local adequat on puguin desenvolupar les seves activitats en aquelles empreses o centres de treball amb m\u00e9s de 250 treballadors&#8221;.<\/p>\n\n\n\n<p class=\"has-text-align-justify\">Avui, quan se\u2019ns han entregat les claus, hem pogut acabar de constatar la difer\u00e8ncia abismal de tracte i acatament de la llei que observam entre distints departaments de la mateixa Conselleria d\u2019Educaci\u00f3. Mentre que la Secretaria General, que gestiona el tema dels locals sindicals, t\u00e9 clara la llei i no s\u2019ha plantejat en cap moment vulnerar la nostra llibertat sindical, la Direcci\u00f3 General de Personal Docent, sota les ordres de Rafaela S\u00e1nchez, encara no ens ha descongelat els recursos humans als quals tenim dret per mandat electoral. Ara com ara continua volent aplicar, per primera vegada despr\u00e9s de dues legislatures senceres, un Acord del Consell de Govern de l\u2019any 2006 que roman susp\u00e8s i que no diu el que ells volen fer creure; entenem que amb la finalitat de mantenir el cr\u00e8dit horari a aquells sindicats que s\u2019han desplomat, a costa de robar-nos quasi un any del nostre mandat electoral. Hem d\u2019insistir que aquest criteri mai s\u2019havia aplicat en vuit anys. Un esc\u00e0ndol antidemocr\u00e0tic sense precedents a les Illes Balears. Us imaginau que per maig hi hagu\u00e9s un canvi de color en el Govern i robassin quasi un any del mandat electoral al nou Govern? I aix\u00f2 no \u00e9s tot. Hi ha molt m\u00e9s a dir d\u2019aquest tema, per\u00f2 en aquests moments ens hem d\u2019esperar, ja que s\u2019haur\u00e0 d\u2019acabar de tractar en profunditat en els tribunals de just\u00edcia. En tot cas, ara que disposam d\u2019un local sindical sense recursos humans (ni tan sols a mitja jornada), us pregam que si ens voleu visitar, abans concerteu una entrevista amb nosaltres i acordar\u00edem dia i hora per dur a terme la trobada. Ens localitzareu al carrer de Gregorio Mara\u00f1\u00f3n 3, Palma. Us informam que quan entreu dins l\u2019edifici heu d\u2019agafar el passad\u00eds fins al fons a m\u00e0 dreta, i all\u00e0 estarem.<\/p>\n\n\n\n<p class=\"has-text-align-justify\">Com a reflexi\u00f3 final, destacar que SIAU sap valorar quan la gesti\u00f3 es fa com toca (com ha estat, almenys fins ara, el cas de la Secretaria General) i quan es fa de manera nefasta (com \u00e9s el cas de la Direcci\u00f3 General de Personal Docent). A veure si els darrers agafen mostra dels primers!<\/p>\n","protected":false},"excerpt":{"rendered":"<p>Des de SIAU ens alegram que finalment la Secretaria General, sota les ordres de Tomeu Barcel\u00f3, avui ens hagi fet entrega de les claus del nostre local sindical de Mallorca, en compliment de l&#8217;article 8.2 c), LOLS, que reconeix el dret (sense perjudici del que s&#8217;estableixi mitjan\u00e7ant conveni col\u00b7lectiu) de les seccions sindicals dels sindicats &hellip; <\/p>\n<p class=\"link-more\"><a href=\"https:\/\/www.siau.cat\/index.php\/2023\/02\/23\/siau-rep-les-claus-del-local-sindical-de-mallorca\/\" class=\"more-link\">Continua llegint <span class=\"screen-reader-text\">\u00abSIAU rep les claus del local sindical de Mallorca\u00bb<\/span><\/a><\/p>\n","protected":false},"author":1,"featured_media":0,"comment_status":"closed","ping_status":"open","sticky":false,"template":"","format":"standard","meta":{"_jetpack_memberships_contains_paid_content":false,"footnotes":""},"categories":[1],"tags":[],"class_list":["post-684","post","type-post","status-publish","format-standard","hentry","category-uncategorized"],"yoast_head":"<!-- This site is optimized with the Yoast SEO plugin v25.4 - https:\/\/yoast.com\/wordpress\/plugins\/seo\/ -->\n<title>SIAU rep les claus del local sindical de Mallorca &#8212; SIAU - SINDICAT INDEPENDENT, AUT\u00d2NOM I UNITARI<\/title>\n<meta name=\"robots\" content=\"index, follow, max-snippet:-1, max-image-preview:large, max-video-preview:-1\" \/>\n<link rel=\"canonical\" href=\"https:\/\/www.siau.cat\/index.php\/2023\/02\/23\/siau-rep-les-claus-del-local-sindical-de-mallorca\/\" \/>\n<meta property=\"og:locale\" content=\"ca_ES\" \/>\n<meta property=\"og:type\" content=\"article\" \/>\n<meta property=\"og:title\" content=\"SIAU rep les claus del local sindical de Mallorca &#8212; SIAU - SINDICAT INDEPENDENT, AUT\u00d2NOM I UNITARI\" \/>\n<meta property=\"og:description\" content=\"Des de SIAU ens alegram que finalment la Secretaria General, sota les ordres de Tomeu Barcel\u00f3, avui ens hagi fet entrega de les claus del nostre local sindical de Mallorca, en compliment de l&#8217;article 8.2 c), LOLS, que reconeix el dret (sense perjudici del que s&#8217;estableixi mitjan\u00e7ant conveni col\u00b7lectiu) de les seccions sindicals dels sindicats &hellip; Continua llegint \u00abSIAU rep les claus del local sindical de Mallorca\u00bb\" \/>\n<meta property=\"og:url\" content=\"https:\/\/www.siau.cat\/index.php\/2023\/02\/23\/siau-rep-les-claus-del-local-sindical-de-mallorca\/\" \/>\n<meta property=\"og:site_name\" content=\"SIAU - SINDICAT INDEPENDENT, AUT\u00d2NOM I UNITARI\" \/>\n<meta property=\"article:published_time\" content=\"2023-02-23T17:49:46+00:00\" \/>\n<meta property=\"article:modified_time\" content=\"2023-02-23T17:49:47+00:00\" \/>\n<meta property=\"og:image\" content=\"https:\/\/www.siau.cat\/wp-content\/uploads\/2023\/02\/local-SIAU-1024x914.jpg\" \/>\n<meta name=\"author\" content=\"admin\" \/>\n<meta name=\"twitter:card\" content=\"summary_large_image\" \/>\n<meta name=\"twitter:label1\" content=\"Escrit per\" \/>\n\t<meta name=\"twitter:data1\" content=\"admin\" \/>\n\t<meta name=\"twitter:label2\" content=\"Temps estimat de lectura\" \/>\n\t<meta name=\"twitter:data2\" content=\"3 minuts\" \/>\n<script type=\"application\/ld+json\" class=\"yoast-schema-graph\">{\"@context\":\"https:\/\/schema.org\",\"@graph\":[{\"@type\":\"Article\",\"@id\":\"https:\/\/www.siau.cat\/index.php\/2023\/02\/23\/siau-rep-les-claus-del-local-sindical-de-mallorca\/#article\",\"isPartOf\":{\"@id\":\"https:\/\/www.siau.cat\/index.php\/2023\/02\/23\/siau-rep-les-claus-del-local-sindical-de-mallorca\/\"},\"author\":{\"name\":\"admin\",\"@id\":\"https:\/\/www.siau.cat\/#\/schema\/person\/810c15694a7e538934bb4be53ebcba0d\"},\"headline\":\"SIAU rep les claus del local sindical de Mallorca\",\"datePublished\":\"2023-02-23T17:49:46+00:00\",\"dateModified\":\"2023-02-23T17:49:47+00:00\",\"mainEntityOfPage\":{\"@id\":\"https:\/\/www.siau.cat\/index.php\/2023\/02\/23\/siau-rep-les-claus-del-local-sindical-de-mallorca\/\"},\"wordCount\":514,\"publisher\":{\"@id\":\"https:\/\/www.siau.cat\/#organization\"},\"image\":{\"@id\":\"https:\/\/www.siau.cat\/index.php\/2023\/02\/23\/siau-rep-les-claus-del-local-sindical-de-mallorca\/#primaryimage\"},\"thumbnailUrl\":\"https:\/\/www.siau.cat\/wp-content\/uploads\/2023\/02\/local-SIAU-1024x914.jpg\",\"articleSection\":[\"Uncategorized\"],\"inLanguage\":\"ca\"},{\"@type\":\"WebPage\",\"@id\":\"https:\/\/www.siau.cat\/index.php\/2023\/02\/23\/siau-rep-les-claus-del-local-sindical-de-mallorca\/\",\"url\":\"https:\/\/www.siau.cat\/index.php\/2023\/02\/23\/siau-rep-les-claus-del-local-sindical-de-mallorca\/\",\"name\":\"SIAU rep les claus del local sindical de Mallorca &#8212; SIAU - SINDICAT INDEPENDENT, AUT\u00d2NOM I UNITARI\",\"isPartOf\":{\"@id\":\"https:\/\/www.siau.cat\/#website\"},\"primaryImageOfPage\":{\"@id\":\"https:\/\/www.siau.cat\/index.php\/2023\/02\/23\/siau-rep-les-claus-del-local-sindical-de-mallorca\/#primaryimage\"},\"image\":{\"@id\":\"https:\/\/www.siau.cat\/index.php\/2023\/02\/23\/siau-rep-les-claus-del-local-sindical-de-mallorca\/#primaryimage\"},\"thumbnailUrl\":\"https:\/\/www.siau.cat\/wp-content\/uploads\/2023\/02\/local-SIAU-1024x914.jpg\",\"datePublished\":\"2023-02-23T17:49:46+00:00\",\"dateModified\":\"2023-02-23T17:49:47+00:00\",\"breadcrumb\":{\"@id\":\"https:\/\/www.siau.cat\/index.php\/2023\/02\/23\/siau-rep-les-claus-del-local-sindical-de-mallorca\/#breadcrumb\"},\"inLanguage\":\"ca\",\"potentialAction\":[{\"@type\":\"ReadAction\",\"target\":[\"https:\/\/www.siau.cat\/index.php\/2023\/02\/23\/siau-rep-les-claus-del-local-sindical-de-mallorca\/\"]}]},{\"@type\":\"ImageObject\",\"inLanguage\":\"ca\",\"@id\":\"https:\/\/www.siau.cat\/index.php\/2023\/02\/23\/siau-rep-les-claus-del-local-sindical-de-mallorca\/#primaryimage\",\"url\":\"https:\/\/www.siau.cat\/wp-content\/uploads\/2023\/02\/local-SIAU-1024x914.jpg\",\"contentUrl\":\"https:\/\/www.siau.cat\/wp-content\/uploads\/2023\/02\/local-SIAU-1024x914.jpg\"},{\"@type\":\"BreadcrumbList\",\"@id\":\"https:\/\/www.siau.cat\/index.php\/2023\/02\/23\/siau-rep-les-claus-del-local-sindical-de-mallorca\/#breadcrumb\",\"itemListElement\":[{\"@type\":\"ListItem\",\"position\":1,\"name\":\"Inici\",\"item\":\"https:\/\/www.siau.cat\/\"},{\"@type\":\"ListItem\",\"position\":2,\"name\":\"SIAU rep les claus del local sindical de Mallorca\"}]},{\"@type\":\"WebSite\",\"@id\":\"https:\/\/www.siau.cat\/#website\",\"url\":\"https:\/\/www.siau.cat\/\",\"name\":\"SIAU - SINDICAT INDEPENDENT, AUT\u00d2NOM I UNITARI\",\"description\":\"Ara s&iacute; que tenim la veu\",\"publisher\":{\"@id\":\"https:\/\/www.siau.cat\/#organization\"},\"potentialAction\":[{\"@type\":\"SearchAction\",\"target\":{\"@type\":\"EntryPoint\",\"urlTemplate\":\"https:\/\/www.siau.cat\/?s={search_term_string}\"},\"query-input\":{\"@type\":\"PropertyValueSpecification\",\"valueRequired\":true,\"valueName\":\"search_term_string\"}}],\"inLanguage\":\"ca\"},{\"@type\":\"Organization\",\"@id\":\"https:\/\/www.siau.cat\/#organization\",\"name\":\"SIAU\",\"url\":\"https:\/\/www.siau.cat\/\",\"logo\":{\"@type\":\"ImageObject\",\"inLanguage\":\"ca\",\"@id\":\"https:\/\/www.siau.cat\/#\/schema\/logo\/image\/\",\"url\":\"https:\/\/www.siau.cat\/wp-content\/uploads\/2022\/03\/cropped-resized_LOGO-SIAU-5-e1652020847972.jpg\",\"contentUrl\":\"https:\/\/www.siau.cat\/wp-content\/uploads\/2022\/03\/cropped-resized_LOGO-SIAU-5-e1652020847972.jpg\",\"width\":1600,\"height\":1200,\"caption\":\"SIAU\"},\"image\":{\"@id\":\"https:\/\/www.siau.cat\/#\/schema\/logo\/image\/\"}},{\"@type\":\"Person\",\"@id\":\"https:\/\/www.siau.cat\/#\/schema\/person\/810c15694a7e538934bb4be53ebcba0d\",\"name\":\"admin\",\"image\":{\"@type\":\"ImageObject\",\"inLanguage\":\"ca\",\"@id\":\"https:\/\/www.siau.cat\/#\/schema\/person\/image\/\",\"url\":\"https:\/\/www.siau.cat\/wp-content\/litespeed\/avatar\/d73ebfac3daa0b52552b2ccea63469da.jpg?ver=1777403609\",\"contentUrl\":\"https:\/\/www.siau.cat\/wp-content\/litespeed\/avatar\/d73ebfac3daa0b52552b2ccea63469da.jpg?ver=1777403609\",\"caption\":\"admin\"},\"sameAs\":[\"https:\/\/www.siau.cat\"],\"url\":\"https:\/\/www.siau.cat\/index.php\/author\/admin\/\"}]}<\/script>\n<!-- \/ Yoast SEO plugin. -->","yoast_head_json":{"title":"SIAU rep les claus del local sindical de Mallorca &#8212; SIAU - SINDICAT INDEPENDENT, AUT\u00d2NOM I UNITARI","robots":{"index":"index","follow":"follow","max-snippet":"max-snippet:-1","max-image-preview":"max-image-preview:large","max-video-preview":"max-video-preview:-1"},"canonical":"https:\/\/www.siau.cat\/index.php\/2023\/02\/23\/siau-rep-les-claus-del-local-sindical-de-mallorca\/","og_locale":"ca_ES","og_type":"article","og_title":"SIAU rep les claus del local sindical de Mallorca &#8212; SIAU - SINDICAT INDEPENDENT, AUT\u00d2NOM I UNITARI","og_description":"Des de SIAU ens alegram que finalment la Secretaria General, sota les ordres de Tomeu Barcel\u00f3, avui ens hagi fet entrega de les claus del nostre local sindical de Mallorca, en compliment de l&#8217;article 8.2 c), LOLS, que reconeix el dret (sense perjudici del que s&#8217;estableixi mitjan\u00e7ant conveni col\u00b7lectiu) de les seccions sindicals dels sindicats &hellip; Continua llegint \u00abSIAU rep les claus del local sindical de Mallorca\u00bb","og_url":"https:\/\/www.siau.cat\/index.php\/2023\/02\/23\/siau-rep-les-claus-del-local-sindical-de-mallorca\/","og_site_name":"SIAU - SINDICAT INDEPENDENT, AUT\u00d2NOM I UNITARI","article_published_time":"2023-02-23T17:49:46+00:00","article_modified_time":"2023-02-23T17:49:47+00:00","og_image":[{"url":"https:\/\/www.siau.cat\/wp-content\/uploads\/2023\/02\/local-SIAU-1024x914.jpg","type":"","width":"","height":""}],"author":"admin","twitter_card":"summary_large_image","twitter_misc":{"Escrit per":"admin","Temps estimat de lectura":"3 minuts"},"schema":{"@context":"https:\/\/schema.org","@graph":[{"@type":"Article","@id":"https:\/\/www.siau.cat\/index.php\/2023\/02\/23\/siau-rep-les-claus-del-local-sindical-de-mallorca\/#article","isPartOf":{"@id":"https:\/\/www.siau.cat\/index.php\/2023\/02\/23\/siau-rep-les-claus-del-local-sindical-de-mallorca\/"},"author":{"name":"admin","@id":"https:\/\/www.siau.cat\/#\/schema\/person\/810c15694a7e538934bb4be53ebcba0d"},"headline":"SIAU rep les claus del local sindical de Mallorca","datePublished":"2023-02-23T17:49:46+00:00","dateModified":"2023-02-23T17:49:47+00:00","mainEntityOfPage":{"@id":"https:\/\/www.siau.cat\/index.php\/2023\/02\/23\/siau-rep-les-claus-del-local-sindical-de-mallorca\/"},"wordCount":514,"publisher":{"@id":"https:\/\/www.siau.cat\/#organization"},"image":{"@id":"https:\/\/www.siau.cat\/index.php\/2023\/02\/23\/siau-rep-les-claus-del-local-sindical-de-mallorca\/#primaryimage"},"thumbnailUrl":"https:\/\/www.siau.cat\/wp-content\/uploads\/2023\/02\/local-SIAU-1024x914.jpg","articleSection":["Uncategorized"],"inLanguage":"ca"},{"@type":"WebPage","@id":"https:\/\/www.siau.cat\/index.php\/2023\/02\/23\/siau-rep-les-claus-del-local-sindical-de-mallorca\/","url":"https:\/\/www.siau.cat\/index.php\/2023\/02\/23\/siau-rep-les-claus-del-local-sindical-de-mallorca\/","name":"SIAU rep les claus del local sindical de Mallorca &#8212; SIAU - SINDICAT INDEPENDENT, AUT\u00d2NOM I UNITARI","isPartOf":{"@id":"https:\/\/www.siau.cat\/#website"},"primaryImageOfPage":{"@id":"https:\/\/www.siau.cat\/index.php\/2023\/02\/23\/siau-rep-les-claus-del-local-sindical-de-mallorca\/#primaryimage"},"image":{"@id":"https:\/\/www.siau.cat\/index.php\/2023\/02\/23\/siau-rep-les-claus-del-local-sindical-de-mallorca\/#primaryimage"},"thumbnailUrl":"https:\/\/www.siau.cat\/wp-content\/uploads\/2023\/02\/local-SIAU-1024x914.jpg","datePublished":"2023-02-23T17:49:46+00:00","dateModified":"2023-02-23T17:49:47+00:00","breadcrumb":{"@id":"https:\/\/www.siau.cat\/index.php\/2023\/02\/23\/siau-rep-les-claus-del-local-sindical-de-mallorca\/#breadcrumb"},"inLanguage":"ca","potentialAction":[{"@type":"ReadAction","target":["https:\/\/www.siau.cat\/index.php\/2023\/02\/23\/siau-rep-les-claus-del-local-sindical-de-mallorca\/"]}]},{"@type":"ImageObject","inLanguage":"ca","@id":"https:\/\/www.siau.cat\/index.php\/2023\/02\/23\/siau-rep-les-claus-del-local-sindical-de-mallorca\/#primaryimage","url":"https:\/\/www.siau.cat\/wp-content\/uploads\/2023\/02\/local-SIAU-1024x914.jpg","contentUrl":"https:\/\/www.siau.cat\/wp-content\/uploads\/2023\/02\/local-SIAU-1024x914.jpg"},{"@type":"BreadcrumbList","@id":"https:\/\/www.siau.cat\/index.php\/2023\/02\/23\/siau-rep-les-claus-del-local-sindical-de-mallorca\/#breadcrumb","itemListElement":[{"@type":"ListItem","position":1,"name":"Inici","item":"https:\/\/www.siau.cat\/"},{"@type":"ListItem","position":2,"name":"SIAU rep les claus del local sindical de Mallorca"}]},{"@type":"WebSite","@id":"https:\/\/www.siau.cat\/#website","url":"https:\/\/www.siau.cat\/","name":"SIAU - SINDICAT INDEPENDENT, AUT\u00d2NOM I UNITARI","description":"Ara s&iacute; que tenim la veu","publisher":{"@id":"https:\/\/www.siau.cat\/#organization"},"potentialAction":[{"@type":"SearchAction","target":{"@type":"EntryPoint","urlTemplate":"https:\/\/www.siau.cat\/?s={search_term_string}"},"query-input":{"@type":"PropertyValueSpecification","valueRequired":true,"valueName":"search_term_string"}}],"inLanguage":"ca"},{"@type":"Organization","@id":"https:\/\/www.siau.cat\/#organization","name":"SIAU","url":"https:\/\/www.siau.cat\/","logo":{"@type":"ImageObject","inLanguage":"ca","@id":"https:\/\/www.siau.cat\/#\/schema\/logo\/image\/","url":"https:\/\/www.siau.cat\/wp-content\/uploads\/2022\/03\/cropped-resized_LOGO-SIAU-5-e1652020847972.jpg","contentUrl":"https:\/\/www.siau.cat\/wp-content\/uploads\/2022\/03\/cropped-resized_LOGO-SIAU-5-e1652020847972.jpg","width":1600,"height":1200,"caption":"SIAU"},"image":{"@id":"https:\/\/www.siau.cat\/#\/schema\/logo\/image\/"}},{"@type":"Person","@id":"https:\/\/www.siau.cat\/#\/schema\/person\/810c15694a7e538934bb4be53ebcba0d","name":"admin","image":{"@type":"ImageObject","inLanguage":"ca","@id":"https:\/\/www.siau.cat\/#\/schema\/person\/image\/","url":"https:\/\/www.siau.cat\/wp-content\/litespeed\/avatar\/d73ebfac3daa0b52552b2ccea63469da.jpg?ver=1777403609","contentUrl":"https:\/\/www.siau.cat\/wp-content\/litespeed\/avatar\/d73ebfac3daa0b52552b2ccea63469da.jpg?ver=1777403609","caption":"admin"},"sameAs":["https:\/\/www.siau.cat"],"url":"https:\/\/www.siau.cat\/index.php\/author\/admin\/"}]}},"jetpack_featured_media_url":"","jetpack_sharing_enabled":true,"_links":{"self":[{"href":"https:\/\/www.siau.cat\/index.php\/wp-json\/wp\/v2\/posts\/684","targetHints":{"allow":["GET"]}}],"collection":[{"href":"https:\/\/www.siau.cat\/index.php\/wp-json\/wp\/v2\/posts"}],"about":[{"href":"https:\/\/www.siau.cat\/index.php\/wp-json\/wp\/v2\/types\/post"}],"author":[{"embeddable":true,"href":"https:\/\/www.siau.cat\/index.php\/wp-json\/wp\/v2\/users\/1"}],"replies":[{"embeddable":true,"href":"https:\/\/www.siau.cat\/index.php\/wp-json\/wp\/v2\/comments?post=684"}],"version-history":[{"count":1,"href":"https:\/\/www.siau.cat\/index.php\/wp-json\/wp\/v2\/posts\/684\/revisions"}],"predecessor-version":[{"id":687,"href":"https:\/\/www.siau.cat\/index.php\/wp-json\/wp\/v2\/posts\/684\/revisions\/687"}],"wp:attachment":[{"href":"https:\/\/www.siau.cat\/index.php\/wp-json\/wp\/v2\/media?parent=684"}],"wp:term":[{"taxonomy":"category","embeddable":true,"href":"https:\/\/www.siau.cat\/index.php\/wp-json\/wp\/v2\/categories?post=684"},{"taxonomy":"post_tag","embeddable":true,"href":"https:\/\/www.siau.cat\/index.php\/wp-json\/wp\/v2\/tags?post=684"}],"curies":[{"name":"wp","href":"https:\/\/api.w.org\/{rel}","templated":true}]}}