{"id":808,"date":"2023-05-18T09:34:12","date_gmt":"2023-05-18T09:34:12","guid":{"rendered":"https:\/\/www.siau.cat\/?p=808"},"modified":"2023-05-18T09:34:13","modified_gmt":"2023-05-18T09:34:13","slug":"la-conselleria-deducacio-continua-negant-se-a-acatar-les-sentencies-judicials-que-perd","status":"publish","type":"post","link":"https:\/\/www.siau.cat\/index.php\/2023\/05\/18\/la-conselleria-deducacio-continua-negant-se-a-acatar-les-sentencies-judicials-que-perd\/","title":{"rendered":"La Conselleria d&#8217;Educaci\u00f3 continua negant-se a acatar les sent\u00e8ncies judicials que perd"},"content":{"rendered":"\n<figure class=\"wp-block-image size-large\"><img loading=\"lazy\" decoding=\"async\" width=\"1024\" height=\"1024\" src=\"https:\/\/www.siau.cat\/wp-content\/uploads\/2023\/05\/Acatar-les-sentencies-1024x1024.png\" alt=\"\" class=\"wp-image-809\" srcset=\"https:\/\/www.siau.cat\/wp-content\/uploads\/2023\/05\/Acatar-les-sentencies-1024x1024.png 1024w, https:\/\/www.siau.cat\/wp-content\/uploads\/2023\/05\/Acatar-les-sentencies-250x250.png 250w, https:\/\/www.siau.cat\/wp-content\/uploads\/2023\/05\/Acatar-les-sentencies-100x100.png 100w, https:\/\/www.siau.cat\/wp-content\/uploads\/2023\/05\/Acatar-les-sentencies-350x350.png 350w, https:\/\/www.siau.cat\/wp-content\/uploads\/2023\/05\/Acatar-les-sentencies-300x300.png 300w, https:\/\/www.siau.cat\/wp-content\/uploads\/2023\/05\/Acatar-les-sentencies-150x150.png 150w, https:\/\/www.siau.cat\/wp-content\/uploads\/2023\/05\/Acatar-les-sentencies-768x768.png 768w, https:\/\/www.siau.cat\/wp-content\/uploads\/2023\/05\/Acatar-les-sentencies-24x24.png 24w, https:\/\/www.siau.cat\/wp-content\/uploads\/2023\/05\/Acatar-les-sentencies-36x36.png 36w, https:\/\/www.siau.cat\/wp-content\/uploads\/2023\/05\/Acatar-les-sentencies-48x48.png 48w, https:\/\/www.siau.cat\/wp-content\/uploads\/2023\/05\/Acatar-les-sentencies.png 1080w\" sizes=\"auto, (max-width: 767px) 89vw, (max-width: 1000px) 54vw, (max-width: 1071px) 543px, 580px\" \/><\/figure>\n\n\n\n<p class=\"has-text-align-justify\">Dia 11 d\u2019octubre de 2022, per sent\u00e8ncia judicial, la Conselleria d\u2019Educaci\u00f3 va ser condemnada a haver de pagar al secretari general de SIAU les difer\u00e8ncies retributives consolidades, durant un per\u00edode de baixa, en el segon trienni i primer sexenni, m\u00e9s els interessos corresponents. Ha passat m\u00e9s de mig any d\u2019en\u00e7\u00e0 que es dict\u00e0 aquesta sent\u00e8ncia pionera en el nostre territori i encara ara no s\u2019han abonat els interessos corresponents; tot i que Conselleria ha estat informada en diverses ocasions. Encara m\u00e9s, fa mesos, a les respostes rebudes per escrit per part del Servei Jur\u00eddic de la Conselleria, es va comunicar el seg\u00fcent: \u00abse li far\u00e0 el pagament dels interessos\u00bb, i tamb\u00e9 que \u00abel Servei de Retribucions est\u00e0 fent un informe de quantificaci\u00f3 per passar a UGE\u00bb. Recordem que quan es paga de m\u00e9s a docents i se\u2019ls hi demana que retornin els doblers, no es produeixen aquestes llargues demores.<\/p>\n\n\n\n<p class=\"has-text-align-justify\">A tot aix\u00f2, cal afegir que des de SIAU, fa temps que v\u00e0rem iniciar una s\u00e8rie de reclamacions de docents afectats exactament pels mateixos motius, perqu\u00e8 se\u2019ls hi denega el pagament de les pujades salarials consolidades durant per\u00edodes de baixa. Cap d\u2019aquestes reclamacions ha estat contestada i, per tant, en cas de persistir el silenci administratiu entorn aquesta q\u00fcesti\u00f3 i no resoldre\u2019s a favor dels afectats, tornarem a acudir als jutjats, aquesta vegada amb una clara jurisprud\u00e8ncia a favor, que l\u2019administraci\u00f3 sota la direcci\u00f3 de Mart\u00ed March ha decidit ignorar per complet. \u00c9s sorprenent com actua aquesta Conselleria quan no digereix perdre davant dels tribunals de just\u00edcia. En comptes d\u2019acceptar que viu en un estat de dret, on hi ha unes lleis i uns pronunciaments judicials que s\u2019han de respectar, opta per fer tot el contrari.<\/p>\n\n\n\n<p class=\"has-text-align-justify\">Avui, com ja v\u00e0rem anunciar dia 5 de novembre de l\u2019any passat, ens tornam a posar a disposici\u00f3 de tots els docents de les Illes Balears afectats que vulguin reclamar a trav\u00e9s del nostre sindicat (en cas de no haver-ho fet encara) les pujades salarials que haguessin consolidat durant per\u00edodes de baixa per incapacitat temporal, per tal que la Conselleria d\u2019Educaci\u00f3 els hi hagi de fer l\u2019abonament, en compliment d\u2019aquesta primera sent\u00e8ncia a les Illes Balears, la 610\/22 del Contenci\u00f3s Administratiu n\u00famero 2 de Palma.<\/p>\n","protected":false},"excerpt":{"rendered":"<p>Dia 11 d\u2019octubre de 2022, per sent\u00e8ncia judicial, la Conselleria d\u2019Educaci\u00f3 va ser condemnada a haver de pagar al secretari general de SIAU les difer\u00e8ncies retributives consolidades, durant un per\u00edode de baixa, en el segon trienni i primer sexenni, m\u00e9s els interessos corresponents. Ha passat m\u00e9s de mig any d\u2019en\u00e7\u00e0 que es dict\u00e0 aquesta sent\u00e8ncia &hellip; <\/p>\n<p class=\"link-more\"><a href=\"https:\/\/www.siau.cat\/index.php\/2023\/05\/18\/la-conselleria-deducacio-continua-negant-se-a-acatar-les-sentencies-judicials-que-perd\/\" class=\"more-link\">Continua llegint <span class=\"screen-reader-text\">\u00abLa Conselleria d&#8217;Educaci\u00f3 continua negant-se a acatar les sent\u00e8ncies judicials que perd\u00bb<\/span><\/a><\/p>\n","protected":false},"author":1,"featured_media":0,"comment_status":"closed","ping_status":"open","sticky":false,"template":"","format":"standard","meta":{"_jetpack_memberships_contains_paid_content":false,"footnotes":""},"categories":[1],"tags":[],"class_list":["post-808","post","type-post","status-publish","format-standard","hentry","category-uncategorized"],"yoast_head":"<!-- This site is optimized with the Yoast SEO plugin v25.4 - https:\/\/yoast.com\/wordpress\/plugins\/seo\/ -->\n<title>La Conselleria d&#039;Educaci\u00f3 continua negant-se a acatar les sent\u00e8ncies judicials que perd &#8212; SIAU - SINDICAT INDEPENDENT, AUT\u00d2NOM I UNITARI<\/title>\n<meta name=\"robots\" content=\"index, follow, max-snippet:-1, max-image-preview:large, max-video-preview:-1\" \/>\n<link rel=\"canonical\" href=\"https:\/\/www.siau.cat\/index.php\/2023\/05\/18\/la-conselleria-deducacio-continua-negant-se-a-acatar-les-sentencies-judicials-que-perd\/\" \/>\n<meta property=\"og:locale\" content=\"ca_ES\" \/>\n<meta property=\"og:type\" content=\"article\" \/>\n<meta property=\"og:title\" content=\"La Conselleria d&#039;Educaci\u00f3 continua negant-se a acatar les sent\u00e8ncies judicials que perd &#8212; SIAU - SINDICAT INDEPENDENT, AUT\u00d2NOM I UNITARI\" \/>\n<meta property=\"og:description\" content=\"Dia 11 d\u2019octubre de 2022, per sent\u00e8ncia judicial, la Conselleria d\u2019Educaci\u00f3 va ser condemnada a haver de pagar al secretari general de SIAU les difer\u00e8ncies retributives consolidades, durant un per\u00edode de baixa, en el segon trienni i primer sexenni, m\u00e9s els interessos corresponents. Ha passat m\u00e9s de mig any d\u2019en\u00e7\u00e0 que es dict\u00e0 aquesta sent\u00e8ncia &hellip; Continua llegint \u00abLa Conselleria d&#8217;Educaci\u00f3 continua negant-se a acatar les sent\u00e8ncies judicials que perd\u00bb\" \/>\n<meta property=\"og:url\" content=\"https:\/\/www.siau.cat\/index.php\/2023\/05\/18\/la-conselleria-deducacio-continua-negant-se-a-acatar-les-sentencies-judicials-que-perd\/\" \/>\n<meta property=\"og:site_name\" content=\"SIAU - SINDICAT INDEPENDENT, AUT\u00d2NOM I UNITARI\" \/>\n<meta property=\"article:published_time\" content=\"2023-05-18T09:34:12+00:00\" \/>\n<meta property=\"article:modified_time\" content=\"2023-05-18T09:34:13+00:00\" \/>\n<meta property=\"og:image\" content=\"https:\/\/www.siau.cat\/wp-content\/uploads\/2023\/05\/Acatar-les-sentencies-1024x1024.png\" \/>\n<meta name=\"author\" content=\"admin\" \/>\n<meta name=\"twitter:card\" content=\"summary_large_image\" \/>\n<meta name=\"twitter:label1\" content=\"Escrit per\" \/>\n\t<meta name=\"twitter:data1\" content=\"admin\" \/>\n\t<meta name=\"twitter:label2\" content=\"Temps estimat de lectura\" \/>\n\t<meta name=\"twitter:data2\" content=\"3 minuts\" \/>\n<script type=\"application\/ld+json\" class=\"yoast-schema-graph\">{\"@context\":\"https:\/\/schema.org\",\"@graph\":[{\"@type\":\"Article\",\"@id\":\"https:\/\/www.siau.cat\/index.php\/2023\/05\/18\/la-conselleria-deducacio-continua-negant-se-a-acatar-les-sentencies-judicials-que-perd\/#article\",\"isPartOf\":{\"@id\":\"https:\/\/www.siau.cat\/index.php\/2023\/05\/18\/la-conselleria-deducacio-continua-negant-se-a-acatar-les-sentencies-judicials-que-perd\/\"},\"author\":{\"name\":\"admin\",\"@id\":\"https:\/\/www.siau.cat\/#\/schema\/person\/810c15694a7e538934bb4be53ebcba0d\"},\"headline\":\"La Conselleria d&#8217;Educaci\u00f3 continua negant-se a acatar les sent\u00e8ncies judicials que perd\",\"datePublished\":\"2023-05-18T09:34:12+00:00\",\"dateModified\":\"2023-05-18T09:34:13+00:00\",\"mainEntityOfPage\":{\"@id\":\"https:\/\/www.siau.cat\/index.php\/2023\/05\/18\/la-conselleria-deducacio-continua-negant-se-a-acatar-les-sentencies-judicials-que-perd\/\"},\"wordCount\":416,\"publisher\":{\"@id\":\"https:\/\/www.siau.cat\/#organization\"},\"image\":{\"@id\":\"https:\/\/www.siau.cat\/index.php\/2023\/05\/18\/la-conselleria-deducacio-continua-negant-se-a-acatar-les-sentencies-judicials-que-perd\/#primaryimage\"},\"thumbnailUrl\":\"https:\/\/www.siau.cat\/wp-content\/uploads\/2023\/05\/Acatar-les-sentencies-1024x1024.png\",\"articleSection\":[\"Uncategorized\"],\"inLanguage\":\"ca\"},{\"@type\":\"WebPage\",\"@id\":\"https:\/\/www.siau.cat\/index.php\/2023\/05\/18\/la-conselleria-deducacio-continua-negant-se-a-acatar-les-sentencies-judicials-que-perd\/\",\"url\":\"https:\/\/www.siau.cat\/index.php\/2023\/05\/18\/la-conselleria-deducacio-continua-negant-se-a-acatar-les-sentencies-judicials-que-perd\/\",\"name\":\"La Conselleria d'Educaci\u00f3 continua negant-se a acatar les sent\u00e8ncies judicials que perd &#8212; SIAU - SINDICAT INDEPENDENT, AUT\u00d2NOM I UNITARI\",\"isPartOf\":{\"@id\":\"https:\/\/www.siau.cat\/#website\"},\"primaryImageOfPage\":{\"@id\":\"https:\/\/www.siau.cat\/index.php\/2023\/05\/18\/la-conselleria-deducacio-continua-negant-se-a-acatar-les-sentencies-judicials-que-perd\/#primaryimage\"},\"image\":{\"@id\":\"https:\/\/www.siau.cat\/index.php\/2023\/05\/18\/la-conselleria-deducacio-continua-negant-se-a-acatar-les-sentencies-judicials-que-perd\/#primaryimage\"},\"thumbnailUrl\":\"https:\/\/www.siau.cat\/wp-content\/uploads\/2023\/05\/Acatar-les-sentencies-1024x1024.png\",\"datePublished\":\"2023-05-18T09:34:12+00:00\",\"dateModified\":\"2023-05-18T09:34:13+00:00\",\"breadcrumb\":{\"@id\":\"https:\/\/www.siau.cat\/index.php\/2023\/05\/18\/la-conselleria-deducacio-continua-negant-se-a-acatar-les-sentencies-judicials-que-perd\/#breadcrumb\"},\"inLanguage\":\"ca\",\"potentialAction\":[{\"@type\":\"ReadAction\",\"target\":[\"https:\/\/www.siau.cat\/index.php\/2023\/05\/18\/la-conselleria-deducacio-continua-negant-se-a-acatar-les-sentencies-judicials-que-perd\/\"]}]},{\"@type\":\"ImageObject\",\"inLanguage\":\"ca\",\"@id\":\"https:\/\/www.siau.cat\/index.php\/2023\/05\/18\/la-conselleria-deducacio-continua-negant-se-a-acatar-les-sentencies-judicials-que-perd\/#primaryimage\",\"url\":\"https:\/\/www.siau.cat\/wp-content\/uploads\/2023\/05\/Acatar-les-sentencies.png\",\"contentUrl\":\"https:\/\/www.siau.cat\/wp-content\/uploads\/2023\/05\/Acatar-les-sentencies.png\",\"width\":1080,\"height\":1080},{\"@type\":\"BreadcrumbList\",\"@id\":\"https:\/\/www.siau.cat\/index.php\/2023\/05\/18\/la-conselleria-deducacio-continua-negant-se-a-acatar-les-sentencies-judicials-que-perd\/#breadcrumb\",\"itemListElement\":[{\"@type\":\"ListItem\",\"position\":1,\"name\":\"Inici\",\"item\":\"https:\/\/www.siau.cat\/\"},{\"@type\":\"ListItem\",\"position\":2,\"name\":\"La Conselleria d&#8217;Educaci\u00f3 continua negant-se a acatar les sent\u00e8ncies judicials que perd\"}]},{\"@type\":\"WebSite\",\"@id\":\"https:\/\/www.siau.cat\/#website\",\"url\":\"https:\/\/www.siau.cat\/\",\"name\":\"SIAU - SINDICAT INDEPENDENT, AUT\u00d2NOM I UNITARI\",\"description\":\"Ara s&iacute; que tenim la veu\",\"publisher\":{\"@id\":\"https:\/\/www.siau.cat\/#organization\"},\"potentialAction\":[{\"@type\":\"SearchAction\",\"target\":{\"@type\":\"EntryPoint\",\"urlTemplate\":\"https:\/\/www.siau.cat\/?s={search_term_string}\"},\"query-input\":{\"@type\":\"PropertyValueSpecification\",\"valueRequired\":true,\"valueName\":\"search_term_string\"}}],\"inLanguage\":\"ca\"},{\"@type\":\"Organization\",\"@id\":\"https:\/\/www.siau.cat\/#organization\",\"name\":\"SIAU\",\"url\":\"https:\/\/www.siau.cat\/\",\"logo\":{\"@type\":\"ImageObject\",\"inLanguage\":\"ca\",\"@id\":\"https:\/\/www.siau.cat\/#\/schema\/logo\/image\/\",\"url\":\"https:\/\/www.siau.cat\/wp-content\/uploads\/2022\/03\/cropped-resized_LOGO-SIAU-5-e1652020847972.jpg\",\"contentUrl\":\"https:\/\/www.siau.cat\/wp-content\/uploads\/2022\/03\/cropped-resized_LOGO-SIAU-5-e1652020847972.jpg\",\"width\":1600,\"height\":1200,\"caption\":\"SIAU\"},\"image\":{\"@id\":\"https:\/\/www.siau.cat\/#\/schema\/logo\/image\/\"}},{\"@type\":\"Person\",\"@id\":\"https:\/\/www.siau.cat\/#\/schema\/person\/810c15694a7e538934bb4be53ebcba0d\",\"name\":\"admin\",\"image\":{\"@type\":\"ImageObject\",\"inLanguage\":\"ca\",\"@id\":\"https:\/\/www.siau.cat\/#\/schema\/person\/image\/\",\"url\":\"https:\/\/www.siau.cat\/wp-content\/litespeed\/avatar\/d73ebfac3daa0b52552b2ccea63469da.jpg?ver=1777403609\",\"contentUrl\":\"https:\/\/www.siau.cat\/wp-content\/litespeed\/avatar\/d73ebfac3daa0b52552b2ccea63469da.jpg?ver=1777403609\",\"caption\":\"admin\"},\"sameAs\":[\"https:\/\/www.siau.cat\"],\"url\":\"https:\/\/www.siau.cat\/index.php\/author\/admin\/\"}]}<\/script>\n<!-- \/ Yoast SEO plugin. -->","yoast_head_json":{"title":"La Conselleria d'Educaci\u00f3 continua negant-se a acatar les sent\u00e8ncies judicials que perd &#8212; SIAU - SINDICAT INDEPENDENT, AUT\u00d2NOM I UNITARI","robots":{"index":"index","follow":"follow","max-snippet":"max-snippet:-1","max-image-preview":"max-image-preview:large","max-video-preview":"max-video-preview:-1"},"canonical":"https:\/\/www.siau.cat\/index.php\/2023\/05\/18\/la-conselleria-deducacio-continua-negant-se-a-acatar-les-sentencies-judicials-que-perd\/","og_locale":"ca_ES","og_type":"article","og_title":"La Conselleria d'Educaci\u00f3 continua negant-se a acatar les sent\u00e8ncies judicials que perd &#8212; SIAU - SINDICAT INDEPENDENT, AUT\u00d2NOM I UNITARI","og_description":"Dia 11 d\u2019octubre de 2022, per sent\u00e8ncia judicial, la Conselleria d\u2019Educaci\u00f3 va ser condemnada a haver de pagar al secretari general de SIAU les difer\u00e8ncies retributives consolidades, durant un per\u00edode de baixa, en el segon trienni i primer sexenni, m\u00e9s els interessos corresponents. Ha passat m\u00e9s de mig any d\u2019en\u00e7\u00e0 que es dict\u00e0 aquesta sent\u00e8ncia &hellip; Continua llegint \u00abLa Conselleria d&#8217;Educaci\u00f3 continua negant-se a acatar les sent\u00e8ncies judicials que perd\u00bb","og_url":"https:\/\/www.siau.cat\/index.php\/2023\/05\/18\/la-conselleria-deducacio-continua-negant-se-a-acatar-les-sentencies-judicials-que-perd\/","og_site_name":"SIAU - SINDICAT INDEPENDENT, AUT\u00d2NOM I UNITARI","article_published_time":"2023-05-18T09:34:12+00:00","article_modified_time":"2023-05-18T09:34:13+00:00","og_image":[{"url":"https:\/\/www.siau.cat\/wp-content\/uploads\/2023\/05\/Acatar-les-sentencies-1024x1024.png","type":"","width":"","height":""}],"author":"admin","twitter_card":"summary_large_image","twitter_misc":{"Escrit per":"admin","Temps estimat de lectura":"3 minuts"},"schema":{"@context":"https:\/\/schema.org","@graph":[{"@type":"Article","@id":"https:\/\/www.siau.cat\/index.php\/2023\/05\/18\/la-conselleria-deducacio-continua-negant-se-a-acatar-les-sentencies-judicials-que-perd\/#article","isPartOf":{"@id":"https:\/\/www.siau.cat\/index.php\/2023\/05\/18\/la-conselleria-deducacio-continua-negant-se-a-acatar-les-sentencies-judicials-que-perd\/"},"author":{"name":"admin","@id":"https:\/\/www.siau.cat\/#\/schema\/person\/810c15694a7e538934bb4be53ebcba0d"},"headline":"La Conselleria d&#8217;Educaci\u00f3 continua negant-se a acatar les sent\u00e8ncies judicials que perd","datePublished":"2023-05-18T09:34:12+00:00","dateModified":"2023-05-18T09:34:13+00:00","mainEntityOfPage":{"@id":"https:\/\/www.siau.cat\/index.php\/2023\/05\/18\/la-conselleria-deducacio-continua-negant-se-a-acatar-les-sentencies-judicials-que-perd\/"},"wordCount":416,"publisher":{"@id":"https:\/\/www.siau.cat\/#organization"},"image":{"@id":"https:\/\/www.siau.cat\/index.php\/2023\/05\/18\/la-conselleria-deducacio-continua-negant-se-a-acatar-les-sentencies-judicials-que-perd\/#primaryimage"},"thumbnailUrl":"https:\/\/www.siau.cat\/wp-content\/uploads\/2023\/05\/Acatar-les-sentencies-1024x1024.png","articleSection":["Uncategorized"],"inLanguage":"ca"},{"@type":"WebPage","@id":"https:\/\/www.siau.cat\/index.php\/2023\/05\/18\/la-conselleria-deducacio-continua-negant-se-a-acatar-les-sentencies-judicials-que-perd\/","url":"https:\/\/www.siau.cat\/index.php\/2023\/05\/18\/la-conselleria-deducacio-continua-negant-se-a-acatar-les-sentencies-judicials-que-perd\/","name":"La Conselleria d'Educaci\u00f3 continua negant-se a acatar les sent\u00e8ncies judicials que perd &#8212; SIAU - SINDICAT INDEPENDENT, AUT\u00d2NOM I UNITARI","isPartOf":{"@id":"https:\/\/www.siau.cat\/#website"},"primaryImageOfPage":{"@id":"https:\/\/www.siau.cat\/index.php\/2023\/05\/18\/la-conselleria-deducacio-continua-negant-se-a-acatar-les-sentencies-judicials-que-perd\/#primaryimage"},"image":{"@id":"https:\/\/www.siau.cat\/index.php\/2023\/05\/18\/la-conselleria-deducacio-continua-negant-se-a-acatar-les-sentencies-judicials-que-perd\/#primaryimage"},"thumbnailUrl":"https:\/\/www.siau.cat\/wp-content\/uploads\/2023\/05\/Acatar-les-sentencies-1024x1024.png","datePublished":"2023-05-18T09:34:12+00:00","dateModified":"2023-05-18T09:34:13+00:00","breadcrumb":{"@id":"https:\/\/www.siau.cat\/index.php\/2023\/05\/18\/la-conselleria-deducacio-continua-negant-se-a-acatar-les-sentencies-judicials-que-perd\/#breadcrumb"},"inLanguage":"ca","potentialAction":[{"@type":"ReadAction","target":["https:\/\/www.siau.cat\/index.php\/2023\/05\/18\/la-conselleria-deducacio-continua-negant-se-a-acatar-les-sentencies-judicials-que-perd\/"]}]},{"@type":"ImageObject","inLanguage":"ca","@id":"https:\/\/www.siau.cat\/index.php\/2023\/05\/18\/la-conselleria-deducacio-continua-negant-se-a-acatar-les-sentencies-judicials-que-perd\/#primaryimage","url":"https:\/\/www.siau.cat\/wp-content\/uploads\/2023\/05\/Acatar-les-sentencies.png","contentUrl":"https:\/\/www.siau.cat\/wp-content\/uploads\/2023\/05\/Acatar-les-sentencies.png","width":1080,"height":1080},{"@type":"BreadcrumbList","@id":"https:\/\/www.siau.cat\/index.php\/2023\/05\/18\/la-conselleria-deducacio-continua-negant-se-a-acatar-les-sentencies-judicials-que-perd\/#breadcrumb","itemListElement":[{"@type":"ListItem","position":1,"name":"Inici","item":"https:\/\/www.siau.cat\/"},{"@type":"ListItem","position":2,"name":"La Conselleria d&#8217;Educaci\u00f3 continua negant-se a acatar les sent\u00e8ncies judicials que perd"}]},{"@type":"WebSite","@id":"https:\/\/www.siau.cat\/#website","url":"https:\/\/www.siau.cat\/","name":"SIAU - SINDICAT INDEPENDENT, AUT\u00d2NOM I UNITARI","description":"Ara s&iacute; que tenim la veu","publisher":{"@id":"https:\/\/www.siau.cat\/#organization"},"potentialAction":[{"@type":"SearchAction","target":{"@type":"EntryPoint","urlTemplate":"https:\/\/www.siau.cat\/?s={search_term_string}"},"query-input":{"@type":"PropertyValueSpecification","valueRequired":true,"valueName":"search_term_string"}}],"inLanguage":"ca"},{"@type":"Organization","@id":"https:\/\/www.siau.cat\/#organization","name":"SIAU","url":"https:\/\/www.siau.cat\/","logo":{"@type":"ImageObject","inLanguage":"ca","@id":"https:\/\/www.siau.cat\/#\/schema\/logo\/image\/","url":"https:\/\/www.siau.cat\/wp-content\/uploads\/2022\/03\/cropped-resized_LOGO-SIAU-5-e1652020847972.jpg","contentUrl":"https:\/\/www.siau.cat\/wp-content\/uploads\/2022\/03\/cropped-resized_LOGO-SIAU-5-e1652020847972.jpg","width":1600,"height":1200,"caption":"SIAU"},"image":{"@id":"https:\/\/www.siau.cat\/#\/schema\/logo\/image\/"}},{"@type":"Person","@id":"https:\/\/www.siau.cat\/#\/schema\/person\/810c15694a7e538934bb4be53ebcba0d","name":"admin","image":{"@type":"ImageObject","inLanguage":"ca","@id":"https:\/\/www.siau.cat\/#\/schema\/person\/image\/","url":"https:\/\/www.siau.cat\/wp-content\/litespeed\/avatar\/d73ebfac3daa0b52552b2ccea63469da.jpg?ver=1777403609","contentUrl":"https:\/\/www.siau.cat\/wp-content\/litespeed\/avatar\/d73ebfac3daa0b52552b2ccea63469da.jpg?ver=1777403609","caption":"admin"},"sameAs":["https:\/\/www.siau.cat"],"url":"https:\/\/www.siau.cat\/index.php\/author\/admin\/"}]}},"jetpack_featured_media_url":"","jetpack_sharing_enabled":true,"_links":{"self":[{"href":"https:\/\/www.siau.cat\/index.php\/wp-json\/wp\/v2\/posts\/808","targetHints":{"allow":["GET"]}}],"collection":[{"href":"https:\/\/www.siau.cat\/index.php\/wp-json\/wp\/v2\/posts"}],"about":[{"href":"https:\/\/www.siau.cat\/index.php\/wp-json\/wp\/v2\/types\/post"}],"author":[{"embeddable":true,"href":"https:\/\/www.siau.cat\/index.php\/wp-json\/wp\/v2\/users\/1"}],"replies":[{"embeddable":true,"href":"https:\/\/www.siau.cat\/index.php\/wp-json\/wp\/v2\/comments?post=808"}],"version-history":[{"count":1,"href":"https:\/\/www.siau.cat\/index.php\/wp-json\/wp\/v2\/posts\/808\/revisions"}],"predecessor-version":[{"id":810,"href":"https:\/\/www.siau.cat\/index.php\/wp-json\/wp\/v2\/posts\/808\/revisions\/810"}],"wp:attachment":[{"href":"https:\/\/www.siau.cat\/index.php\/wp-json\/wp\/v2\/media?parent=808"}],"wp:term":[{"taxonomy":"category","embeddable":true,"href":"https:\/\/www.siau.cat\/index.php\/wp-json\/wp\/v2\/categories?post=808"},{"taxonomy":"post_tag","embeddable":true,"href":"https:\/\/www.siau.cat\/index.php\/wp-json\/wp\/v2\/tags?post=808"}],"curies":[{"name":"wp","href":"https:\/\/api.w.org\/{rel}","templated":true}]}}