{"id":844,"date":"2023-05-22T14:58:14","date_gmt":"2023-05-22T14:58:14","guid":{"rendered":"https:\/\/www.siau.cat\/?p=844"},"modified":"2023-05-22T14:58:16","modified_gmt":"2023-05-22T14:58:16","slug":"la-conselleria-deducacio-suspen-en-infraestructures","status":"publish","type":"post","link":"https:\/\/www.siau.cat\/index.php\/2023\/05\/22\/la-conselleria-deducacio-suspen-en-infraestructures\/","title":{"rendered":"La Conselleria d&#8217;Educaci\u00f3 susp\u00e8n en infraestructures"},"content":{"rendered":"\n<figure class=\"wp-block-image size-large\"><img loading=\"lazy\" decoding=\"async\" width=\"1024\" height=\"576\" src=\"https:\/\/www.siau.cat\/wp-content\/uploads\/2023\/05\/Infraestructures-que-no-arriben-1024x576.png\" alt=\"\" class=\"wp-image-845\" srcset=\"https:\/\/www.siau.cat\/wp-content\/uploads\/2023\/05\/Infraestructures-que-no-arriben-1024x576.png 1024w, https:\/\/www.siau.cat\/wp-content\/uploads\/2023\/05\/Infraestructures-que-no-arriben-350x197.png 350w, https:\/\/www.siau.cat\/wp-content\/uploads\/2023\/05\/Infraestructures-que-no-arriben-300x169.png 300w, https:\/\/www.siau.cat\/wp-content\/uploads\/2023\/05\/Infraestructures-que-no-arriben-768x432.png 768w, https:\/\/www.siau.cat\/wp-content\/uploads\/2023\/05\/Infraestructures-que-no-arriben-1536x864.png 1536w, https:\/\/www.siau.cat\/wp-content\/uploads\/2023\/05\/Infraestructures-que-no-arriben-24x14.png 24w, https:\/\/www.siau.cat\/wp-content\/uploads\/2023\/05\/Infraestructures-que-no-arriben-36x20.png 36w, https:\/\/www.siau.cat\/wp-content\/uploads\/2023\/05\/Infraestructures-que-no-arriben-48x27.png 48w, https:\/\/www.siau.cat\/wp-content\/uploads\/2023\/05\/Infraestructures-que-no-arriben.png 1920w\" sizes=\"auto, (max-width: 767px) 89vw, (max-width: 1000px) 54vw, (max-width: 1071px) 543px, 580px\" \/><\/figure>\n\n\n\n<p class=\"has-text-align-justify\">Fa m\u00e9s de trenta anys que l\u2019Associaci\u00f3 de Pares i Mares de l\u2019escola de Son Ferriol demana que es construeixi l\u2019IES Son Ferriol, ja que l\u2019alumnat que finalitza Prim\u00e0ria s\u2019ha d\u2019acabar despla\u00e7ant a instituts que no queden a prop. Com diu la presidenta de l\u2019APIMA del CEIP Son Ferriol: \u00abEstam cansats de promeses i reunions\u00bb. I \u00e9s que els representants pol\u00edtics de la Conselleria d\u2019Educaci\u00f3, de fer \u00abpase\u00edllos\u00bb i vendre fum van sobrats!<\/p>\n\n\n\n<p class=\"has-text-align-justify\">Aquests dies, no nom\u00e9s residents de Son Ferriol varen sortir al carrer per exigir rapidesa en la construcci\u00f3 de l\u2019institut, sin\u00f3 que tamb\u00e9 sort\u00ed a protestar la comunitat educativa de Cas Capiscol de Palma, exigint solucions contra la calor. Es reclamen ombres al pati i millores a la fa\u00e7ana de les aules. Recordem que la gran vidriera del gimn\u00e0s, actua de forn, impedint que s\u2019hi pugui estar durant les activitats d\u2019exercici f\u00edsic. El director del centre afirm\u00e0: \u00ab\u00c9s un pati negacionista\u00bb, afegint que \u00abamb el clima que tenim i el canvi clim\u00e0tic que ens espera, un pati sense cap ombra \u00e9s negar la realitat\u00bb. La presidenta de l\u2019AMIPA explic\u00e0 que de l\u2019Administraci\u00f3 \u00ables respostes que rebem s\u00f3n: \u00e9s dif\u00edcil, \u00e9s l\u2019edifici, s\u2019hi ha de fer obra, no sabem com solucionar-ho&#8230;\u00bb. Aquesta problem\u00e0tica perdura des de l\u2019any 2005 i encara no s\u2019hi ha posat remei.<\/p>\n\n\n\n<p class=\"has-text-align-justify\">En aquest sentit, no hem d\u2019oblidar que fa m\u00e9s de deu anys que l\u2019associaci\u00f3 de pares i mares del CEIP de Caimari demanen una escola nova. Tamb\u00e9 est\u00e0 pendent la construcci\u00f3 de l\u2019ampliaci\u00f3 de l\u2019escola de Son Carri\u00f3, del nou CEIP La Femu i un llarg etc\u00e8tera. Mentrestant, Educaci\u00f3 s\u2019umpl la boca de les seves inversions en infraestructures, al mateix temps que haur\u00e0 donat l\u2019esquena durant d\u00e8cades a projectes que eren i continuen sent imprescindibles per la comunitat educativa.<\/p>\n","protected":false},"excerpt":{"rendered":"<p>Fa m\u00e9s de trenta anys que l\u2019Associaci\u00f3 de Pares i Mares de l\u2019escola de Son Ferriol demana que es construeixi l\u2019IES Son Ferriol, ja que l\u2019alumnat que finalitza Prim\u00e0ria s\u2019ha d\u2019acabar despla\u00e7ant a instituts que no queden a prop. Com diu la presidenta de l\u2019APIMA del CEIP Son Ferriol: \u00abEstam cansats de promeses i reunions\u00bb. &hellip; <\/p>\n<p class=\"link-more\"><a href=\"https:\/\/www.siau.cat\/index.php\/2023\/05\/22\/la-conselleria-deducacio-suspen-en-infraestructures\/\" class=\"more-link\">Continua llegint <span class=\"screen-reader-text\">\u00abLa Conselleria d&#8217;Educaci\u00f3 susp\u00e8n en infraestructures\u00bb<\/span><\/a><\/p>\n","protected":false},"author":1,"featured_media":0,"comment_status":"closed","ping_status":"open","sticky":false,"template":"","format":"standard","meta":{"_jetpack_memberships_contains_paid_content":false,"footnotes":""},"categories":[1],"tags":[],"class_list":["post-844","post","type-post","status-publish","format-standard","hentry","category-uncategorized"],"yoast_head":"<!-- This site is optimized with the Yoast SEO plugin v25.4 - https:\/\/yoast.com\/wordpress\/plugins\/seo\/ -->\n<title>La Conselleria d&#039;Educaci\u00f3 susp\u00e8n en infraestructures &#8212; SIAU - SINDICAT INDEPENDENT, AUT\u00d2NOM I UNITARI<\/title>\n<meta name=\"robots\" content=\"index, follow, max-snippet:-1, max-image-preview:large, max-video-preview:-1\" \/>\n<link rel=\"canonical\" href=\"https:\/\/www.siau.cat\/index.php\/2023\/05\/22\/la-conselleria-deducacio-suspen-en-infraestructures\/\" \/>\n<meta property=\"og:locale\" content=\"ca_ES\" \/>\n<meta property=\"og:type\" content=\"article\" \/>\n<meta property=\"og:title\" content=\"La Conselleria d&#039;Educaci\u00f3 susp\u00e8n en infraestructures &#8212; SIAU - SINDICAT INDEPENDENT, AUT\u00d2NOM I UNITARI\" \/>\n<meta property=\"og:description\" content=\"Fa m\u00e9s de trenta anys que l\u2019Associaci\u00f3 de Pares i Mares de l\u2019escola de Son Ferriol demana que es construeixi l\u2019IES Son Ferriol, ja que l\u2019alumnat que finalitza Prim\u00e0ria s\u2019ha d\u2019acabar despla\u00e7ant a instituts que no queden a prop. Com diu la presidenta de l\u2019APIMA del CEIP Son Ferriol: \u00abEstam cansats de promeses i reunions\u00bb. &hellip; Continua llegint \u00abLa Conselleria d&#8217;Educaci\u00f3 susp\u00e8n en infraestructures\u00bb\" \/>\n<meta property=\"og:url\" content=\"https:\/\/www.siau.cat\/index.php\/2023\/05\/22\/la-conselleria-deducacio-suspen-en-infraestructures\/\" \/>\n<meta property=\"og:site_name\" content=\"SIAU - SINDICAT INDEPENDENT, AUT\u00d2NOM I UNITARI\" \/>\n<meta property=\"article:published_time\" content=\"2023-05-22T14:58:14+00:00\" \/>\n<meta property=\"article:modified_time\" content=\"2023-05-22T14:58:16+00:00\" \/>\n<meta property=\"og:image\" content=\"https:\/\/www.siau.cat\/wp-content\/uploads\/2023\/05\/Infraestructures-que-no-arriben-1024x576.png\" \/>\n<meta name=\"author\" content=\"admin\" \/>\n<meta name=\"twitter:card\" content=\"summary_large_image\" \/>\n<meta name=\"twitter:label1\" content=\"Escrit per\" \/>\n\t<meta name=\"twitter:data1\" content=\"admin\" \/>\n\t<meta name=\"twitter:label2\" content=\"Temps estimat de lectura\" \/>\n\t<meta name=\"twitter:data2\" content=\"2 minuts\" \/>\n<script type=\"application\/ld+json\" class=\"yoast-schema-graph\">{\"@context\":\"https:\/\/schema.org\",\"@graph\":[{\"@type\":\"Article\",\"@id\":\"https:\/\/www.siau.cat\/index.php\/2023\/05\/22\/la-conselleria-deducacio-suspen-en-infraestructures\/#article\",\"isPartOf\":{\"@id\":\"https:\/\/www.siau.cat\/index.php\/2023\/05\/22\/la-conselleria-deducacio-suspen-en-infraestructures\/\"},\"author\":{\"name\":\"admin\",\"@id\":\"https:\/\/www.siau.cat\/#\/schema\/person\/810c15694a7e538934bb4be53ebcba0d\"},\"headline\":\"La Conselleria d&#8217;Educaci\u00f3 susp\u00e8n en infraestructures\",\"datePublished\":\"2023-05-22T14:58:14+00:00\",\"dateModified\":\"2023-05-22T14:58:16+00:00\",\"mainEntityOfPage\":{\"@id\":\"https:\/\/www.siau.cat\/index.php\/2023\/05\/22\/la-conselleria-deducacio-suspen-en-infraestructures\/\"},\"wordCount\":342,\"publisher\":{\"@id\":\"https:\/\/www.siau.cat\/#organization\"},\"image\":{\"@id\":\"https:\/\/www.siau.cat\/index.php\/2023\/05\/22\/la-conselleria-deducacio-suspen-en-infraestructures\/#primaryimage\"},\"thumbnailUrl\":\"https:\/\/www.siau.cat\/wp-content\/uploads\/2023\/05\/Infraestructures-que-no-arriben-1024x576.png\",\"articleSection\":[\"Uncategorized\"],\"inLanguage\":\"ca\"},{\"@type\":\"WebPage\",\"@id\":\"https:\/\/www.siau.cat\/index.php\/2023\/05\/22\/la-conselleria-deducacio-suspen-en-infraestructures\/\",\"url\":\"https:\/\/www.siau.cat\/index.php\/2023\/05\/22\/la-conselleria-deducacio-suspen-en-infraestructures\/\",\"name\":\"La Conselleria d'Educaci\u00f3 susp\u00e8n en infraestructures &#8212; SIAU - SINDICAT INDEPENDENT, AUT\u00d2NOM I UNITARI\",\"isPartOf\":{\"@id\":\"https:\/\/www.siau.cat\/#website\"},\"primaryImageOfPage\":{\"@id\":\"https:\/\/www.siau.cat\/index.php\/2023\/05\/22\/la-conselleria-deducacio-suspen-en-infraestructures\/#primaryimage\"},\"image\":{\"@id\":\"https:\/\/www.siau.cat\/index.php\/2023\/05\/22\/la-conselleria-deducacio-suspen-en-infraestructures\/#primaryimage\"},\"thumbnailUrl\":\"https:\/\/www.siau.cat\/wp-content\/uploads\/2023\/05\/Infraestructures-que-no-arriben-1024x576.png\",\"datePublished\":\"2023-05-22T14:58:14+00:00\",\"dateModified\":\"2023-05-22T14:58:16+00:00\",\"breadcrumb\":{\"@id\":\"https:\/\/www.siau.cat\/index.php\/2023\/05\/22\/la-conselleria-deducacio-suspen-en-infraestructures\/#breadcrumb\"},\"inLanguage\":\"ca\",\"potentialAction\":[{\"@type\":\"ReadAction\",\"target\":[\"https:\/\/www.siau.cat\/index.php\/2023\/05\/22\/la-conselleria-deducacio-suspen-en-infraestructures\/\"]}]},{\"@type\":\"ImageObject\",\"inLanguage\":\"ca\",\"@id\":\"https:\/\/www.siau.cat\/index.php\/2023\/05\/22\/la-conselleria-deducacio-suspen-en-infraestructures\/#primaryimage\",\"url\":\"https:\/\/www.siau.cat\/wp-content\/uploads\/2023\/05\/Infraestructures-que-no-arriben.png\",\"contentUrl\":\"https:\/\/www.siau.cat\/wp-content\/uploads\/2023\/05\/Infraestructures-que-no-arriben.png\",\"width\":1920,\"height\":1080},{\"@type\":\"BreadcrumbList\",\"@id\":\"https:\/\/www.siau.cat\/index.php\/2023\/05\/22\/la-conselleria-deducacio-suspen-en-infraestructures\/#breadcrumb\",\"itemListElement\":[{\"@type\":\"ListItem\",\"position\":1,\"name\":\"Inici\",\"item\":\"https:\/\/www.siau.cat\/\"},{\"@type\":\"ListItem\",\"position\":2,\"name\":\"La Conselleria d&#8217;Educaci\u00f3 susp\u00e8n en infraestructures\"}]},{\"@type\":\"WebSite\",\"@id\":\"https:\/\/www.siau.cat\/#website\",\"url\":\"https:\/\/www.siau.cat\/\",\"name\":\"SIAU - SINDICAT INDEPENDENT, AUT\u00d2NOM I UNITARI\",\"description\":\"Ara s&iacute; que tenim la veu\",\"publisher\":{\"@id\":\"https:\/\/www.siau.cat\/#organization\"},\"potentialAction\":[{\"@type\":\"SearchAction\",\"target\":{\"@type\":\"EntryPoint\",\"urlTemplate\":\"https:\/\/www.siau.cat\/?s={search_term_string}\"},\"query-input\":{\"@type\":\"PropertyValueSpecification\",\"valueRequired\":true,\"valueName\":\"search_term_string\"}}],\"inLanguage\":\"ca\"},{\"@type\":\"Organization\",\"@id\":\"https:\/\/www.siau.cat\/#organization\",\"name\":\"SIAU\",\"url\":\"https:\/\/www.siau.cat\/\",\"logo\":{\"@type\":\"ImageObject\",\"inLanguage\":\"ca\",\"@id\":\"https:\/\/www.siau.cat\/#\/schema\/logo\/image\/\",\"url\":\"https:\/\/www.siau.cat\/wp-content\/uploads\/2022\/03\/cropped-resized_LOGO-SIAU-5-e1652020847972.jpg\",\"contentUrl\":\"https:\/\/www.siau.cat\/wp-content\/uploads\/2022\/03\/cropped-resized_LOGO-SIAU-5-e1652020847972.jpg\",\"width\":1600,\"height\":1200,\"caption\":\"SIAU\"},\"image\":{\"@id\":\"https:\/\/www.siau.cat\/#\/schema\/logo\/image\/\"}},{\"@type\":\"Person\",\"@id\":\"https:\/\/www.siau.cat\/#\/schema\/person\/810c15694a7e538934bb4be53ebcba0d\",\"name\":\"admin\",\"image\":{\"@type\":\"ImageObject\",\"inLanguage\":\"ca\",\"@id\":\"https:\/\/www.siau.cat\/#\/schema\/person\/image\/\",\"url\":\"https:\/\/www.siau.cat\/wp-content\/litespeed\/avatar\/d73ebfac3daa0b52552b2ccea63469da.jpg?ver=1777403609\",\"contentUrl\":\"https:\/\/www.siau.cat\/wp-content\/litespeed\/avatar\/d73ebfac3daa0b52552b2ccea63469da.jpg?ver=1777403609\",\"caption\":\"admin\"},\"sameAs\":[\"https:\/\/www.siau.cat\"],\"url\":\"https:\/\/www.siau.cat\/index.php\/author\/admin\/\"}]}<\/script>\n<!-- \/ Yoast SEO plugin. -->","yoast_head_json":{"title":"La Conselleria d'Educaci\u00f3 susp\u00e8n en infraestructures &#8212; SIAU - SINDICAT INDEPENDENT, AUT\u00d2NOM I UNITARI","robots":{"index":"index","follow":"follow","max-snippet":"max-snippet:-1","max-image-preview":"max-image-preview:large","max-video-preview":"max-video-preview:-1"},"canonical":"https:\/\/www.siau.cat\/index.php\/2023\/05\/22\/la-conselleria-deducacio-suspen-en-infraestructures\/","og_locale":"ca_ES","og_type":"article","og_title":"La Conselleria d'Educaci\u00f3 susp\u00e8n en infraestructures &#8212; SIAU - SINDICAT INDEPENDENT, AUT\u00d2NOM I UNITARI","og_description":"Fa m\u00e9s de trenta anys que l\u2019Associaci\u00f3 de Pares i Mares de l\u2019escola de Son Ferriol demana que es construeixi l\u2019IES Son Ferriol, ja que l\u2019alumnat que finalitza Prim\u00e0ria s\u2019ha d\u2019acabar despla\u00e7ant a instituts que no queden a prop. Com diu la presidenta de l\u2019APIMA del CEIP Son Ferriol: \u00abEstam cansats de promeses i reunions\u00bb. &hellip; Continua llegint \u00abLa Conselleria d&#8217;Educaci\u00f3 susp\u00e8n en infraestructures\u00bb","og_url":"https:\/\/www.siau.cat\/index.php\/2023\/05\/22\/la-conselleria-deducacio-suspen-en-infraestructures\/","og_site_name":"SIAU - SINDICAT INDEPENDENT, AUT\u00d2NOM I UNITARI","article_published_time":"2023-05-22T14:58:14+00:00","article_modified_time":"2023-05-22T14:58:16+00:00","og_image":[{"url":"https:\/\/www.siau.cat\/wp-content\/uploads\/2023\/05\/Infraestructures-que-no-arriben-1024x576.png","type":"","width":"","height":""}],"author":"admin","twitter_card":"summary_large_image","twitter_misc":{"Escrit per":"admin","Temps estimat de lectura":"2 minuts"},"schema":{"@context":"https:\/\/schema.org","@graph":[{"@type":"Article","@id":"https:\/\/www.siau.cat\/index.php\/2023\/05\/22\/la-conselleria-deducacio-suspen-en-infraestructures\/#article","isPartOf":{"@id":"https:\/\/www.siau.cat\/index.php\/2023\/05\/22\/la-conselleria-deducacio-suspen-en-infraestructures\/"},"author":{"name":"admin","@id":"https:\/\/www.siau.cat\/#\/schema\/person\/810c15694a7e538934bb4be53ebcba0d"},"headline":"La Conselleria d&#8217;Educaci\u00f3 susp\u00e8n en infraestructures","datePublished":"2023-05-22T14:58:14+00:00","dateModified":"2023-05-22T14:58:16+00:00","mainEntityOfPage":{"@id":"https:\/\/www.siau.cat\/index.php\/2023\/05\/22\/la-conselleria-deducacio-suspen-en-infraestructures\/"},"wordCount":342,"publisher":{"@id":"https:\/\/www.siau.cat\/#organization"},"image":{"@id":"https:\/\/www.siau.cat\/index.php\/2023\/05\/22\/la-conselleria-deducacio-suspen-en-infraestructures\/#primaryimage"},"thumbnailUrl":"https:\/\/www.siau.cat\/wp-content\/uploads\/2023\/05\/Infraestructures-que-no-arriben-1024x576.png","articleSection":["Uncategorized"],"inLanguage":"ca"},{"@type":"WebPage","@id":"https:\/\/www.siau.cat\/index.php\/2023\/05\/22\/la-conselleria-deducacio-suspen-en-infraestructures\/","url":"https:\/\/www.siau.cat\/index.php\/2023\/05\/22\/la-conselleria-deducacio-suspen-en-infraestructures\/","name":"La Conselleria d'Educaci\u00f3 susp\u00e8n en infraestructures &#8212; SIAU - SINDICAT INDEPENDENT, AUT\u00d2NOM I UNITARI","isPartOf":{"@id":"https:\/\/www.siau.cat\/#website"},"primaryImageOfPage":{"@id":"https:\/\/www.siau.cat\/index.php\/2023\/05\/22\/la-conselleria-deducacio-suspen-en-infraestructures\/#primaryimage"},"image":{"@id":"https:\/\/www.siau.cat\/index.php\/2023\/05\/22\/la-conselleria-deducacio-suspen-en-infraestructures\/#primaryimage"},"thumbnailUrl":"https:\/\/www.siau.cat\/wp-content\/uploads\/2023\/05\/Infraestructures-que-no-arriben-1024x576.png","datePublished":"2023-05-22T14:58:14+00:00","dateModified":"2023-05-22T14:58:16+00:00","breadcrumb":{"@id":"https:\/\/www.siau.cat\/index.php\/2023\/05\/22\/la-conselleria-deducacio-suspen-en-infraestructures\/#breadcrumb"},"inLanguage":"ca","potentialAction":[{"@type":"ReadAction","target":["https:\/\/www.siau.cat\/index.php\/2023\/05\/22\/la-conselleria-deducacio-suspen-en-infraestructures\/"]}]},{"@type":"ImageObject","inLanguage":"ca","@id":"https:\/\/www.siau.cat\/index.php\/2023\/05\/22\/la-conselleria-deducacio-suspen-en-infraestructures\/#primaryimage","url":"https:\/\/www.siau.cat\/wp-content\/uploads\/2023\/05\/Infraestructures-que-no-arriben.png","contentUrl":"https:\/\/www.siau.cat\/wp-content\/uploads\/2023\/05\/Infraestructures-que-no-arriben.png","width":1920,"height":1080},{"@type":"BreadcrumbList","@id":"https:\/\/www.siau.cat\/index.php\/2023\/05\/22\/la-conselleria-deducacio-suspen-en-infraestructures\/#breadcrumb","itemListElement":[{"@type":"ListItem","position":1,"name":"Inici","item":"https:\/\/www.siau.cat\/"},{"@type":"ListItem","position":2,"name":"La Conselleria d&#8217;Educaci\u00f3 susp\u00e8n en infraestructures"}]},{"@type":"WebSite","@id":"https:\/\/www.siau.cat\/#website","url":"https:\/\/www.siau.cat\/","name":"SIAU - SINDICAT INDEPENDENT, AUT\u00d2NOM I UNITARI","description":"Ara s&iacute; que tenim la veu","publisher":{"@id":"https:\/\/www.siau.cat\/#organization"},"potentialAction":[{"@type":"SearchAction","target":{"@type":"EntryPoint","urlTemplate":"https:\/\/www.siau.cat\/?s={search_term_string}"},"query-input":{"@type":"PropertyValueSpecification","valueRequired":true,"valueName":"search_term_string"}}],"inLanguage":"ca"},{"@type":"Organization","@id":"https:\/\/www.siau.cat\/#organization","name":"SIAU","url":"https:\/\/www.siau.cat\/","logo":{"@type":"ImageObject","inLanguage":"ca","@id":"https:\/\/www.siau.cat\/#\/schema\/logo\/image\/","url":"https:\/\/www.siau.cat\/wp-content\/uploads\/2022\/03\/cropped-resized_LOGO-SIAU-5-e1652020847972.jpg","contentUrl":"https:\/\/www.siau.cat\/wp-content\/uploads\/2022\/03\/cropped-resized_LOGO-SIAU-5-e1652020847972.jpg","width":1600,"height":1200,"caption":"SIAU"},"image":{"@id":"https:\/\/www.siau.cat\/#\/schema\/logo\/image\/"}},{"@type":"Person","@id":"https:\/\/www.siau.cat\/#\/schema\/person\/810c15694a7e538934bb4be53ebcba0d","name":"admin","image":{"@type":"ImageObject","inLanguage":"ca","@id":"https:\/\/www.siau.cat\/#\/schema\/person\/image\/","url":"https:\/\/www.siau.cat\/wp-content\/litespeed\/avatar\/d73ebfac3daa0b52552b2ccea63469da.jpg?ver=1777403609","contentUrl":"https:\/\/www.siau.cat\/wp-content\/litespeed\/avatar\/d73ebfac3daa0b52552b2ccea63469da.jpg?ver=1777403609","caption":"admin"},"sameAs":["https:\/\/www.siau.cat"],"url":"https:\/\/www.siau.cat\/index.php\/author\/admin\/"}]}},"jetpack_featured_media_url":"","jetpack_sharing_enabled":true,"_links":{"self":[{"href":"https:\/\/www.siau.cat\/index.php\/wp-json\/wp\/v2\/posts\/844","targetHints":{"allow":["GET"]}}],"collection":[{"href":"https:\/\/www.siau.cat\/index.php\/wp-json\/wp\/v2\/posts"}],"about":[{"href":"https:\/\/www.siau.cat\/index.php\/wp-json\/wp\/v2\/types\/post"}],"author":[{"embeddable":true,"href":"https:\/\/www.siau.cat\/index.php\/wp-json\/wp\/v2\/users\/1"}],"replies":[{"embeddable":true,"href":"https:\/\/www.siau.cat\/index.php\/wp-json\/wp\/v2\/comments?post=844"}],"version-history":[{"count":1,"href":"https:\/\/www.siau.cat\/index.php\/wp-json\/wp\/v2\/posts\/844\/revisions"}],"predecessor-version":[{"id":846,"href":"https:\/\/www.siau.cat\/index.php\/wp-json\/wp\/v2\/posts\/844\/revisions\/846"}],"wp:attachment":[{"href":"https:\/\/www.siau.cat\/index.php\/wp-json\/wp\/v2\/media?parent=844"}],"wp:term":[{"taxonomy":"category","embeddable":true,"href":"https:\/\/www.siau.cat\/index.php\/wp-json\/wp\/v2\/categories?post=844"},{"taxonomy":"post_tag","embeddable":true,"href":"https:\/\/www.siau.cat\/index.php\/wp-json\/wp\/v2\/tags?post=844"}],"curies":[{"name":"wp","href":"https:\/\/api.w.org\/{rel}","templated":true}]}}