{"id":848,"date":"2023-05-23T16:40:54","date_gmt":"2023-05-23T16:40:54","guid":{"rendered":"https:\/\/www.siau.cat\/?p=848"},"modified":"2023-05-23T16:40:56","modified_gmt":"2023-05-23T16:40:56","slug":"siau-demana-al-professorat-que-no-acati-cap-instruccio-illegal-de-la-conselleria-sobre-excedencies-trimestrals","status":"publish","type":"post","link":"https:\/\/www.siau.cat\/index.php\/2023\/05\/23\/siau-demana-al-professorat-que-no-acati-cap-instruccio-illegal-de-la-conselleria-sobre-excedencies-trimestrals\/","title":{"rendered":"SIAU demana al professorat que no acati cap instrucci\u00f3 il\u00b7legal de la Conselleria sobre &#8220;exced\u00e8ncies trimestrals&#8221;"},"content":{"rendered":"\n<figure class=\"wp-block-image size-large\"><img loading=\"lazy\" decoding=\"async\" width=\"724\" height=\"1024\" src=\"https:\/\/www.siau.cat\/wp-content\/uploads\/2023\/05\/Excedencies-trimestrals-724x1024.png\" alt=\"\" class=\"wp-image-849\" srcset=\"https:\/\/www.siau.cat\/wp-content\/uploads\/2023\/05\/Excedencies-trimestrals-724x1024.png 724w, https:\/\/www.siau.cat\/wp-content\/uploads\/2023\/05\/Excedencies-trimestrals-350x495.png 350w, https:\/\/www.siau.cat\/wp-content\/uploads\/2023\/05\/Excedencies-trimestrals-212x300.png 212w, https:\/\/www.siau.cat\/wp-content\/uploads\/2023\/05\/Excedencies-trimestrals-768x1086.png 768w, https:\/\/www.siau.cat\/wp-content\/uploads\/2023\/05\/Excedencies-trimestrals-1086x1536.png 1086w, https:\/\/www.siau.cat\/wp-content\/uploads\/2023\/05\/Excedencies-trimestrals-1448x2048.png 1448w, https:\/\/www.siau.cat\/wp-content\/uploads\/2023\/05\/Excedencies-trimestrals-17x24.png 17w, https:\/\/www.siau.cat\/wp-content\/uploads\/2023\/05\/Excedencies-trimestrals-25x36.png 25w, https:\/\/www.siau.cat\/wp-content\/uploads\/2023\/05\/Excedencies-trimestrals-34x48.png 34w, https:\/\/www.siau.cat\/wp-content\/uploads\/2023\/05\/Excedencies-trimestrals.png 1587w\" sizes=\"auto, (max-width: 724px) 100vw, 724px\" \/><\/figure>\n\n\n\n<p class=\"has-text-align-justify\">Des de fa anys, la Conselleria d\u2019Educaci\u00f3 assegura als docents de les Illes Balears que les exced\u00e8ncies s\u2019han de sol\u00b7licitar i gaudir per trimestres sencers. Existeix un PDF de la Direcci\u00f3 General de Personal Docent, sense cap mena de base legal a escala normativa, que indica el seg\u00fcent: \u201cLes exced\u00e8ncies s\u2019han de sol\u00b7licitar, sempre que sigui possible, per raons de planificaci\u00f3 i d\u2019organitzaci\u00f3 educativa per trimestres escolars\u201d. Per si no n\u2019hi havia suficient, personal al servei de la Conselleria, afirma de manera verbal a treballadors, que si volen agafar-se una exced\u00e8ncia per raons de guarda legal, o d\u2019altres tipus, ho han de fer abans s\u2019inici\u00ef el trimestre. B\u00e9, doncs ni a la Llei 3\/2007, de 27 de mar\u00e7, de la funci\u00f3 p\u00fablica de la comunitat aut\u00f2noma de les Illes Balears, ni al text ref\u00f3s de la Llei de l\u2019Estatut b\u00e0sic de l\u2019empleat p\u00fablic aprovat pel Reial decret legislatiu 5\/2015, de 30 d\u2019octubre, ni a l\u2019Acord del Consell de Govern de dia 28 de desembre de 2005 (BOIB n\u00fam. 196, de 31 de desembre de 2005), ni a cap altra normativa existent, si especifica all\u00f2 que des de la Direcci\u00f3 General de Personal Docent s\u2019intenta imposar al professorat. Per cert, l\u2019Acord del Consell de Govern de dia 28 de desembre de 2005, parla de reduccions hor\u00e0ries per trimestres en una tipologia de permisos, per\u00f2 en cap cas hi entren les exced\u00e8ncies. Quant a la frase del PDF que us coment\u00e0vem al principi, treballadors de la Conselleria, de manera verbal, comenten als docents que si una persona acaba una maternitat a mitjan trimestre, se li pot concedir, per exemple, l\u2019exced\u00e8ncia per la cura d\u2019un fill menor de tres anys amb posterioritat a l\u2019inici del trimestre, o finalitzar-la abans que acabi el trimestre si l\u2019infant compleix els tres anys. Per\u00f2, tornant a la regla general sobre la durada trimestral de les exced\u00e8ncies, intenten colar als docents una \u201cnorma\u201d interna que, com ja hem dit abans, no t\u00e9 cap mena de base legal, per molt que ells recalquin i hi insisteixin que cal llegir-se el PDF que tenen penjat al seu web. I aix\u00ed es queden, tan amples! Un altre aspecte important a tenir en compte \u00e9s que tamb\u00e9 imposen un tr\u00e0mit telem\u00e0tic on, tant si vols com si no vols, has d\u2019indicar una data de finalitzaci\u00f3, ja que de no fer-ho, el tr\u00e0mit no et deixa finalitzar la sol\u00b7licitud.&nbsp;<\/p>\n\n\n\n<p class=\"has-text-align-justify\">Demanam al professorat que no acati aquesta instrucci\u00f3 il\u00b7legal de la Conselleria en qu\u00e8 afirma verbalment que \u201cles exced\u00e8ncies s\u2019han de sol\u00b7licitar i gaudir per trimestres sencers\u201d. Recomanam a tots els treballadors que vulguin gaudir d\u2019una exced\u00e8ncia que ho sol\u00b7licitin no nom\u00e9s a trav\u00e9s del tr\u00e0mit telem\u00e0tic habilitat a l\u2019efecte sin\u00f3 tamb\u00e9 mitjan\u00e7ant una inst\u00e0ncia a part explicant all\u00f2 que considerin oport\u00fa, com per exemple que s\u2019ha indicat una data de finalitzaci\u00f3 tot i no saber-la (ja que si no es feia, no es permetia acabar la petici\u00f3), que l\u2019administraci\u00f3 especifiqui a quina normativa s\u2019hi indica que les exced\u00e8ncies han de ser per trimestres (ara per ara no \u00e9s possible indicar-ho, i menys amb un PDF sense validesa legal) i demanant tamb\u00e9 que la resposta a la denegaci\u00f3 de l\u2019exced\u00e8ncia es faci per escrit i se signi, no de manera verbal (que \u00e9s com ho fan). Aix\u00ed i tot, si se us denega el gaudi d\u2019aquesta, contactau al m\u00e9s aviat possible amb nosaltres i acudirem als \u00f2rgans corresponents per comunicar-ho i perqu\u00e8 s\u2019actu\u00ef immediatament contra aquesta mala praxi a qu\u00e8 ens tenen tan acostumats.<\/p>\n\n\n\n<p class=\"has-text-align-justify\">Aquesta Conselleria, que ens posa impediments (als que cada dia ens deixam la pell) pel simple fet d\u2019intentar exercir els nostres drets laborals, \u00e9s la mateixa que, a l\u2019hora, ha estat reclamant a docents per col\u00b7locar \u201ca dit\u201d dins l\u2019administraci\u00f3 sense respectar l\u2019inici i finalitzaci\u00f3 del trimestre. Ja ho diuen que no \u00e9s el mateix Arnau que mestre Arnau!<\/p>\n","protected":false},"excerpt":{"rendered":"<p>Des de fa anys, la Conselleria d\u2019Educaci\u00f3 assegura als docents de les Illes Balears que les exced\u00e8ncies s\u2019han de sol\u00b7licitar i gaudir per trimestres sencers. Existeix un PDF de la Direcci\u00f3 General de Personal Docent, sense cap mena de base legal a escala normativa, que indica el seg\u00fcent: \u201cLes exced\u00e8ncies s\u2019han de sol\u00b7licitar, sempre que &hellip; <\/p>\n<p class=\"link-more\"><a href=\"https:\/\/www.siau.cat\/index.php\/2023\/05\/23\/siau-demana-al-professorat-que-no-acati-cap-instruccio-illegal-de-la-conselleria-sobre-excedencies-trimestrals\/\" class=\"more-link\">Continua llegint <span class=\"screen-reader-text\">\u00abSIAU demana al professorat que no acati cap instrucci\u00f3 il\u00b7legal de la Conselleria sobre &#8220;exced\u00e8ncies trimestrals&#8221;\u00bb<\/span><\/a><\/p>\n","protected":false},"author":1,"featured_media":0,"comment_status":"closed","ping_status":"open","sticky":false,"template":"","format":"standard","meta":{"_jetpack_memberships_contains_paid_content":false,"footnotes":""},"categories":[1],"tags":[],"class_list":["post-848","post","type-post","status-publish","format-standard","hentry","category-uncategorized"],"yoast_head":"<!-- This site is optimized with the Yoast SEO plugin v25.4 - https:\/\/yoast.com\/wordpress\/plugins\/seo\/ -->\n<title>SIAU demana al professorat que no acati cap instrucci\u00f3 il\u00b7legal de la Conselleria sobre &quot;exced\u00e8ncies trimestrals&quot; &#8212; SIAU - SINDICAT INDEPENDENT, AUT\u00d2NOM I UNITARI<\/title>\n<meta name=\"robots\" content=\"index, follow, max-snippet:-1, max-image-preview:large, max-video-preview:-1\" \/>\n<link rel=\"canonical\" href=\"https:\/\/www.siau.cat\/index.php\/2023\/05\/23\/siau-demana-al-professorat-que-no-acati-cap-instruccio-illegal-de-la-conselleria-sobre-excedencies-trimestrals\/\" \/>\n<meta property=\"og:locale\" content=\"ca_ES\" \/>\n<meta property=\"og:type\" content=\"article\" \/>\n<meta property=\"og:title\" content=\"SIAU demana al professorat que no acati cap instrucci\u00f3 il\u00b7legal de la Conselleria sobre &quot;exced\u00e8ncies trimestrals&quot; &#8212; SIAU - SINDICAT INDEPENDENT, AUT\u00d2NOM I UNITARI\" \/>\n<meta property=\"og:description\" content=\"Des de fa anys, la Conselleria d\u2019Educaci\u00f3 assegura als docents de les Illes Balears que les exced\u00e8ncies s\u2019han de sol\u00b7licitar i gaudir per trimestres sencers. Existeix un PDF de la Direcci\u00f3 General de Personal Docent, sense cap mena de base legal a escala normativa, que indica el seg\u00fcent: \u201cLes exced\u00e8ncies s\u2019han de sol\u00b7licitar, sempre que &hellip; Continua llegint \u00abSIAU demana al professorat que no acati cap instrucci\u00f3 il\u00b7legal de la Conselleria sobre &#8220;exced\u00e8ncies trimestrals&#8221;\u00bb\" \/>\n<meta property=\"og:url\" content=\"https:\/\/www.siau.cat\/index.php\/2023\/05\/23\/siau-demana-al-professorat-que-no-acati-cap-instruccio-illegal-de-la-conselleria-sobre-excedencies-trimestrals\/\" \/>\n<meta property=\"og:site_name\" content=\"SIAU - SINDICAT INDEPENDENT, AUT\u00d2NOM I UNITARI\" \/>\n<meta property=\"article:published_time\" content=\"2023-05-23T16:40:54+00:00\" \/>\n<meta property=\"article:modified_time\" content=\"2023-05-23T16:40:56+00:00\" \/>\n<meta property=\"og:image\" content=\"https:\/\/www.siau.cat\/wp-content\/uploads\/2023\/05\/Excedencies-trimestrals-724x1024.png\" \/>\n<meta name=\"author\" content=\"admin\" \/>\n<meta name=\"twitter:card\" content=\"summary_large_image\" \/>\n<meta name=\"twitter:label1\" content=\"Escrit per\" \/>\n\t<meta name=\"twitter:data1\" content=\"admin\" \/>\n\t<meta name=\"twitter:label2\" content=\"Temps estimat de lectura\" \/>\n\t<meta name=\"twitter:data2\" content=\"4 minuts\" \/>\n<script type=\"application\/ld+json\" class=\"yoast-schema-graph\">{\"@context\":\"https:\/\/schema.org\",\"@graph\":[{\"@type\":\"Article\",\"@id\":\"https:\/\/www.siau.cat\/index.php\/2023\/05\/23\/siau-demana-al-professorat-que-no-acati-cap-instruccio-illegal-de-la-conselleria-sobre-excedencies-trimestrals\/#article\",\"isPartOf\":{\"@id\":\"https:\/\/www.siau.cat\/index.php\/2023\/05\/23\/siau-demana-al-professorat-que-no-acati-cap-instruccio-illegal-de-la-conselleria-sobre-excedencies-trimestrals\/\"},\"author\":{\"name\":\"admin\",\"@id\":\"https:\/\/www.siau.cat\/#\/schema\/person\/810c15694a7e538934bb4be53ebcba0d\"},\"headline\":\"SIAU demana al professorat que no acati cap instrucci\u00f3 il\u00b7legal de la Conselleria sobre &#8220;exced\u00e8ncies trimestrals&#8221;\",\"datePublished\":\"2023-05-23T16:40:54+00:00\",\"dateModified\":\"2023-05-23T16:40:56+00:00\",\"mainEntityOfPage\":{\"@id\":\"https:\/\/www.siau.cat\/index.php\/2023\/05\/23\/siau-demana-al-professorat-que-no-acati-cap-instruccio-illegal-de-la-conselleria-sobre-excedencies-trimestrals\/\"},\"wordCount\":714,\"publisher\":{\"@id\":\"https:\/\/www.siau.cat\/#organization\"},\"image\":{\"@id\":\"https:\/\/www.siau.cat\/index.php\/2023\/05\/23\/siau-demana-al-professorat-que-no-acati-cap-instruccio-illegal-de-la-conselleria-sobre-excedencies-trimestrals\/#primaryimage\"},\"thumbnailUrl\":\"https:\/\/www.siau.cat\/wp-content\/uploads\/2023\/05\/Excedencies-trimestrals-724x1024.png\",\"articleSection\":[\"Uncategorized\"],\"inLanguage\":\"ca\"},{\"@type\":\"WebPage\",\"@id\":\"https:\/\/www.siau.cat\/index.php\/2023\/05\/23\/siau-demana-al-professorat-que-no-acati-cap-instruccio-illegal-de-la-conselleria-sobre-excedencies-trimestrals\/\",\"url\":\"https:\/\/www.siau.cat\/index.php\/2023\/05\/23\/siau-demana-al-professorat-que-no-acati-cap-instruccio-illegal-de-la-conselleria-sobre-excedencies-trimestrals\/\",\"name\":\"SIAU demana al professorat que no acati cap instrucci\u00f3 il\u00b7legal de la Conselleria sobre \\\"exced\u00e8ncies trimestrals\\\" &#8212; SIAU - SINDICAT INDEPENDENT, AUT\u00d2NOM I UNITARI\",\"isPartOf\":{\"@id\":\"https:\/\/www.siau.cat\/#website\"},\"primaryImageOfPage\":{\"@id\":\"https:\/\/www.siau.cat\/index.php\/2023\/05\/23\/siau-demana-al-professorat-que-no-acati-cap-instruccio-illegal-de-la-conselleria-sobre-excedencies-trimestrals\/#primaryimage\"},\"image\":{\"@id\":\"https:\/\/www.siau.cat\/index.php\/2023\/05\/23\/siau-demana-al-professorat-que-no-acati-cap-instruccio-illegal-de-la-conselleria-sobre-excedencies-trimestrals\/#primaryimage\"},\"thumbnailUrl\":\"https:\/\/www.siau.cat\/wp-content\/uploads\/2023\/05\/Excedencies-trimestrals-724x1024.png\",\"datePublished\":\"2023-05-23T16:40:54+00:00\",\"dateModified\":\"2023-05-23T16:40:56+00:00\",\"breadcrumb\":{\"@id\":\"https:\/\/www.siau.cat\/index.php\/2023\/05\/23\/siau-demana-al-professorat-que-no-acati-cap-instruccio-illegal-de-la-conselleria-sobre-excedencies-trimestrals\/#breadcrumb\"},\"inLanguage\":\"ca\",\"potentialAction\":[{\"@type\":\"ReadAction\",\"target\":[\"https:\/\/www.siau.cat\/index.php\/2023\/05\/23\/siau-demana-al-professorat-que-no-acati-cap-instruccio-illegal-de-la-conselleria-sobre-excedencies-trimestrals\/\"]}]},{\"@type\":\"ImageObject\",\"inLanguage\":\"ca\",\"@id\":\"https:\/\/www.siau.cat\/index.php\/2023\/05\/23\/siau-demana-al-professorat-que-no-acati-cap-instruccio-illegal-de-la-conselleria-sobre-excedencies-trimestrals\/#primaryimage\",\"url\":\"https:\/\/www.siau.cat\/wp-content\/uploads\/2023\/05\/Excedencies-trimestrals.png\",\"contentUrl\":\"https:\/\/www.siau.cat\/wp-content\/uploads\/2023\/05\/Excedencies-trimestrals.png\",\"width\":1587,\"height\":2245},{\"@type\":\"BreadcrumbList\",\"@id\":\"https:\/\/www.siau.cat\/index.php\/2023\/05\/23\/siau-demana-al-professorat-que-no-acati-cap-instruccio-illegal-de-la-conselleria-sobre-excedencies-trimestrals\/#breadcrumb\",\"itemListElement\":[{\"@type\":\"ListItem\",\"position\":1,\"name\":\"Inici\",\"item\":\"https:\/\/www.siau.cat\/\"},{\"@type\":\"ListItem\",\"position\":2,\"name\":\"SIAU demana al professorat que no acati cap instrucci\u00f3 il\u00b7legal de la Conselleria sobre &#8220;exced\u00e8ncies trimestrals&#8221;\"}]},{\"@type\":\"WebSite\",\"@id\":\"https:\/\/www.siau.cat\/#website\",\"url\":\"https:\/\/www.siau.cat\/\",\"name\":\"SIAU - SINDICAT INDEPENDENT, AUT\u00d2NOM I UNITARI\",\"description\":\"Ara s&iacute; que tenim la veu\",\"publisher\":{\"@id\":\"https:\/\/www.siau.cat\/#organization\"},\"potentialAction\":[{\"@type\":\"SearchAction\",\"target\":{\"@type\":\"EntryPoint\",\"urlTemplate\":\"https:\/\/www.siau.cat\/?s={search_term_string}\"},\"query-input\":{\"@type\":\"PropertyValueSpecification\",\"valueRequired\":true,\"valueName\":\"search_term_string\"}}],\"inLanguage\":\"ca\"},{\"@type\":\"Organization\",\"@id\":\"https:\/\/www.siau.cat\/#organization\",\"name\":\"SIAU\",\"url\":\"https:\/\/www.siau.cat\/\",\"logo\":{\"@type\":\"ImageObject\",\"inLanguage\":\"ca\",\"@id\":\"https:\/\/www.siau.cat\/#\/schema\/logo\/image\/\",\"url\":\"https:\/\/www.siau.cat\/wp-content\/uploads\/2022\/03\/cropped-resized_LOGO-SIAU-5-e1652020847972.jpg\",\"contentUrl\":\"https:\/\/www.siau.cat\/wp-content\/uploads\/2022\/03\/cropped-resized_LOGO-SIAU-5-e1652020847972.jpg\",\"width\":1600,\"height\":1200,\"caption\":\"SIAU\"},\"image\":{\"@id\":\"https:\/\/www.siau.cat\/#\/schema\/logo\/image\/\"}},{\"@type\":\"Person\",\"@id\":\"https:\/\/www.siau.cat\/#\/schema\/person\/810c15694a7e538934bb4be53ebcba0d\",\"name\":\"admin\",\"image\":{\"@type\":\"ImageObject\",\"inLanguage\":\"ca\",\"@id\":\"https:\/\/www.siau.cat\/#\/schema\/person\/image\/\",\"url\":\"https:\/\/www.siau.cat\/wp-content\/litespeed\/avatar\/d73ebfac3daa0b52552b2ccea63469da.jpg?ver=1777403609\",\"contentUrl\":\"https:\/\/www.siau.cat\/wp-content\/litespeed\/avatar\/d73ebfac3daa0b52552b2ccea63469da.jpg?ver=1777403609\",\"caption\":\"admin\"},\"sameAs\":[\"https:\/\/www.siau.cat\"],\"url\":\"https:\/\/www.siau.cat\/index.php\/author\/admin\/\"}]}<\/script>\n<!-- \/ Yoast SEO plugin. -->","yoast_head_json":{"title":"SIAU demana al professorat que no acati cap instrucci\u00f3 il\u00b7legal de la Conselleria sobre \"exced\u00e8ncies trimestrals\" &#8212; SIAU - SINDICAT INDEPENDENT, AUT\u00d2NOM I UNITARI","robots":{"index":"index","follow":"follow","max-snippet":"max-snippet:-1","max-image-preview":"max-image-preview:large","max-video-preview":"max-video-preview:-1"},"canonical":"https:\/\/www.siau.cat\/index.php\/2023\/05\/23\/siau-demana-al-professorat-que-no-acati-cap-instruccio-illegal-de-la-conselleria-sobre-excedencies-trimestrals\/","og_locale":"ca_ES","og_type":"article","og_title":"SIAU demana al professorat que no acati cap instrucci\u00f3 il\u00b7legal de la Conselleria sobre \"exced\u00e8ncies trimestrals\" &#8212; SIAU - SINDICAT INDEPENDENT, AUT\u00d2NOM I UNITARI","og_description":"Des de fa anys, la Conselleria d\u2019Educaci\u00f3 assegura als docents de les Illes Balears que les exced\u00e8ncies s\u2019han de sol\u00b7licitar i gaudir per trimestres sencers. Existeix un PDF de la Direcci\u00f3 General de Personal Docent, sense cap mena de base legal a escala normativa, que indica el seg\u00fcent: \u201cLes exced\u00e8ncies s\u2019han de sol\u00b7licitar, sempre que &hellip; Continua llegint \u00abSIAU demana al professorat que no acati cap instrucci\u00f3 il\u00b7legal de la Conselleria sobre &#8220;exced\u00e8ncies trimestrals&#8221;\u00bb","og_url":"https:\/\/www.siau.cat\/index.php\/2023\/05\/23\/siau-demana-al-professorat-que-no-acati-cap-instruccio-illegal-de-la-conselleria-sobre-excedencies-trimestrals\/","og_site_name":"SIAU - SINDICAT INDEPENDENT, AUT\u00d2NOM I UNITARI","article_published_time":"2023-05-23T16:40:54+00:00","article_modified_time":"2023-05-23T16:40:56+00:00","og_image":[{"url":"https:\/\/www.siau.cat\/wp-content\/uploads\/2023\/05\/Excedencies-trimestrals-724x1024.png","type":"","width":"","height":""}],"author":"admin","twitter_card":"summary_large_image","twitter_misc":{"Escrit per":"admin","Temps estimat de lectura":"4 minuts"},"schema":{"@context":"https:\/\/schema.org","@graph":[{"@type":"Article","@id":"https:\/\/www.siau.cat\/index.php\/2023\/05\/23\/siau-demana-al-professorat-que-no-acati-cap-instruccio-illegal-de-la-conselleria-sobre-excedencies-trimestrals\/#article","isPartOf":{"@id":"https:\/\/www.siau.cat\/index.php\/2023\/05\/23\/siau-demana-al-professorat-que-no-acati-cap-instruccio-illegal-de-la-conselleria-sobre-excedencies-trimestrals\/"},"author":{"name":"admin","@id":"https:\/\/www.siau.cat\/#\/schema\/person\/810c15694a7e538934bb4be53ebcba0d"},"headline":"SIAU demana al professorat que no acati cap instrucci\u00f3 il\u00b7legal de la Conselleria sobre &#8220;exced\u00e8ncies trimestrals&#8221;","datePublished":"2023-05-23T16:40:54+00:00","dateModified":"2023-05-23T16:40:56+00:00","mainEntityOfPage":{"@id":"https:\/\/www.siau.cat\/index.php\/2023\/05\/23\/siau-demana-al-professorat-que-no-acati-cap-instruccio-illegal-de-la-conselleria-sobre-excedencies-trimestrals\/"},"wordCount":714,"publisher":{"@id":"https:\/\/www.siau.cat\/#organization"},"image":{"@id":"https:\/\/www.siau.cat\/index.php\/2023\/05\/23\/siau-demana-al-professorat-que-no-acati-cap-instruccio-illegal-de-la-conselleria-sobre-excedencies-trimestrals\/#primaryimage"},"thumbnailUrl":"https:\/\/www.siau.cat\/wp-content\/uploads\/2023\/05\/Excedencies-trimestrals-724x1024.png","articleSection":["Uncategorized"],"inLanguage":"ca"},{"@type":"WebPage","@id":"https:\/\/www.siau.cat\/index.php\/2023\/05\/23\/siau-demana-al-professorat-que-no-acati-cap-instruccio-illegal-de-la-conselleria-sobre-excedencies-trimestrals\/","url":"https:\/\/www.siau.cat\/index.php\/2023\/05\/23\/siau-demana-al-professorat-que-no-acati-cap-instruccio-illegal-de-la-conselleria-sobre-excedencies-trimestrals\/","name":"SIAU demana al professorat que no acati cap instrucci\u00f3 il\u00b7legal de la Conselleria sobre \"exced\u00e8ncies trimestrals\" &#8212; SIAU - SINDICAT INDEPENDENT, AUT\u00d2NOM I UNITARI","isPartOf":{"@id":"https:\/\/www.siau.cat\/#website"},"primaryImageOfPage":{"@id":"https:\/\/www.siau.cat\/index.php\/2023\/05\/23\/siau-demana-al-professorat-que-no-acati-cap-instruccio-illegal-de-la-conselleria-sobre-excedencies-trimestrals\/#primaryimage"},"image":{"@id":"https:\/\/www.siau.cat\/index.php\/2023\/05\/23\/siau-demana-al-professorat-que-no-acati-cap-instruccio-illegal-de-la-conselleria-sobre-excedencies-trimestrals\/#primaryimage"},"thumbnailUrl":"https:\/\/www.siau.cat\/wp-content\/uploads\/2023\/05\/Excedencies-trimestrals-724x1024.png","datePublished":"2023-05-23T16:40:54+00:00","dateModified":"2023-05-23T16:40:56+00:00","breadcrumb":{"@id":"https:\/\/www.siau.cat\/index.php\/2023\/05\/23\/siau-demana-al-professorat-que-no-acati-cap-instruccio-illegal-de-la-conselleria-sobre-excedencies-trimestrals\/#breadcrumb"},"inLanguage":"ca","potentialAction":[{"@type":"ReadAction","target":["https:\/\/www.siau.cat\/index.php\/2023\/05\/23\/siau-demana-al-professorat-que-no-acati-cap-instruccio-illegal-de-la-conselleria-sobre-excedencies-trimestrals\/"]}]},{"@type":"ImageObject","inLanguage":"ca","@id":"https:\/\/www.siau.cat\/index.php\/2023\/05\/23\/siau-demana-al-professorat-que-no-acati-cap-instruccio-illegal-de-la-conselleria-sobre-excedencies-trimestrals\/#primaryimage","url":"https:\/\/www.siau.cat\/wp-content\/uploads\/2023\/05\/Excedencies-trimestrals.png","contentUrl":"https:\/\/www.siau.cat\/wp-content\/uploads\/2023\/05\/Excedencies-trimestrals.png","width":1587,"height":2245},{"@type":"BreadcrumbList","@id":"https:\/\/www.siau.cat\/index.php\/2023\/05\/23\/siau-demana-al-professorat-que-no-acati-cap-instruccio-illegal-de-la-conselleria-sobre-excedencies-trimestrals\/#breadcrumb","itemListElement":[{"@type":"ListItem","position":1,"name":"Inici","item":"https:\/\/www.siau.cat\/"},{"@type":"ListItem","position":2,"name":"SIAU demana al professorat que no acati cap instrucci\u00f3 il\u00b7legal de la Conselleria sobre &#8220;exced\u00e8ncies trimestrals&#8221;"}]},{"@type":"WebSite","@id":"https:\/\/www.siau.cat\/#website","url":"https:\/\/www.siau.cat\/","name":"SIAU - SINDICAT INDEPENDENT, AUT\u00d2NOM I UNITARI","description":"Ara s&iacute; que tenim la veu","publisher":{"@id":"https:\/\/www.siau.cat\/#organization"},"potentialAction":[{"@type":"SearchAction","target":{"@type":"EntryPoint","urlTemplate":"https:\/\/www.siau.cat\/?s={search_term_string}"},"query-input":{"@type":"PropertyValueSpecification","valueRequired":true,"valueName":"search_term_string"}}],"inLanguage":"ca"},{"@type":"Organization","@id":"https:\/\/www.siau.cat\/#organization","name":"SIAU","url":"https:\/\/www.siau.cat\/","logo":{"@type":"ImageObject","inLanguage":"ca","@id":"https:\/\/www.siau.cat\/#\/schema\/logo\/image\/","url":"https:\/\/www.siau.cat\/wp-content\/uploads\/2022\/03\/cropped-resized_LOGO-SIAU-5-e1652020847972.jpg","contentUrl":"https:\/\/www.siau.cat\/wp-content\/uploads\/2022\/03\/cropped-resized_LOGO-SIAU-5-e1652020847972.jpg","width":1600,"height":1200,"caption":"SIAU"},"image":{"@id":"https:\/\/www.siau.cat\/#\/schema\/logo\/image\/"}},{"@type":"Person","@id":"https:\/\/www.siau.cat\/#\/schema\/person\/810c15694a7e538934bb4be53ebcba0d","name":"admin","image":{"@type":"ImageObject","inLanguage":"ca","@id":"https:\/\/www.siau.cat\/#\/schema\/person\/image\/","url":"https:\/\/www.siau.cat\/wp-content\/litespeed\/avatar\/d73ebfac3daa0b52552b2ccea63469da.jpg?ver=1777403609","contentUrl":"https:\/\/www.siau.cat\/wp-content\/litespeed\/avatar\/d73ebfac3daa0b52552b2ccea63469da.jpg?ver=1777403609","caption":"admin"},"sameAs":["https:\/\/www.siau.cat"],"url":"https:\/\/www.siau.cat\/index.php\/author\/admin\/"}]}},"jetpack_featured_media_url":"","jetpack_sharing_enabled":true,"_links":{"self":[{"href":"https:\/\/www.siau.cat\/index.php\/wp-json\/wp\/v2\/posts\/848","targetHints":{"allow":["GET"]}}],"collection":[{"href":"https:\/\/www.siau.cat\/index.php\/wp-json\/wp\/v2\/posts"}],"about":[{"href":"https:\/\/www.siau.cat\/index.php\/wp-json\/wp\/v2\/types\/post"}],"author":[{"embeddable":true,"href":"https:\/\/www.siau.cat\/index.php\/wp-json\/wp\/v2\/users\/1"}],"replies":[{"embeddable":true,"href":"https:\/\/www.siau.cat\/index.php\/wp-json\/wp\/v2\/comments?post=848"}],"version-history":[{"count":1,"href":"https:\/\/www.siau.cat\/index.php\/wp-json\/wp\/v2\/posts\/848\/revisions"}],"predecessor-version":[{"id":850,"href":"https:\/\/www.siau.cat\/index.php\/wp-json\/wp\/v2\/posts\/848\/revisions\/850"}],"wp:attachment":[{"href":"https:\/\/www.siau.cat\/index.php\/wp-json\/wp\/v2\/media?parent=848"}],"wp:term":[{"taxonomy":"category","embeddable":true,"href":"https:\/\/www.siau.cat\/index.php\/wp-json\/wp\/v2\/categories?post=848"},{"taxonomy":"post_tag","embeddable":true,"href":"https:\/\/www.siau.cat\/index.php\/wp-json\/wp\/v2\/tags?post=848"}],"curies":[{"name":"wp","href":"https:\/\/api.w.org\/{rel}","templated":true}]}}