{"id":882,"date":"2023-06-02T19:25:03","date_gmt":"2023-06-02T19:25:03","guid":{"rendered":"https:\/\/www.siau.cat\/?p=882"},"modified":"2023-06-03T19:47:46","modified_gmt":"2023-06-03T19:47:46","slug":"siau-agraeix-les-nombroses-mostres-de-suport-rebudes-si-en-toquen-a-un-ens-toquen-a-tots","status":"publish","type":"post","link":"https:\/\/www.siau.cat\/index.php\/2023\/06\/02\/siau-agraeix-les-nombroses-mostres-de-suport-rebudes-si-en-toquen-a-un-ens-toquen-a-tots\/","title":{"rendered":"SIAU agraeix les nombroses mostres de suport rebudes. Si en toquen a un, ens toquen a tots!"},"content":{"rendered":"\n<figure class=\"wp-block-image size-large\"><img loading=\"lazy\" decoding=\"async\" width=\"796\" height=\"1024\" src=\"https:\/\/www.siau.cat\/wp-content\/uploads\/2023\/06\/Si-en-toquen-a-un-ens-toquen-a-tots-796x1024.png\" alt=\"\" class=\"wp-image-883\" srcset=\"https:\/\/www.siau.cat\/wp-content\/uploads\/2023\/06\/Si-en-toquen-a-un-ens-toquen-a-tots-796x1024.png 796w, https:\/\/www.siau.cat\/wp-content\/uploads\/2023\/06\/Si-en-toquen-a-un-ens-toquen-a-tots-350x450.png 350w, https:\/\/www.siau.cat\/wp-content\/uploads\/2023\/06\/Si-en-toquen-a-un-ens-toquen-a-tots-233x300.png 233w, https:\/\/www.siau.cat\/wp-content\/uploads\/2023\/06\/Si-en-toquen-a-un-ens-toquen-a-tots-768x988.png 768w, https:\/\/www.siau.cat\/wp-content\/uploads\/2023\/06\/Si-en-toquen-a-un-ens-toquen-a-tots-1194x1536.png 1194w, https:\/\/www.siau.cat\/wp-content\/uploads\/2023\/06\/Si-en-toquen-a-un-ens-toquen-a-tots-19x24.png 19w, https:\/\/www.siau.cat\/wp-content\/uploads\/2023\/06\/Si-en-toquen-a-un-ens-toquen-a-tots-28x36.png 28w, https:\/\/www.siau.cat\/wp-content\/uploads\/2023\/06\/Si-en-toquen-a-un-ens-toquen-a-tots-37x48.png 37w, https:\/\/www.siau.cat\/wp-content\/uploads\/2023\/06\/Si-en-toquen-a-un-ens-toquen-a-tots.png 1555w\" sizes=\"auto, (max-width: 767px) 89vw, (max-width: 1000px) 54vw, (max-width: 1071px) 543px, 580px\" \/><\/figure>\n\n\n\n<p class=\"has-text-align-justify\">Des de SIAU, abans de res, volem agrair i donar l\u2019enhorabona a tots els docents que, de manera totalment desinteressada i altruista, varen voler participar en l\u2019acte de protesta d\u2019apuntar-se a diverses especialitats del concurs de m\u00e8rits. Podem afirmar amb rotunditat, despr\u00e9s de les reaccions que hi ha hagut, que ha estat tot un \u00e8xit. Sobretot perqu\u00e8 gran part de la societat no era coneixedora del nyap que administraci\u00f3 i sindicats havien aprovat. Totes les accions anteriors que dugu\u00e9rem a terme (reunions amb 6 grups parlamentaris distints, notes p\u00fabliques, mobilitzacions al carrer, comunicacions constants amb l\u2019administraci\u00f3 que recentment ha estat castigada a les urnes, etc.), no varen bastar per crear consci\u00e8ncia col\u00b7lectiva de les implicacions reals del que s\u2019estava cuinant. Nosaltres ho advert\u00edrem moltes vegades, per\u00f2 mancava el m\u00e9s important: la voluntat pol\u00edtica per aturar-ho tot i tornar a comen\u00e7ar de bell nou. No obstant aix\u00f2, el darrer acte de protesta que iniciaren diferents docents, per evidenciar el sense sentit d\u2019aquest proc\u00e9s de \u00abdesestabilitzaci\u00f3\u00bb, ha acabat tocant la fibra a un gruix considerable del col\u00b7lectiu docent; ll\u00e0stima que aquesta presa de consci\u00e8ncia hagi arribat tan tard. Aix\u00ed i tot, m\u00e9s val tard que mai! I m\u00e9s quan s\u2019est\u00e0 jugant amb l\u2019educaci\u00f3 dels nostres infants, les futures generacions. \u00c9s contradictori que des de les institucions es parli d\u2019empoderar l\u2019alumnat i blindar un sistema de qualitat, el mateix temps que es porta a terme un concurs de m\u00e8rits que fa aig\u00fces de per tot. Fer-ho pitjor era molt dif\u00edcil, si no impossible.<\/p>\n\n\n\n<p class=\"has-text-align-justify\">Per\u00f2, el que ens resulta m\u00e9s denigrant i que el dia d\u2019avui encara no s\u2019ha pres plena consci\u00e8ncia, \u00e9s que els treballadors de l\u2019administraci\u00f3 p\u00fablica s\u00f3n persones, i com a tal se les hauria de tractar. Una s\u00e8rie de persones que encara no han digerit els resultats electorals de diumenge passat i que veuen perillar bona part dels seus privilegis, s\u2019han dedicat a menysprear amb la desqualificaci\u00f3, atacar mitjan\u00e7ant l\u2019insult sistem\u00e0tic&#8230;, a representants sindicals de SIAU. Nosaltres consideram que aquesta mai ha de ser la via. La via adequada \u00e9s una altra molt distinta. Es pot estar d\u2019acord o en contra d\u2019una postura, d\u2019una acci\u00f3, d\u2019una opini\u00f3, per\u00f2 sense necessitat d\u2019emprar la desqualificaci\u00f3 o l\u2019insult. Voler assenyalar una persona concreta pel simple fet de plantar cara a les injust\u00edcies, diu ben poc dels que ho fan. Consideram que durant les darreres hores s\u2019han tornat a rebre atacs personals molt greus que provenen d\u2019alliberats sindicals propers a alts c\u00e0rrecs d\u2019Educaci\u00f3 i que de cap de les maneres tolerarem. Igualment, volem agrair les nombroses mostres de suport que hem rebut procedents de docents que han estat testimonis directes dels fets ocorreguts a trav\u00e9s de les distintes xarxes socials.<\/p>\n\n\n\n<p class=\"has-text-align-justify\">Volem fer un clar advertiment a aquells que, resignats des dels seus llocs privilegiats, han decidit fer servir la via de la crispaci\u00f3 i assenyalar persones lluitadores: des de SIAU no ens desviarem dels nostres objectius ni un mil\u00b7l\u00edmetre. Continuarem denunciant les injust\u00edcies i posant el nostre granet d\u2019arena perqu\u00e8 el col\u00b7lectiu docent recuperi de nou tots els drets perduts durant aquests darrers anys. Hi ha molta feina a fer per revertit tot el que s\u2019ha destru\u00eft. Com per exemple aturar urgentment la LOMLOE, abans sigui massa tard, i retornar el poder als claustres. No ho dubteu, nosaltres no som un sindicat domesticat al servei del poder. Per aix\u00f2, si en toquen a un, ens toquen a tots!<\/p>\n","protected":false},"excerpt":{"rendered":"<p>Des de SIAU, abans de res, volem agrair i donar l\u2019enhorabona a tots els docents que, de manera totalment desinteressada i altruista, varen voler participar en l\u2019acte de protesta d\u2019apuntar-se a diverses especialitats del concurs de m\u00e8rits. Podem afirmar amb rotunditat, despr\u00e9s de les reaccions que hi ha hagut, que ha estat tot un \u00e8xit. &hellip; <\/p>\n<p class=\"link-more\"><a href=\"https:\/\/www.siau.cat\/index.php\/2023\/06\/02\/siau-agraeix-les-nombroses-mostres-de-suport-rebudes-si-en-toquen-a-un-ens-toquen-a-tots\/\" class=\"more-link\">Continua llegint <span class=\"screen-reader-text\">\u00abSIAU agraeix les nombroses mostres de suport rebudes. Si en toquen a un, ens toquen a tots!\u00bb<\/span><\/a><\/p>\n","protected":false},"author":1,"featured_media":0,"comment_status":"closed","ping_status":"open","sticky":false,"template":"","format":"standard","meta":{"_jetpack_memberships_contains_paid_content":false,"footnotes":""},"categories":[1],"tags":[],"class_list":["post-882","post","type-post","status-publish","format-standard","hentry","category-uncategorized"],"yoast_head":"<!-- This site is optimized with the Yoast SEO plugin v25.4 - https:\/\/yoast.com\/wordpress\/plugins\/seo\/ -->\n<title>SIAU agraeix les nombroses mostres de suport rebudes. Si en toquen a un, ens toquen a tots! &#8212; SIAU - SINDICAT INDEPENDENT, AUT\u00d2NOM I UNITARI<\/title>\n<meta name=\"robots\" content=\"index, follow, max-snippet:-1, max-image-preview:large, max-video-preview:-1\" \/>\n<link rel=\"canonical\" href=\"https:\/\/www.siau.cat\/index.php\/2023\/06\/02\/siau-agraeix-les-nombroses-mostres-de-suport-rebudes-si-en-toquen-a-un-ens-toquen-a-tots\/\" \/>\n<meta property=\"og:locale\" content=\"ca_ES\" \/>\n<meta property=\"og:type\" content=\"article\" \/>\n<meta property=\"og:title\" content=\"SIAU agraeix les nombroses mostres de suport rebudes. Si en toquen a un, ens toquen a tots! &#8212; SIAU - SINDICAT INDEPENDENT, AUT\u00d2NOM I UNITARI\" \/>\n<meta property=\"og:description\" content=\"Des de SIAU, abans de res, volem agrair i donar l\u2019enhorabona a tots els docents que, de manera totalment desinteressada i altruista, varen voler participar en l\u2019acte de protesta d\u2019apuntar-se a diverses especialitats del concurs de m\u00e8rits. Podem afirmar amb rotunditat, despr\u00e9s de les reaccions que hi ha hagut, que ha estat tot un \u00e8xit. &hellip; Continua llegint \u00abSIAU agraeix les nombroses mostres de suport rebudes. Si en toquen a un, ens toquen a tots!\u00bb\" \/>\n<meta property=\"og:url\" content=\"https:\/\/www.siau.cat\/index.php\/2023\/06\/02\/siau-agraeix-les-nombroses-mostres-de-suport-rebudes-si-en-toquen-a-un-ens-toquen-a-tots\/\" \/>\n<meta property=\"og:site_name\" content=\"SIAU - SINDICAT INDEPENDENT, AUT\u00d2NOM I UNITARI\" \/>\n<meta property=\"article:published_time\" content=\"2023-06-02T19:25:03+00:00\" \/>\n<meta property=\"article:modified_time\" content=\"2023-06-03T19:47:46+00:00\" \/>\n<meta property=\"og:image\" content=\"https:\/\/www.siau.cat\/wp-content\/uploads\/2023\/06\/Si-en-toquen-a-un-ens-toquen-a-tots-796x1024.png\" \/>\n<meta name=\"author\" content=\"admin\" \/>\n<meta name=\"twitter:card\" content=\"summary_large_image\" \/>\n<meta name=\"twitter:label1\" content=\"Escrit per\" \/>\n\t<meta name=\"twitter:data1\" content=\"admin\" \/>\n\t<meta name=\"twitter:label2\" content=\"Temps estimat de lectura\" \/>\n\t<meta name=\"twitter:data2\" content=\"4 minuts\" \/>\n<script type=\"application\/ld+json\" class=\"yoast-schema-graph\">{\"@context\":\"https:\/\/schema.org\",\"@graph\":[{\"@type\":\"Article\",\"@id\":\"https:\/\/www.siau.cat\/index.php\/2023\/06\/02\/siau-agraeix-les-nombroses-mostres-de-suport-rebudes-si-en-toquen-a-un-ens-toquen-a-tots\/#article\",\"isPartOf\":{\"@id\":\"https:\/\/www.siau.cat\/index.php\/2023\/06\/02\/siau-agraeix-les-nombroses-mostres-de-suport-rebudes-si-en-toquen-a-un-ens-toquen-a-tots\/\"},\"author\":{\"name\":\"admin\",\"@id\":\"https:\/\/www.siau.cat\/#\/schema\/person\/810c15694a7e538934bb4be53ebcba0d\"},\"headline\":\"SIAU agraeix les nombroses mostres de suport rebudes. Si en toquen a un, ens toquen a tots!\",\"datePublished\":\"2023-06-02T19:25:03+00:00\",\"dateModified\":\"2023-06-03T19:47:46+00:00\",\"mainEntityOfPage\":{\"@id\":\"https:\/\/www.siau.cat\/index.php\/2023\/06\/02\/siau-agraeix-les-nombroses-mostres-de-suport-rebudes-si-en-toquen-a-un-ens-toquen-a-tots\/\"},\"wordCount\":640,\"publisher\":{\"@id\":\"https:\/\/www.siau.cat\/#organization\"},\"image\":{\"@id\":\"https:\/\/www.siau.cat\/index.php\/2023\/06\/02\/siau-agraeix-les-nombroses-mostres-de-suport-rebudes-si-en-toquen-a-un-ens-toquen-a-tots\/#primaryimage\"},\"thumbnailUrl\":\"https:\/\/www.siau.cat\/wp-content\/uploads\/2023\/06\/Si-en-toquen-a-un-ens-toquen-a-tots-796x1024.png\",\"articleSection\":[\"Uncategorized\"],\"inLanguage\":\"ca\"},{\"@type\":\"WebPage\",\"@id\":\"https:\/\/www.siau.cat\/index.php\/2023\/06\/02\/siau-agraeix-les-nombroses-mostres-de-suport-rebudes-si-en-toquen-a-un-ens-toquen-a-tots\/\",\"url\":\"https:\/\/www.siau.cat\/index.php\/2023\/06\/02\/siau-agraeix-les-nombroses-mostres-de-suport-rebudes-si-en-toquen-a-un-ens-toquen-a-tots\/\",\"name\":\"SIAU agraeix les nombroses mostres de suport rebudes. Si en toquen a un, ens toquen a tots! &#8212; SIAU - SINDICAT INDEPENDENT, AUT\u00d2NOM I UNITARI\",\"isPartOf\":{\"@id\":\"https:\/\/www.siau.cat\/#website\"},\"primaryImageOfPage\":{\"@id\":\"https:\/\/www.siau.cat\/index.php\/2023\/06\/02\/siau-agraeix-les-nombroses-mostres-de-suport-rebudes-si-en-toquen-a-un-ens-toquen-a-tots\/#primaryimage\"},\"image\":{\"@id\":\"https:\/\/www.siau.cat\/index.php\/2023\/06\/02\/siau-agraeix-les-nombroses-mostres-de-suport-rebudes-si-en-toquen-a-un-ens-toquen-a-tots\/#primaryimage\"},\"thumbnailUrl\":\"https:\/\/www.siau.cat\/wp-content\/uploads\/2023\/06\/Si-en-toquen-a-un-ens-toquen-a-tots-796x1024.png\",\"datePublished\":\"2023-06-02T19:25:03+00:00\",\"dateModified\":\"2023-06-03T19:47:46+00:00\",\"breadcrumb\":{\"@id\":\"https:\/\/www.siau.cat\/index.php\/2023\/06\/02\/siau-agraeix-les-nombroses-mostres-de-suport-rebudes-si-en-toquen-a-un-ens-toquen-a-tots\/#breadcrumb\"},\"inLanguage\":\"ca\",\"potentialAction\":[{\"@type\":\"ReadAction\",\"target\":[\"https:\/\/www.siau.cat\/index.php\/2023\/06\/02\/siau-agraeix-les-nombroses-mostres-de-suport-rebudes-si-en-toquen-a-un-ens-toquen-a-tots\/\"]}]},{\"@type\":\"ImageObject\",\"inLanguage\":\"ca\",\"@id\":\"https:\/\/www.siau.cat\/index.php\/2023\/06\/02\/siau-agraeix-les-nombroses-mostres-de-suport-rebudes-si-en-toquen-a-un-ens-toquen-a-tots\/#primaryimage\",\"url\":\"https:\/\/www.siau.cat\/wp-content\/uploads\/2023\/06\/Si-en-toquen-a-un-ens-toquen-a-tots.png\",\"contentUrl\":\"https:\/\/www.siau.cat\/wp-content\/uploads\/2023\/06\/Si-en-toquen-a-un-ens-toquen-a-tots.png\",\"width\":1555,\"height\":2000},{\"@type\":\"BreadcrumbList\",\"@id\":\"https:\/\/www.siau.cat\/index.php\/2023\/06\/02\/siau-agraeix-les-nombroses-mostres-de-suport-rebudes-si-en-toquen-a-un-ens-toquen-a-tots\/#breadcrumb\",\"itemListElement\":[{\"@type\":\"ListItem\",\"position\":1,\"name\":\"Inici\",\"item\":\"https:\/\/www.siau.cat\/\"},{\"@type\":\"ListItem\",\"position\":2,\"name\":\"SIAU agraeix les nombroses mostres de suport rebudes. Si en toquen a un, ens toquen a tots!\"}]},{\"@type\":\"WebSite\",\"@id\":\"https:\/\/www.siau.cat\/#website\",\"url\":\"https:\/\/www.siau.cat\/\",\"name\":\"SIAU - SINDICAT INDEPENDENT, AUT\u00d2NOM I UNITARI\",\"description\":\"Ara s&iacute; que tenim la veu\",\"publisher\":{\"@id\":\"https:\/\/www.siau.cat\/#organization\"},\"potentialAction\":[{\"@type\":\"SearchAction\",\"target\":{\"@type\":\"EntryPoint\",\"urlTemplate\":\"https:\/\/www.siau.cat\/?s={search_term_string}\"},\"query-input\":{\"@type\":\"PropertyValueSpecification\",\"valueRequired\":true,\"valueName\":\"search_term_string\"}}],\"inLanguage\":\"ca\"},{\"@type\":\"Organization\",\"@id\":\"https:\/\/www.siau.cat\/#organization\",\"name\":\"SIAU\",\"url\":\"https:\/\/www.siau.cat\/\",\"logo\":{\"@type\":\"ImageObject\",\"inLanguage\":\"ca\",\"@id\":\"https:\/\/www.siau.cat\/#\/schema\/logo\/image\/\",\"url\":\"https:\/\/www.siau.cat\/wp-content\/uploads\/2022\/03\/cropped-resized_LOGO-SIAU-5-e1652020847972.jpg\",\"contentUrl\":\"https:\/\/www.siau.cat\/wp-content\/uploads\/2022\/03\/cropped-resized_LOGO-SIAU-5-e1652020847972.jpg\",\"width\":1600,\"height\":1200,\"caption\":\"SIAU\"},\"image\":{\"@id\":\"https:\/\/www.siau.cat\/#\/schema\/logo\/image\/\"}},{\"@type\":\"Person\",\"@id\":\"https:\/\/www.siau.cat\/#\/schema\/person\/810c15694a7e538934bb4be53ebcba0d\",\"name\":\"admin\",\"image\":{\"@type\":\"ImageObject\",\"inLanguage\":\"ca\",\"@id\":\"https:\/\/www.siau.cat\/#\/schema\/person\/image\/\",\"url\":\"https:\/\/www.siau.cat\/wp-content\/litespeed\/avatar\/d73ebfac3daa0b52552b2ccea63469da.jpg?ver=1777403609\",\"contentUrl\":\"https:\/\/www.siau.cat\/wp-content\/litespeed\/avatar\/d73ebfac3daa0b52552b2ccea63469da.jpg?ver=1777403609\",\"caption\":\"admin\"},\"sameAs\":[\"https:\/\/www.siau.cat\"],\"url\":\"https:\/\/www.siau.cat\/index.php\/author\/admin\/\"}]}<\/script>\n<!-- \/ Yoast SEO plugin. -->","yoast_head_json":{"title":"SIAU agraeix les nombroses mostres de suport rebudes. Si en toquen a un, ens toquen a tots! &#8212; SIAU - SINDICAT INDEPENDENT, AUT\u00d2NOM I UNITARI","robots":{"index":"index","follow":"follow","max-snippet":"max-snippet:-1","max-image-preview":"max-image-preview:large","max-video-preview":"max-video-preview:-1"},"canonical":"https:\/\/www.siau.cat\/index.php\/2023\/06\/02\/siau-agraeix-les-nombroses-mostres-de-suport-rebudes-si-en-toquen-a-un-ens-toquen-a-tots\/","og_locale":"ca_ES","og_type":"article","og_title":"SIAU agraeix les nombroses mostres de suport rebudes. Si en toquen a un, ens toquen a tots! &#8212; SIAU - SINDICAT INDEPENDENT, AUT\u00d2NOM I UNITARI","og_description":"Des de SIAU, abans de res, volem agrair i donar l\u2019enhorabona a tots els docents que, de manera totalment desinteressada i altruista, varen voler participar en l\u2019acte de protesta d\u2019apuntar-se a diverses especialitats del concurs de m\u00e8rits. Podem afirmar amb rotunditat, despr\u00e9s de les reaccions que hi ha hagut, que ha estat tot un \u00e8xit. &hellip; Continua llegint \u00abSIAU agraeix les nombroses mostres de suport rebudes. Si en toquen a un, ens toquen a tots!\u00bb","og_url":"https:\/\/www.siau.cat\/index.php\/2023\/06\/02\/siau-agraeix-les-nombroses-mostres-de-suport-rebudes-si-en-toquen-a-un-ens-toquen-a-tots\/","og_site_name":"SIAU - SINDICAT INDEPENDENT, AUT\u00d2NOM I UNITARI","article_published_time":"2023-06-02T19:25:03+00:00","article_modified_time":"2023-06-03T19:47:46+00:00","og_image":[{"url":"https:\/\/www.siau.cat\/wp-content\/uploads\/2023\/06\/Si-en-toquen-a-un-ens-toquen-a-tots-796x1024.png","type":"","width":"","height":""}],"author":"admin","twitter_card":"summary_large_image","twitter_misc":{"Escrit per":"admin","Temps estimat de lectura":"4 minuts"},"schema":{"@context":"https:\/\/schema.org","@graph":[{"@type":"Article","@id":"https:\/\/www.siau.cat\/index.php\/2023\/06\/02\/siau-agraeix-les-nombroses-mostres-de-suport-rebudes-si-en-toquen-a-un-ens-toquen-a-tots\/#article","isPartOf":{"@id":"https:\/\/www.siau.cat\/index.php\/2023\/06\/02\/siau-agraeix-les-nombroses-mostres-de-suport-rebudes-si-en-toquen-a-un-ens-toquen-a-tots\/"},"author":{"name":"admin","@id":"https:\/\/www.siau.cat\/#\/schema\/person\/810c15694a7e538934bb4be53ebcba0d"},"headline":"SIAU agraeix les nombroses mostres de suport rebudes. Si en toquen a un, ens toquen a tots!","datePublished":"2023-06-02T19:25:03+00:00","dateModified":"2023-06-03T19:47:46+00:00","mainEntityOfPage":{"@id":"https:\/\/www.siau.cat\/index.php\/2023\/06\/02\/siau-agraeix-les-nombroses-mostres-de-suport-rebudes-si-en-toquen-a-un-ens-toquen-a-tots\/"},"wordCount":640,"publisher":{"@id":"https:\/\/www.siau.cat\/#organization"},"image":{"@id":"https:\/\/www.siau.cat\/index.php\/2023\/06\/02\/siau-agraeix-les-nombroses-mostres-de-suport-rebudes-si-en-toquen-a-un-ens-toquen-a-tots\/#primaryimage"},"thumbnailUrl":"https:\/\/www.siau.cat\/wp-content\/uploads\/2023\/06\/Si-en-toquen-a-un-ens-toquen-a-tots-796x1024.png","articleSection":["Uncategorized"],"inLanguage":"ca"},{"@type":"WebPage","@id":"https:\/\/www.siau.cat\/index.php\/2023\/06\/02\/siau-agraeix-les-nombroses-mostres-de-suport-rebudes-si-en-toquen-a-un-ens-toquen-a-tots\/","url":"https:\/\/www.siau.cat\/index.php\/2023\/06\/02\/siau-agraeix-les-nombroses-mostres-de-suport-rebudes-si-en-toquen-a-un-ens-toquen-a-tots\/","name":"SIAU agraeix les nombroses mostres de suport rebudes. Si en toquen a un, ens toquen a tots! &#8212; SIAU - SINDICAT INDEPENDENT, AUT\u00d2NOM I UNITARI","isPartOf":{"@id":"https:\/\/www.siau.cat\/#website"},"primaryImageOfPage":{"@id":"https:\/\/www.siau.cat\/index.php\/2023\/06\/02\/siau-agraeix-les-nombroses-mostres-de-suport-rebudes-si-en-toquen-a-un-ens-toquen-a-tots\/#primaryimage"},"image":{"@id":"https:\/\/www.siau.cat\/index.php\/2023\/06\/02\/siau-agraeix-les-nombroses-mostres-de-suport-rebudes-si-en-toquen-a-un-ens-toquen-a-tots\/#primaryimage"},"thumbnailUrl":"https:\/\/www.siau.cat\/wp-content\/uploads\/2023\/06\/Si-en-toquen-a-un-ens-toquen-a-tots-796x1024.png","datePublished":"2023-06-02T19:25:03+00:00","dateModified":"2023-06-03T19:47:46+00:00","breadcrumb":{"@id":"https:\/\/www.siau.cat\/index.php\/2023\/06\/02\/siau-agraeix-les-nombroses-mostres-de-suport-rebudes-si-en-toquen-a-un-ens-toquen-a-tots\/#breadcrumb"},"inLanguage":"ca","potentialAction":[{"@type":"ReadAction","target":["https:\/\/www.siau.cat\/index.php\/2023\/06\/02\/siau-agraeix-les-nombroses-mostres-de-suport-rebudes-si-en-toquen-a-un-ens-toquen-a-tots\/"]}]},{"@type":"ImageObject","inLanguage":"ca","@id":"https:\/\/www.siau.cat\/index.php\/2023\/06\/02\/siau-agraeix-les-nombroses-mostres-de-suport-rebudes-si-en-toquen-a-un-ens-toquen-a-tots\/#primaryimage","url":"https:\/\/www.siau.cat\/wp-content\/uploads\/2023\/06\/Si-en-toquen-a-un-ens-toquen-a-tots.png","contentUrl":"https:\/\/www.siau.cat\/wp-content\/uploads\/2023\/06\/Si-en-toquen-a-un-ens-toquen-a-tots.png","width":1555,"height":2000},{"@type":"BreadcrumbList","@id":"https:\/\/www.siau.cat\/index.php\/2023\/06\/02\/siau-agraeix-les-nombroses-mostres-de-suport-rebudes-si-en-toquen-a-un-ens-toquen-a-tots\/#breadcrumb","itemListElement":[{"@type":"ListItem","position":1,"name":"Inici","item":"https:\/\/www.siau.cat\/"},{"@type":"ListItem","position":2,"name":"SIAU agraeix les nombroses mostres de suport rebudes. Si en toquen a un, ens toquen a tots!"}]},{"@type":"WebSite","@id":"https:\/\/www.siau.cat\/#website","url":"https:\/\/www.siau.cat\/","name":"SIAU - SINDICAT INDEPENDENT, AUT\u00d2NOM I UNITARI","description":"Ara s&iacute; que tenim la veu","publisher":{"@id":"https:\/\/www.siau.cat\/#organization"},"potentialAction":[{"@type":"SearchAction","target":{"@type":"EntryPoint","urlTemplate":"https:\/\/www.siau.cat\/?s={search_term_string}"},"query-input":{"@type":"PropertyValueSpecification","valueRequired":true,"valueName":"search_term_string"}}],"inLanguage":"ca"},{"@type":"Organization","@id":"https:\/\/www.siau.cat\/#organization","name":"SIAU","url":"https:\/\/www.siau.cat\/","logo":{"@type":"ImageObject","inLanguage":"ca","@id":"https:\/\/www.siau.cat\/#\/schema\/logo\/image\/","url":"https:\/\/www.siau.cat\/wp-content\/uploads\/2022\/03\/cropped-resized_LOGO-SIAU-5-e1652020847972.jpg","contentUrl":"https:\/\/www.siau.cat\/wp-content\/uploads\/2022\/03\/cropped-resized_LOGO-SIAU-5-e1652020847972.jpg","width":1600,"height":1200,"caption":"SIAU"},"image":{"@id":"https:\/\/www.siau.cat\/#\/schema\/logo\/image\/"}},{"@type":"Person","@id":"https:\/\/www.siau.cat\/#\/schema\/person\/810c15694a7e538934bb4be53ebcba0d","name":"admin","image":{"@type":"ImageObject","inLanguage":"ca","@id":"https:\/\/www.siau.cat\/#\/schema\/person\/image\/","url":"https:\/\/www.siau.cat\/wp-content\/litespeed\/avatar\/d73ebfac3daa0b52552b2ccea63469da.jpg?ver=1777403609","contentUrl":"https:\/\/www.siau.cat\/wp-content\/litespeed\/avatar\/d73ebfac3daa0b52552b2ccea63469da.jpg?ver=1777403609","caption":"admin"},"sameAs":["https:\/\/www.siau.cat"],"url":"https:\/\/www.siau.cat\/index.php\/author\/admin\/"}]}},"jetpack_featured_media_url":"","jetpack_sharing_enabled":true,"_links":{"self":[{"href":"https:\/\/www.siau.cat\/index.php\/wp-json\/wp\/v2\/posts\/882","targetHints":{"allow":["GET"]}}],"collection":[{"href":"https:\/\/www.siau.cat\/index.php\/wp-json\/wp\/v2\/posts"}],"about":[{"href":"https:\/\/www.siau.cat\/index.php\/wp-json\/wp\/v2\/types\/post"}],"author":[{"embeddable":true,"href":"https:\/\/www.siau.cat\/index.php\/wp-json\/wp\/v2\/users\/1"}],"replies":[{"embeddable":true,"href":"https:\/\/www.siau.cat\/index.php\/wp-json\/wp\/v2\/comments?post=882"}],"version-history":[{"count":2,"href":"https:\/\/www.siau.cat\/index.php\/wp-json\/wp\/v2\/posts\/882\/revisions"}],"predecessor-version":[{"id":886,"href":"https:\/\/www.siau.cat\/index.php\/wp-json\/wp\/v2\/posts\/882\/revisions\/886"}],"wp:attachment":[{"href":"https:\/\/www.siau.cat\/index.php\/wp-json\/wp\/v2\/media?parent=882"}],"wp:term":[{"taxonomy":"category","embeddable":true,"href":"https:\/\/www.siau.cat\/index.php\/wp-json\/wp\/v2\/categories?post=882"},{"taxonomy":"post_tag","embeddable":true,"href":"https:\/\/www.siau.cat\/index.php\/wp-json\/wp\/v2\/tags?post=882"}],"curies":[{"name":"wp","href":"https:\/\/api.w.org\/{rel}","templated":true}]}}