{"id":891,"date":"2023-06-13T07:20:32","date_gmt":"2023-06-13T07:20:32","guid":{"rendered":"https:\/\/www.siau.cat\/?p=891"},"modified":"2023-06-13T07:20:34","modified_gmt":"2023-06-13T07:20:34","slug":"les-prediccions-de-siau-es-compleixen-la-conselleria-deducacio-avui-preten-crear-un-nou-grup-de-treball-fantasma-per-repartir-mes-alliberats-als-sindicats-presents-a-la-mesa-sectorial","status":"publish","type":"post","link":"https:\/\/www.siau.cat\/index.php\/2023\/06\/13\/les-prediccions-de-siau-es-compleixen-la-conselleria-deducacio-avui-preten-crear-un-nou-grup-de-treball-fantasma-per-repartir-mes-alliberats-als-sindicats-presents-a-la-mesa-sectorial\/","title":{"rendered":"Les prediccions de SIAU es compleixen: la Conselleria d&#8217;Educaci\u00f3 avui pret\u00e9n crear un nou grup de treball &#8220;fantasma&#8221; per repartir m\u00e9s alliberats als sindicats presents a la mesa sectorial"},"content":{"rendered":"\n<figure class=\"wp-block-image size-large\"><img loading=\"lazy\" decoding=\"async\" width=\"1024\" height=\"577\" src=\"https:\/\/www.siau.cat\/wp-content\/uploads\/2023\/06\/Prediccions-sindicals-1024x577.png\" alt=\"\" class=\"wp-image-892\" srcset=\"https:\/\/www.siau.cat\/wp-content\/uploads\/2023\/06\/Prediccions-sindicals-1024x577.png 1024w, https:\/\/www.siau.cat\/wp-content\/uploads\/2023\/06\/Prediccions-sindicals-350x197.png 350w, https:\/\/www.siau.cat\/wp-content\/uploads\/2023\/06\/Prediccions-sindicals-300x169.png 300w, https:\/\/www.siau.cat\/wp-content\/uploads\/2023\/06\/Prediccions-sindicals-768x433.png 768w, https:\/\/www.siau.cat\/wp-content\/uploads\/2023\/06\/Prediccions-sindicals-1536x865.png 1536w, https:\/\/www.siau.cat\/wp-content\/uploads\/2023\/06\/Prediccions-sindicals-24x14.png 24w, https:\/\/www.siau.cat\/wp-content\/uploads\/2023\/06\/Prediccions-sindicals-36x20.png 36w, https:\/\/www.siau.cat\/wp-content\/uploads\/2023\/06\/Prediccions-sindicals-48x27.png 48w, https:\/\/www.siau.cat\/wp-content\/uploads\/2023\/06\/Prediccions-sindicals.png 1640w\" sizes=\"auto, (max-width: 767px) 89vw, (max-width: 1000px) 54vw, (max-width: 1071px) 543px, 580px\" \/><\/figure>\n\n\n\n<p class=\"has-text-align-justify\">Dia 3 de mar\u00e7 de 2023 ja v\u00e0rem advertir que les presses d\u2019alguns en signar un nou Acord marc, havent incomplert l\u2019anterior, responien a tres motius, d\u2019entre els quals un d\u2019ells era blindar privilegis. A continuaci\u00f3 us reprodu\u00efm que v\u00e0rem explicar entorn d\u2019aquest motiu: \u00ab\u00e9s el m\u00e9s important per la Conselleria i els seus sindicats, i respon \u00fanicament a la preocupaci\u00f3 davant la possibilitat de perdre els seus privilegis a les eleccions de maig. Hem de tenir present que aquests darrers vuit anys no nom\u00e9s hi ha hagut un augment molt significatiu d\u2019alts c\u00e0rrecs, assessors, ATDs\u2026, sin\u00f3 tamb\u00e9 d\u2019alliberats sindicals. En el cas dels alliberats sindicals aquests no han aturat d\u2019augmentar a trav\u00e9s de la creaci\u00f3 de grups de treball \u00abfantasma\u00bb que despr\u00e9s no duien a terme les corresponents reunions. Aix\u00f2 s\u00ed, cap dels sindicats, que actualment hi ha a la mesa sectorial i se n\u2019aprofiten, ha posat el crit al cel. Han fet silenci absolut, com si la cosa no an\u00e9s amb ells mentre en poguessin treure profit. A aquest nou Acord marc s\u2019hi especifica la creaci\u00f3 de m\u00e9s comissions i grups de \u00abtreball\u00bb: un grup de treball per revisar el cat\u00e0leg de malalties professionals, una subcomissi\u00f3 de seguiment espec\u00edfica en relaci\u00f3 amb els plans d\u2019infraestructures i una comissi\u00f3 mixta de seguiment i coordinaci\u00f3; per si aquests darrers vuit anys no s\u2019havien creat suficients comissions i grups de treball \u00abfantasma\u00bb a canvi de regalar m\u00e9s alliberats als sindicats i d\u2019aquesta manera mantenir-los contents. Est\u00e0 clar que pel que interessa sempre hi ha pressupost.\u00bb<\/p>\n\n\n\n<p class=\"has-text-align-justify\">SIAU ha estat informat que avui dimarts la Conselleria d\u2019Educaci\u00f3 pret\u00e9n crear, amb el vistiplau dels seus sindicats, un nou grup de treball per obsequiar amb 3 alliberats extra cadascuna de les organitzacions presents a la mesa sectorial. Com si no tinguessin suficients alliberats ja (concretament 91 alliberats, segons xifres oficials de la mateixa Conselleria que ens comunicaren dia 12 de gener d\u2019enguany). Es veu que hi ha doblers per aix\u00f2, per\u00f2 no n\u2019hi ha per pagar una carrera professional digna (com la que cobren la resta de funcionariat del grup A1 i A2), per retornar-nos el 2,9% sencer que encara ens deuen, per aprovar un complement retributiu que compensi la discriminaci\u00f3 que pateixen els PTFP que no se\u2019ls ha perm\u00e8s integrar-se dins del grup A1, per mantenir en els seus llocs de treball als docents que despr\u00e9s de d\u00e8cades de servei se\u2019ls ha expulsat al carrer&#8230;<\/p>\n\n\n\n<p class=\"has-text-align-justify\">A tot l\u2019Estat, des de fa d\u00e8cades, sindicats que estan presents a diverses meses sectorials, participen tamb\u00e9 a les meses t\u00e8cniques sense necessitat d\u2019haver de disposar d\u2019un cr\u00e8dit horari extra per poder assistir-hi i tractar els temes oportuns. Els sindicats avui presents a la mesa sectorial no nom\u00e9s disposen dels alliberats als quals tenen dret per normativa estatal sin\u00f3 tamb\u00e9 d\u2019un gener\u00f3s extra d\u2019alliberats, els compensatoris, que provenen d\u2019un acord auton\u00f2mic. Per si no n\u2019hi havia suficient, l\u2019any 2018 (abans que arrib\u00e9s la COVID) es concediren 2,5 alliberats m\u00e9s a cada sindicat present a la mesa sectorial (curiosament sense produir-se, en el temps, les corresponents reunions de treball) i ara, poc abans que la Conselleria d\u2019Educaci\u00f3 passi a mans d\u2019un altre partit pol\u00edtic, fruit de la recent desfeta electoral, la directora general de Personal Docent pret\u00e9n concedir encara m\u00e9s alliberats sindicals als de sempre. Ho fa just abans d\u2019abandonar la Conselleria i estant en funcions. Aix\u00f2 s\u00ed, mantenint a SIAU sense cap alliberat, en una clara vulneraci\u00f3 del dret fonamental a la llibertat sindical, com la mateixa Fiscalia ha reconegut de manera contundent. Quina mostra \u00abd\u2019exemplaritat\u00bb la d\u2019alguns pol\u00edtics! Aquestes darreres setmanes, molts docents, observant amb perplexitat com encara actua aquesta administraci\u00f3, recordam la famosa frase, que no traduirem, del \u00abtodo atado y bien atado\u00bb. I davant aquest desgavell, alg\u00fa no ent\u00e9n que pot haver passat perqu\u00e8 els docents retiressin la confian\u00e7a als actuals i en funcions dirigents d\u2019Educaci\u00f3?<\/p>\n","protected":false},"excerpt":{"rendered":"<p>Dia 3 de mar\u00e7 de 2023 ja v\u00e0rem advertir que les presses d\u2019alguns en signar un nou Acord marc, havent incomplert l\u2019anterior, responien a tres motius, d\u2019entre els quals un d\u2019ells era blindar privilegis. A continuaci\u00f3 us reprodu\u00efm que v\u00e0rem explicar entorn d\u2019aquest motiu: \u00ab\u00e9s el m\u00e9s important per la Conselleria i els seus sindicats, &hellip; <\/p>\n<p class=\"link-more\"><a href=\"https:\/\/www.siau.cat\/index.php\/2023\/06\/13\/les-prediccions-de-siau-es-compleixen-la-conselleria-deducacio-avui-preten-crear-un-nou-grup-de-treball-fantasma-per-repartir-mes-alliberats-als-sindicats-presents-a-la-mesa-sectorial\/\" class=\"more-link\">Continua llegint <span class=\"screen-reader-text\">\u00abLes prediccions de SIAU es compleixen: la Conselleria d&#8217;Educaci\u00f3 avui pret\u00e9n crear un nou grup de treball &#8220;fantasma&#8221; per repartir m\u00e9s alliberats als sindicats presents a la mesa sectorial\u00bb<\/span><\/a><\/p>\n","protected":false},"author":1,"featured_media":0,"comment_status":"closed","ping_status":"open","sticky":false,"template":"","format":"standard","meta":{"_jetpack_memberships_contains_paid_content":false,"footnotes":""},"categories":[1],"tags":[],"class_list":["post-891","post","type-post","status-publish","format-standard","hentry","category-uncategorized"],"yoast_head":"<!-- This site is optimized with the Yoast SEO plugin v25.4 - https:\/\/yoast.com\/wordpress\/plugins\/seo\/ -->\n<title>Les prediccions de SIAU es compleixen: la Conselleria d&#039;Educaci\u00f3 avui pret\u00e9n crear un nou grup de treball &quot;fantasma&quot; per repartir m\u00e9s alliberats als sindicats presents a la mesa sectorial &#8212; SIAU - SINDICAT INDEPENDENT, AUT\u00d2NOM I UNITARI<\/title>\n<meta name=\"robots\" content=\"index, follow, max-snippet:-1, max-image-preview:large, max-video-preview:-1\" \/>\n<link rel=\"canonical\" href=\"https:\/\/www.siau.cat\/index.php\/2023\/06\/13\/les-prediccions-de-siau-es-compleixen-la-conselleria-deducacio-avui-preten-crear-un-nou-grup-de-treball-fantasma-per-repartir-mes-alliberats-als-sindicats-presents-a-la-mesa-sectorial\/\" \/>\n<meta property=\"og:locale\" content=\"ca_ES\" \/>\n<meta property=\"og:type\" content=\"article\" \/>\n<meta property=\"og:title\" content=\"Les prediccions de SIAU es compleixen: la Conselleria d&#039;Educaci\u00f3 avui pret\u00e9n crear un nou grup de treball &quot;fantasma&quot; per repartir m\u00e9s alliberats als sindicats presents a la mesa sectorial &#8212; SIAU - SINDICAT INDEPENDENT, AUT\u00d2NOM I UNITARI\" \/>\n<meta property=\"og:description\" content=\"Dia 3 de mar\u00e7 de 2023 ja v\u00e0rem advertir que les presses d\u2019alguns en signar un nou Acord marc, havent incomplert l\u2019anterior, responien a tres motius, d\u2019entre els quals un d\u2019ells era blindar privilegis. A continuaci\u00f3 us reprodu\u00efm que v\u00e0rem explicar entorn d\u2019aquest motiu: \u00ab\u00e9s el m\u00e9s important per la Conselleria i els seus sindicats, &hellip; Continua llegint \u00abLes prediccions de SIAU es compleixen: la Conselleria d&#8217;Educaci\u00f3 avui pret\u00e9n crear un nou grup de treball &#8220;fantasma&#8221; per repartir m\u00e9s alliberats als sindicats presents a la mesa sectorial\u00bb\" \/>\n<meta property=\"og:url\" content=\"https:\/\/www.siau.cat\/index.php\/2023\/06\/13\/les-prediccions-de-siau-es-compleixen-la-conselleria-deducacio-avui-preten-crear-un-nou-grup-de-treball-fantasma-per-repartir-mes-alliberats-als-sindicats-presents-a-la-mesa-sectorial\/\" \/>\n<meta property=\"og:site_name\" content=\"SIAU - SINDICAT INDEPENDENT, AUT\u00d2NOM I UNITARI\" \/>\n<meta property=\"article:published_time\" content=\"2023-06-13T07:20:32+00:00\" \/>\n<meta property=\"article:modified_time\" content=\"2023-06-13T07:20:34+00:00\" \/>\n<meta property=\"og:image\" content=\"https:\/\/www.siau.cat\/wp-content\/uploads\/2023\/06\/Prediccions-sindicals-1024x577.png\" \/>\n<meta name=\"author\" content=\"admin\" \/>\n<meta name=\"twitter:card\" content=\"summary_large_image\" \/>\n<meta name=\"twitter:label1\" content=\"Escrit per\" \/>\n\t<meta name=\"twitter:data1\" content=\"admin\" \/>\n\t<meta name=\"twitter:label2\" content=\"Temps estimat de lectura\" \/>\n\t<meta name=\"twitter:data2\" content=\"4 minuts\" \/>\n<script type=\"application\/ld+json\" class=\"yoast-schema-graph\">{\"@context\":\"https:\/\/schema.org\",\"@graph\":[{\"@type\":\"Article\",\"@id\":\"https:\/\/www.siau.cat\/index.php\/2023\/06\/13\/les-prediccions-de-siau-es-compleixen-la-conselleria-deducacio-avui-preten-crear-un-nou-grup-de-treball-fantasma-per-repartir-mes-alliberats-als-sindicats-presents-a-la-mesa-sectorial\/#article\",\"isPartOf\":{\"@id\":\"https:\/\/www.siau.cat\/index.php\/2023\/06\/13\/les-prediccions-de-siau-es-compleixen-la-conselleria-deducacio-avui-preten-crear-un-nou-grup-de-treball-fantasma-per-repartir-mes-alliberats-als-sindicats-presents-a-la-mesa-sectorial\/\"},\"author\":{\"name\":\"admin\",\"@id\":\"https:\/\/www.siau.cat\/#\/schema\/person\/810c15694a7e538934bb4be53ebcba0d\"},\"headline\":\"Les prediccions de SIAU es compleixen: la Conselleria d&#8217;Educaci\u00f3 avui pret\u00e9n crear un nou grup de treball &#8220;fantasma&#8221; per repartir m\u00e9s alliberats als sindicats presents a la mesa sectorial\",\"datePublished\":\"2023-06-13T07:20:32+00:00\",\"dateModified\":\"2023-06-13T07:20:34+00:00\",\"mainEntityOfPage\":{\"@id\":\"https:\/\/www.siau.cat\/index.php\/2023\/06\/13\/les-prediccions-de-siau-es-compleixen-la-conselleria-deducacio-avui-preten-crear-un-nou-grup-de-treball-fantasma-per-repartir-mes-alliberats-als-sindicats-presents-a-la-mesa-sectorial\/\"},\"wordCount\":727,\"publisher\":{\"@id\":\"https:\/\/www.siau.cat\/#organization\"},\"image\":{\"@id\":\"https:\/\/www.siau.cat\/index.php\/2023\/06\/13\/les-prediccions-de-siau-es-compleixen-la-conselleria-deducacio-avui-preten-crear-un-nou-grup-de-treball-fantasma-per-repartir-mes-alliberats-als-sindicats-presents-a-la-mesa-sectorial\/#primaryimage\"},\"thumbnailUrl\":\"https:\/\/www.siau.cat\/wp-content\/uploads\/2023\/06\/Prediccions-sindicals-1024x577.png\",\"articleSection\":[\"Uncategorized\"],\"inLanguage\":\"ca\"},{\"@type\":\"WebPage\",\"@id\":\"https:\/\/www.siau.cat\/index.php\/2023\/06\/13\/les-prediccions-de-siau-es-compleixen-la-conselleria-deducacio-avui-preten-crear-un-nou-grup-de-treball-fantasma-per-repartir-mes-alliberats-als-sindicats-presents-a-la-mesa-sectorial\/\",\"url\":\"https:\/\/www.siau.cat\/index.php\/2023\/06\/13\/les-prediccions-de-siau-es-compleixen-la-conselleria-deducacio-avui-preten-crear-un-nou-grup-de-treball-fantasma-per-repartir-mes-alliberats-als-sindicats-presents-a-la-mesa-sectorial\/\",\"name\":\"Les prediccions de SIAU es compleixen: la Conselleria d'Educaci\u00f3 avui pret\u00e9n crear un nou grup de treball \\\"fantasma\\\" per repartir m\u00e9s alliberats als sindicats presents a la mesa sectorial &#8212; SIAU - SINDICAT INDEPENDENT, AUT\u00d2NOM I UNITARI\",\"isPartOf\":{\"@id\":\"https:\/\/www.siau.cat\/#website\"},\"primaryImageOfPage\":{\"@id\":\"https:\/\/www.siau.cat\/index.php\/2023\/06\/13\/les-prediccions-de-siau-es-compleixen-la-conselleria-deducacio-avui-preten-crear-un-nou-grup-de-treball-fantasma-per-repartir-mes-alliberats-als-sindicats-presents-a-la-mesa-sectorial\/#primaryimage\"},\"image\":{\"@id\":\"https:\/\/www.siau.cat\/index.php\/2023\/06\/13\/les-prediccions-de-siau-es-compleixen-la-conselleria-deducacio-avui-preten-crear-un-nou-grup-de-treball-fantasma-per-repartir-mes-alliberats-als-sindicats-presents-a-la-mesa-sectorial\/#primaryimage\"},\"thumbnailUrl\":\"https:\/\/www.siau.cat\/wp-content\/uploads\/2023\/06\/Prediccions-sindicals-1024x577.png\",\"datePublished\":\"2023-06-13T07:20:32+00:00\",\"dateModified\":\"2023-06-13T07:20:34+00:00\",\"breadcrumb\":{\"@id\":\"https:\/\/www.siau.cat\/index.php\/2023\/06\/13\/les-prediccions-de-siau-es-compleixen-la-conselleria-deducacio-avui-preten-crear-un-nou-grup-de-treball-fantasma-per-repartir-mes-alliberats-als-sindicats-presents-a-la-mesa-sectorial\/#breadcrumb\"},\"inLanguage\":\"ca\",\"potentialAction\":[{\"@type\":\"ReadAction\",\"target\":[\"https:\/\/www.siau.cat\/index.php\/2023\/06\/13\/les-prediccions-de-siau-es-compleixen-la-conselleria-deducacio-avui-preten-crear-un-nou-grup-de-treball-fantasma-per-repartir-mes-alliberats-als-sindicats-presents-a-la-mesa-sectorial\/\"]}]},{\"@type\":\"ImageObject\",\"inLanguage\":\"ca\",\"@id\":\"https:\/\/www.siau.cat\/index.php\/2023\/06\/13\/les-prediccions-de-siau-es-compleixen-la-conselleria-deducacio-avui-preten-crear-un-nou-grup-de-treball-fantasma-per-repartir-mes-alliberats-als-sindicats-presents-a-la-mesa-sectorial\/#primaryimage\",\"url\":\"https:\/\/www.siau.cat\/wp-content\/uploads\/2023\/06\/Prediccions-sindicals.png\",\"contentUrl\":\"https:\/\/www.siau.cat\/wp-content\/uploads\/2023\/06\/Prediccions-sindicals.png\",\"width\":1640,\"height\":924},{\"@type\":\"BreadcrumbList\",\"@id\":\"https:\/\/www.siau.cat\/index.php\/2023\/06\/13\/les-prediccions-de-siau-es-compleixen-la-conselleria-deducacio-avui-preten-crear-un-nou-grup-de-treball-fantasma-per-repartir-mes-alliberats-als-sindicats-presents-a-la-mesa-sectorial\/#breadcrumb\",\"itemListElement\":[{\"@type\":\"ListItem\",\"position\":1,\"name\":\"Inici\",\"item\":\"https:\/\/www.siau.cat\/\"},{\"@type\":\"ListItem\",\"position\":2,\"name\":\"Les prediccions de SIAU es compleixen: la Conselleria d&#8217;Educaci\u00f3 avui pret\u00e9n crear un nou grup de treball &#8220;fantasma&#8221; per repartir m\u00e9s alliberats als sindicats presents a la mesa sectorial\"}]},{\"@type\":\"WebSite\",\"@id\":\"https:\/\/www.siau.cat\/#website\",\"url\":\"https:\/\/www.siau.cat\/\",\"name\":\"SIAU - SINDICAT INDEPENDENT, AUT\u00d2NOM I UNITARI\",\"description\":\"Ara s&iacute; que tenim la veu\",\"publisher\":{\"@id\":\"https:\/\/www.siau.cat\/#organization\"},\"potentialAction\":[{\"@type\":\"SearchAction\",\"target\":{\"@type\":\"EntryPoint\",\"urlTemplate\":\"https:\/\/www.siau.cat\/?s={search_term_string}\"},\"query-input\":{\"@type\":\"PropertyValueSpecification\",\"valueRequired\":true,\"valueName\":\"search_term_string\"}}],\"inLanguage\":\"ca\"},{\"@type\":\"Organization\",\"@id\":\"https:\/\/www.siau.cat\/#organization\",\"name\":\"SIAU\",\"url\":\"https:\/\/www.siau.cat\/\",\"logo\":{\"@type\":\"ImageObject\",\"inLanguage\":\"ca\",\"@id\":\"https:\/\/www.siau.cat\/#\/schema\/logo\/image\/\",\"url\":\"https:\/\/www.siau.cat\/wp-content\/uploads\/2022\/03\/cropped-resized_LOGO-SIAU-5-e1652020847972.jpg\",\"contentUrl\":\"https:\/\/www.siau.cat\/wp-content\/uploads\/2022\/03\/cropped-resized_LOGO-SIAU-5-e1652020847972.jpg\",\"width\":1600,\"height\":1200,\"caption\":\"SIAU\"},\"image\":{\"@id\":\"https:\/\/www.siau.cat\/#\/schema\/logo\/image\/\"}},{\"@type\":\"Person\",\"@id\":\"https:\/\/www.siau.cat\/#\/schema\/person\/810c15694a7e538934bb4be53ebcba0d\",\"name\":\"admin\",\"image\":{\"@type\":\"ImageObject\",\"inLanguage\":\"ca\",\"@id\":\"https:\/\/www.siau.cat\/#\/schema\/person\/image\/\",\"url\":\"https:\/\/www.siau.cat\/wp-content\/litespeed\/avatar\/d73ebfac3daa0b52552b2ccea63469da.jpg?ver=1777403609\",\"contentUrl\":\"https:\/\/www.siau.cat\/wp-content\/litespeed\/avatar\/d73ebfac3daa0b52552b2ccea63469da.jpg?ver=1777403609\",\"caption\":\"admin\"},\"sameAs\":[\"https:\/\/www.siau.cat\"],\"url\":\"https:\/\/www.siau.cat\/index.php\/author\/admin\/\"}]}<\/script>\n<!-- \/ Yoast SEO plugin. -->","yoast_head_json":{"title":"Les prediccions de SIAU es compleixen: la Conselleria d'Educaci\u00f3 avui pret\u00e9n crear un nou grup de treball \"fantasma\" per repartir m\u00e9s alliberats als sindicats presents a la mesa sectorial &#8212; SIAU - SINDICAT INDEPENDENT, AUT\u00d2NOM I UNITARI","robots":{"index":"index","follow":"follow","max-snippet":"max-snippet:-1","max-image-preview":"max-image-preview:large","max-video-preview":"max-video-preview:-1"},"canonical":"https:\/\/www.siau.cat\/index.php\/2023\/06\/13\/les-prediccions-de-siau-es-compleixen-la-conselleria-deducacio-avui-preten-crear-un-nou-grup-de-treball-fantasma-per-repartir-mes-alliberats-als-sindicats-presents-a-la-mesa-sectorial\/","og_locale":"ca_ES","og_type":"article","og_title":"Les prediccions de SIAU es compleixen: la Conselleria d'Educaci\u00f3 avui pret\u00e9n crear un nou grup de treball \"fantasma\" per repartir m\u00e9s alliberats als sindicats presents a la mesa sectorial &#8212; SIAU - SINDICAT INDEPENDENT, AUT\u00d2NOM I UNITARI","og_description":"Dia 3 de mar\u00e7 de 2023 ja v\u00e0rem advertir que les presses d\u2019alguns en signar un nou Acord marc, havent incomplert l\u2019anterior, responien a tres motius, d\u2019entre els quals un d\u2019ells era blindar privilegis. A continuaci\u00f3 us reprodu\u00efm que v\u00e0rem explicar entorn d\u2019aquest motiu: \u00ab\u00e9s el m\u00e9s important per la Conselleria i els seus sindicats, &hellip; Continua llegint \u00abLes prediccions de SIAU es compleixen: la Conselleria d&#8217;Educaci\u00f3 avui pret\u00e9n crear un nou grup de treball &#8220;fantasma&#8221; per repartir m\u00e9s alliberats als sindicats presents a la mesa sectorial\u00bb","og_url":"https:\/\/www.siau.cat\/index.php\/2023\/06\/13\/les-prediccions-de-siau-es-compleixen-la-conselleria-deducacio-avui-preten-crear-un-nou-grup-de-treball-fantasma-per-repartir-mes-alliberats-als-sindicats-presents-a-la-mesa-sectorial\/","og_site_name":"SIAU - SINDICAT INDEPENDENT, AUT\u00d2NOM I UNITARI","article_published_time":"2023-06-13T07:20:32+00:00","article_modified_time":"2023-06-13T07:20:34+00:00","og_image":[{"url":"https:\/\/www.siau.cat\/wp-content\/uploads\/2023\/06\/Prediccions-sindicals-1024x577.png","type":"","width":"","height":""}],"author":"admin","twitter_card":"summary_large_image","twitter_misc":{"Escrit per":"admin","Temps estimat de lectura":"4 minuts"},"schema":{"@context":"https:\/\/schema.org","@graph":[{"@type":"Article","@id":"https:\/\/www.siau.cat\/index.php\/2023\/06\/13\/les-prediccions-de-siau-es-compleixen-la-conselleria-deducacio-avui-preten-crear-un-nou-grup-de-treball-fantasma-per-repartir-mes-alliberats-als-sindicats-presents-a-la-mesa-sectorial\/#article","isPartOf":{"@id":"https:\/\/www.siau.cat\/index.php\/2023\/06\/13\/les-prediccions-de-siau-es-compleixen-la-conselleria-deducacio-avui-preten-crear-un-nou-grup-de-treball-fantasma-per-repartir-mes-alliberats-als-sindicats-presents-a-la-mesa-sectorial\/"},"author":{"name":"admin","@id":"https:\/\/www.siau.cat\/#\/schema\/person\/810c15694a7e538934bb4be53ebcba0d"},"headline":"Les prediccions de SIAU es compleixen: la Conselleria d&#8217;Educaci\u00f3 avui pret\u00e9n crear un nou grup de treball &#8220;fantasma&#8221; per repartir m\u00e9s alliberats als sindicats presents a la mesa sectorial","datePublished":"2023-06-13T07:20:32+00:00","dateModified":"2023-06-13T07:20:34+00:00","mainEntityOfPage":{"@id":"https:\/\/www.siau.cat\/index.php\/2023\/06\/13\/les-prediccions-de-siau-es-compleixen-la-conselleria-deducacio-avui-preten-crear-un-nou-grup-de-treball-fantasma-per-repartir-mes-alliberats-als-sindicats-presents-a-la-mesa-sectorial\/"},"wordCount":727,"publisher":{"@id":"https:\/\/www.siau.cat\/#organization"},"image":{"@id":"https:\/\/www.siau.cat\/index.php\/2023\/06\/13\/les-prediccions-de-siau-es-compleixen-la-conselleria-deducacio-avui-preten-crear-un-nou-grup-de-treball-fantasma-per-repartir-mes-alliberats-als-sindicats-presents-a-la-mesa-sectorial\/#primaryimage"},"thumbnailUrl":"https:\/\/www.siau.cat\/wp-content\/uploads\/2023\/06\/Prediccions-sindicals-1024x577.png","articleSection":["Uncategorized"],"inLanguage":"ca"},{"@type":"WebPage","@id":"https:\/\/www.siau.cat\/index.php\/2023\/06\/13\/les-prediccions-de-siau-es-compleixen-la-conselleria-deducacio-avui-preten-crear-un-nou-grup-de-treball-fantasma-per-repartir-mes-alliberats-als-sindicats-presents-a-la-mesa-sectorial\/","url":"https:\/\/www.siau.cat\/index.php\/2023\/06\/13\/les-prediccions-de-siau-es-compleixen-la-conselleria-deducacio-avui-preten-crear-un-nou-grup-de-treball-fantasma-per-repartir-mes-alliberats-als-sindicats-presents-a-la-mesa-sectorial\/","name":"Les prediccions de SIAU es compleixen: la Conselleria d'Educaci\u00f3 avui pret\u00e9n crear un nou grup de treball \"fantasma\" per repartir m\u00e9s alliberats als sindicats presents a la mesa sectorial &#8212; SIAU - SINDICAT INDEPENDENT, AUT\u00d2NOM I UNITARI","isPartOf":{"@id":"https:\/\/www.siau.cat\/#website"},"primaryImageOfPage":{"@id":"https:\/\/www.siau.cat\/index.php\/2023\/06\/13\/les-prediccions-de-siau-es-compleixen-la-conselleria-deducacio-avui-preten-crear-un-nou-grup-de-treball-fantasma-per-repartir-mes-alliberats-als-sindicats-presents-a-la-mesa-sectorial\/#primaryimage"},"image":{"@id":"https:\/\/www.siau.cat\/index.php\/2023\/06\/13\/les-prediccions-de-siau-es-compleixen-la-conselleria-deducacio-avui-preten-crear-un-nou-grup-de-treball-fantasma-per-repartir-mes-alliberats-als-sindicats-presents-a-la-mesa-sectorial\/#primaryimage"},"thumbnailUrl":"https:\/\/www.siau.cat\/wp-content\/uploads\/2023\/06\/Prediccions-sindicals-1024x577.png","datePublished":"2023-06-13T07:20:32+00:00","dateModified":"2023-06-13T07:20:34+00:00","breadcrumb":{"@id":"https:\/\/www.siau.cat\/index.php\/2023\/06\/13\/les-prediccions-de-siau-es-compleixen-la-conselleria-deducacio-avui-preten-crear-un-nou-grup-de-treball-fantasma-per-repartir-mes-alliberats-als-sindicats-presents-a-la-mesa-sectorial\/#breadcrumb"},"inLanguage":"ca","potentialAction":[{"@type":"ReadAction","target":["https:\/\/www.siau.cat\/index.php\/2023\/06\/13\/les-prediccions-de-siau-es-compleixen-la-conselleria-deducacio-avui-preten-crear-un-nou-grup-de-treball-fantasma-per-repartir-mes-alliberats-als-sindicats-presents-a-la-mesa-sectorial\/"]}]},{"@type":"ImageObject","inLanguage":"ca","@id":"https:\/\/www.siau.cat\/index.php\/2023\/06\/13\/les-prediccions-de-siau-es-compleixen-la-conselleria-deducacio-avui-preten-crear-un-nou-grup-de-treball-fantasma-per-repartir-mes-alliberats-als-sindicats-presents-a-la-mesa-sectorial\/#primaryimage","url":"https:\/\/www.siau.cat\/wp-content\/uploads\/2023\/06\/Prediccions-sindicals.png","contentUrl":"https:\/\/www.siau.cat\/wp-content\/uploads\/2023\/06\/Prediccions-sindicals.png","width":1640,"height":924},{"@type":"BreadcrumbList","@id":"https:\/\/www.siau.cat\/index.php\/2023\/06\/13\/les-prediccions-de-siau-es-compleixen-la-conselleria-deducacio-avui-preten-crear-un-nou-grup-de-treball-fantasma-per-repartir-mes-alliberats-als-sindicats-presents-a-la-mesa-sectorial\/#breadcrumb","itemListElement":[{"@type":"ListItem","position":1,"name":"Inici","item":"https:\/\/www.siau.cat\/"},{"@type":"ListItem","position":2,"name":"Les prediccions de SIAU es compleixen: la Conselleria d&#8217;Educaci\u00f3 avui pret\u00e9n crear un nou grup de treball &#8220;fantasma&#8221; per repartir m\u00e9s alliberats als sindicats presents a la mesa sectorial"}]},{"@type":"WebSite","@id":"https:\/\/www.siau.cat\/#website","url":"https:\/\/www.siau.cat\/","name":"SIAU - SINDICAT INDEPENDENT, AUT\u00d2NOM I UNITARI","description":"Ara s&iacute; que tenim la veu","publisher":{"@id":"https:\/\/www.siau.cat\/#organization"},"potentialAction":[{"@type":"SearchAction","target":{"@type":"EntryPoint","urlTemplate":"https:\/\/www.siau.cat\/?s={search_term_string}"},"query-input":{"@type":"PropertyValueSpecification","valueRequired":true,"valueName":"search_term_string"}}],"inLanguage":"ca"},{"@type":"Organization","@id":"https:\/\/www.siau.cat\/#organization","name":"SIAU","url":"https:\/\/www.siau.cat\/","logo":{"@type":"ImageObject","inLanguage":"ca","@id":"https:\/\/www.siau.cat\/#\/schema\/logo\/image\/","url":"https:\/\/www.siau.cat\/wp-content\/uploads\/2022\/03\/cropped-resized_LOGO-SIAU-5-e1652020847972.jpg","contentUrl":"https:\/\/www.siau.cat\/wp-content\/uploads\/2022\/03\/cropped-resized_LOGO-SIAU-5-e1652020847972.jpg","width":1600,"height":1200,"caption":"SIAU"},"image":{"@id":"https:\/\/www.siau.cat\/#\/schema\/logo\/image\/"}},{"@type":"Person","@id":"https:\/\/www.siau.cat\/#\/schema\/person\/810c15694a7e538934bb4be53ebcba0d","name":"admin","image":{"@type":"ImageObject","inLanguage":"ca","@id":"https:\/\/www.siau.cat\/#\/schema\/person\/image\/","url":"https:\/\/www.siau.cat\/wp-content\/litespeed\/avatar\/d73ebfac3daa0b52552b2ccea63469da.jpg?ver=1777403609","contentUrl":"https:\/\/www.siau.cat\/wp-content\/litespeed\/avatar\/d73ebfac3daa0b52552b2ccea63469da.jpg?ver=1777403609","caption":"admin"},"sameAs":["https:\/\/www.siau.cat"],"url":"https:\/\/www.siau.cat\/index.php\/author\/admin\/"}]}},"jetpack_featured_media_url":"","jetpack_sharing_enabled":true,"_links":{"self":[{"href":"https:\/\/www.siau.cat\/index.php\/wp-json\/wp\/v2\/posts\/891","targetHints":{"allow":["GET"]}}],"collection":[{"href":"https:\/\/www.siau.cat\/index.php\/wp-json\/wp\/v2\/posts"}],"about":[{"href":"https:\/\/www.siau.cat\/index.php\/wp-json\/wp\/v2\/types\/post"}],"author":[{"embeddable":true,"href":"https:\/\/www.siau.cat\/index.php\/wp-json\/wp\/v2\/users\/1"}],"replies":[{"embeddable":true,"href":"https:\/\/www.siau.cat\/index.php\/wp-json\/wp\/v2\/comments?post=891"}],"version-history":[{"count":1,"href":"https:\/\/www.siau.cat\/index.php\/wp-json\/wp\/v2\/posts\/891\/revisions"}],"predecessor-version":[{"id":893,"href":"https:\/\/www.siau.cat\/index.php\/wp-json\/wp\/v2\/posts\/891\/revisions\/893"}],"wp:attachment":[{"href":"https:\/\/www.siau.cat\/index.php\/wp-json\/wp\/v2\/media?parent=891"}],"wp:term":[{"taxonomy":"category","embeddable":true,"href":"https:\/\/www.siau.cat\/index.php\/wp-json\/wp\/v2\/categories?post=891"},{"taxonomy":"post_tag","embeddable":true,"href":"https:\/\/www.siau.cat\/index.php\/wp-json\/wp\/v2\/tags?post=891"}],"curies":[{"name":"wp","href":"https:\/\/api.w.org\/{rel}","templated":true}]}}