{"id":894,"date":"2023-06-14T06:05:22","date_gmt":"2023-06-14T06:05:22","guid":{"rendered":"https:\/\/www.siau.cat\/?p=894"},"modified":"2023-06-14T06:05:24","modified_gmt":"2023-06-14T06:05:24","slug":"nova-victoria-de-siau-la-conselleria-pagara-les-pujades-retributives-consolidades-durant-periodes-de-baixa-gracies-a-la-sentencia-judicial-guanyada-i-posteriors-reclamacions","status":"publish","type":"post","link":"https:\/\/www.siau.cat\/index.php\/2023\/06\/14\/nova-victoria-de-siau-la-conselleria-pagara-les-pujades-retributives-consolidades-durant-periodes-de-baixa-gracies-a-la-sentencia-judicial-guanyada-i-posteriors-reclamacions\/","title":{"rendered":"Nova vict\u00f2ria de SIAU! La Conselleria pagar\u00e0 les pujades retributives consolidades durant per\u00edodes de baixa gr\u00e0cies a la sent\u00e8ncia judicial guanyada i posteriors reclamacions"},"content":{"rendered":"\n<figure class=\"wp-block-image size-large\"><img loading=\"lazy\" decoding=\"async\" width=\"576\" height=\"1024\" src=\"https:\/\/www.siau.cat\/wp-content\/uploads\/2023\/06\/Nova-victoria-de-SIAU-576x1024.png\" alt=\"\" class=\"wp-image-895\" srcset=\"https:\/\/www.siau.cat\/wp-content\/uploads\/2023\/06\/Nova-victoria-de-SIAU-576x1024.png 576w, https:\/\/www.siau.cat\/wp-content\/uploads\/2023\/06\/Nova-victoria-de-SIAU-350x622.png 350w, https:\/\/www.siau.cat\/wp-content\/uploads\/2023\/06\/Nova-victoria-de-SIAU-169x300.png 169w, https:\/\/www.siau.cat\/wp-content\/uploads\/2023\/06\/Nova-victoria-de-SIAU-768x1365.png 768w, https:\/\/www.siau.cat\/wp-content\/uploads\/2023\/06\/Nova-victoria-de-SIAU-864x1536.png 864w, https:\/\/www.siau.cat\/wp-content\/uploads\/2023\/06\/Nova-victoria-de-SIAU-14x24.png 14w, https:\/\/www.siau.cat\/wp-content\/uploads\/2023\/06\/Nova-victoria-de-SIAU-20x36.png 20w, https:\/\/www.siau.cat\/wp-content\/uploads\/2023\/06\/Nova-victoria-de-SIAU-27x48.png 27w, https:\/\/www.siau.cat\/wp-content\/uploads\/2023\/06\/Nova-victoria-de-SIAU.png 1080w\" sizes=\"auto, (max-width: 576px) 100vw, 576px\" \/><\/figure>\n\n\n\n<p class=\"has-text-align-justify\">Primer de tot cal recordar perqu\u00e8 s\u2019ha aconseguit aquesta vict\u00f2ria. Com sabeu el dia 5 de novembre v\u00e0rem celebrar que el secretari general de SIAU havia rebut una sent\u00e8ncia pionera que per primera vegada creava jurisprud\u00e8ncia a les Illes Balears i que repercutiria positivament a tot el funcionariat del nostre territori. La Conselleria va ser obligada judicialment a haver de pagar, amb efectes retroactius, les pujades retributives que s\u2019havien consolidat durant un per\u00edode de baixa (trienni, sexenni, etc.), a m\u00e9s dels interessos per la demora. A sobre, es tractava d\u2019una sent\u00e8ncia ferma que l\u2019administraci\u00f3 no podia rec\u00f3rrer. A partir d\u2019aquell moment ens v\u00e0rem posar a disposici\u00f3 dels docents afectats que volguessin reclamar els imports pendents i varen comen\u00e7ar a tenir lloc diverses peticions en el registre de la Conselleria, peticions que la Conselleria va optar per no respondre. Per\u00f2, arribats a la data actual, des de la Conselleria sabien que nosaltres no aturar\u00edem el procediment administratiu fins a arribar de nou als jutjats, i menys havent aconseguit una sent\u00e8ncia tan contundent al respecte. Aleshores, la Conselleria tenia dues opcions: la primera, continuar per la via de la il\u00b7legalitat, sabent de sobres que tenia els dies comptats i que aquesta vegada li sortiria ben car si acud\u00edem novament als jutjats; i la segona, acatar la sent\u00e8ncia judicial que va perdre i fer-la extensiva a la resta de docents.<\/p>\n\n\n\n<p class=\"has-text-align-justify\">Finalment, la Conselleria ha anunciat que pagar\u00e0 a tots els docents afectats, que no s\u00f3n pocs! Igualment, i mentre els afectats no rebin les resolucions favorables, nosaltres continuarem endavant amb els processos que tenim engegats. Resulta sorprenent haver d\u2019arribar a aquest extrem a causa de la prepot\u00e8ncia il\u00b7limitada i manca de vista de l\u2019actual Conselleria. Estam molt contents d\u2019aquest nou \u00e8xit, sense oblidar la ra\u00f3 de fons que novament ha obligat l\u2019administraci\u00f3 a haver de rectificar.<\/p>\n","protected":false},"excerpt":{"rendered":"<p>Primer de tot cal recordar perqu\u00e8 s\u2019ha aconseguit aquesta vict\u00f2ria. Com sabeu el dia 5 de novembre v\u00e0rem celebrar que el secretari general de SIAU havia rebut una sent\u00e8ncia pionera que per primera vegada creava jurisprud\u00e8ncia a les Illes Balears i que repercutiria positivament a tot el funcionariat del nostre territori. La Conselleria va ser &hellip; <\/p>\n<p class=\"link-more\"><a href=\"https:\/\/www.siau.cat\/index.php\/2023\/06\/14\/nova-victoria-de-siau-la-conselleria-pagara-les-pujades-retributives-consolidades-durant-periodes-de-baixa-gracies-a-la-sentencia-judicial-guanyada-i-posteriors-reclamacions\/\" class=\"more-link\">Continua llegint <span class=\"screen-reader-text\">\u00abNova vict\u00f2ria de SIAU! La Conselleria pagar\u00e0 les pujades retributives consolidades durant per\u00edodes de baixa gr\u00e0cies a la sent\u00e8ncia judicial guanyada i posteriors reclamacions\u00bb<\/span><\/a><\/p>\n","protected":false},"author":1,"featured_media":0,"comment_status":"closed","ping_status":"open","sticky":false,"template":"","format":"standard","meta":{"_jetpack_memberships_contains_paid_content":false,"footnotes":""},"categories":[1],"tags":[],"class_list":["post-894","post","type-post","status-publish","format-standard","hentry","category-uncategorized"],"yoast_head":"<!-- This site is optimized with the Yoast SEO plugin v25.4 - https:\/\/yoast.com\/wordpress\/plugins\/seo\/ -->\n<title>Nova vict\u00f2ria de SIAU! La Conselleria pagar\u00e0 les pujades retributives consolidades durant per\u00edodes de baixa gr\u00e0cies a la sent\u00e8ncia judicial guanyada i posteriors reclamacions &#8212; SIAU - SINDICAT INDEPENDENT, AUT\u00d2NOM I UNITARI<\/title>\n<meta name=\"robots\" content=\"index, follow, max-snippet:-1, max-image-preview:large, max-video-preview:-1\" \/>\n<link rel=\"canonical\" href=\"https:\/\/www.siau.cat\/index.php\/2023\/06\/14\/nova-victoria-de-siau-la-conselleria-pagara-les-pujades-retributives-consolidades-durant-periodes-de-baixa-gracies-a-la-sentencia-judicial-guanyada-i-posteriors-reclamacions\/\" \/>\n<meta property=\"og:locale\" content=\"ca_ES\" \/>\n<meta property=\"og:type\" content=\"article\" \/>\n<meta property=\"og:title\" content=\"Nova vict\u00f2ria de SIAU! La Conselleria pagar\u00e0 les pujades retributives consolidades durant per\u00edodes de baixa gr\u00e0cies a la sent\u00e8ncia judicial guanyada i posteriors reclamacions &#8212; SIAU - SINDICAT INDEPENDENT, AUT\u00d2NOM I UNITARI\" \/>\n<meta property=\"og:description\" content=\"Primer de tot cal recordar perqu\u00e8 s\u2019ha aconseguit aquesta vict\u00f2ria. Com sabeu el dia 5 de novembre v\u00e0rem celebrar que el secretari general de SIAU havia rebut una sent\u00e8ncia pionera que per primera vegada creava jurisprud\u00e8ncia a les Illes Balears i que repercutiria positivament a tot el funcionariat del nostre territori. La Conselleria va ser &hellip; Continua llegint \u00abNova vict\u00f2ria de SIAU! La Conselleria pagar\u00e0 les pujades retributives consolidades durant per\u00edodes de baixa gr\u00e0cies a la sent\u00e8ncia judicial guanyada i posteriors reclamacions\u00bb\" \/>\n<meta property=\"og:url\" content=\"https:\/\/www.siau.cat\/index.php\/2023\/06\/14\/nova-victoria-de-siau-la-conselleria-pagara-les-pujades-retributives-consolidades-durant-periodes-de-baixa-gracies-a-la-sentencia-judicial-guanyada-i-posteriors-reclamacions\/\" \/>\n<meta property=\"og:site_name\" content=\"SIAU - SINDICAT INDEPENDENT, AUT\u00d2NOM I UNITARI\" \/>\n<meta property=\"article:published_time\" content=\"2023-06-14T06:05:22+00:00\" \/>\n<meta property=\"article:modified_time\" content=\"2023-06-14T06:05:24+00:00\" \/>\n<meta property=\"og:image\" content=\"https:\/\/www.siau.cat\/wp-content\/uploads\/2023\/06\/Nova-victoria-de-SIAU-576x1024.png\" \/>\n<meta name=\"author\" content=\"admin\" \/>\n<meta name=\"twitter:card\" content=\"summary_large_image\" \/>\n<meta name=\"twitter:label1\" content=\"Escrit per\" \/>\n\t<meta name=\"twitter:data1\" content=\"admin\" \/>\n\t<meta name=\"twitter:label2\" content=\"Temps estimat de lectura\" \/>\n\t<meta name=\"twitter:data2\" content=\"2 minuts\" \/>\n<script type=\"application\/ld+json\" class=\"yoast-schema-graph\">{\"@context\":\"https:\/\/schema.org\",\"@graph\":[{\"@type\":\"Article\",\"@id\":\"https:\/\/www.siau.cat\/index.php\/2023\/06\/14\/nova-victoria-de-siau-la-conselleria-pagara-les-pujades-retributives-consolidades-durant-periodes-de-baixa-gracies-a-la-sentencia-judicial-guanyada-i-posteriors-reclamacions\/#article\",\"isPartOf\":{\"@id\":\"https:\/\/www.siau.cat\/index.php\/2023\/06\/14\/nova-victoria-de-siau-la-conselleria-pagara-les-pujades-retributives-consolidades-durant-periodes-de-baixa-gracies-a-la-sentencia-judicial-guanyada-i-posteriors-reclamacions\/\"},\"author\":{\"name\":\"admin\",\"@id\":\"https:\/\/www.siau.cat\/#\/schema\/person\/810c15694a7e538934bb4be53ebcba0d\"},\"headline\":\"Nova vict\u00f2ria de SIAU! La Conselleria pagar\u00e0 les pujades retributives consolidades durant per\u00edodes de baixa gr\u00e0cies a la sent\u00e8ncia judicial guanyada i posteriors reclamacions\",\"datePublished\":\"2023-06-14T06:05:22+00:00\",\"dateModified\":\"2023-06-14T06:05:24+00:00\",\"mainEntityOfPage\":{\"@id\":\"https:\/\/www.siau.cat\/index.php\/2023\/06\/14\/nova-victoria-de-siau-la-conselleria-pagara-les-pujades-retributives-consolidades-durant-periodes-de-baixa-gracies-a-la-sentencia-judicial-guanyada-i-posteriors-reclamacions\/\"},\"wordCount\":357,\"publisher\":{\"@id\":\"https:\/\/www.siau.cat\/#organization\"},\"image\":{\"@id\":\"https:\/\/www.siau.cat\/index.php\/2023\/06\/14\/nova-victoria-de-siau-la-conselleria-pagara-les-pujades-retributives-consolidades-durant-periodes-de-baixa-gracies-a-la-sentencia-judicial-guanyada-i-posteriors-reclamacions\/#primaryimage\"},\"thumbnailUrl\":\"https:\/\/www.siau.cat\/wp-content\/uploads\/2023\/06\/Nova-victoria-de-SIAU-576x1024.png\",\"articleSection\":[\"Uncategorized\"],\"inLanguage\":\"ca\"},{\"@type\":\"WebPage\",\"@id\":\"https:\/\/www.siau.cat\/index.php\/2023\/06\/14\/nova-victoria-de-siau-la-conselleria-pagara-les-pujades-retributives-consolidades-durant-periodes-de-baixa-gracies-a-la-sentencia-judicial-guanyada-i-posteriors-reclamacions\/\",\"url\":\"https:\/\/www.siau.cat\/index.php\/2023\/06\/14\/nova-victoria-de-siau-la-conselleria-pagara-les-pujades-retributives-consolidades-durant-periodes-de-baixa-gracies-a-la-sentencia-judicial-guanyada-i-posteriors-reclamacions\/\",\"name\":\"Nova vict\u00f2ria de SIAU! La Conselleria pagar\u00e0 les pujades retributives consolidades durant per\u00edodes de baixa gr\u00e0cies a la sent\u00e8ncia judicial guanyada i posteriors reclamacions &#8212; SIAU - SINDICAT INDEPENDENT, AUT\u00d2NOM I UNITARI\",\"isPartOf\":{\"@id\":\"https:\/\/www.siau.cat\/#website\"},\"primaryImageOfPage\":{\"@id\":\"https:\/\/www.siau.cat\/index.php\/2023\/06\/14\/nova-victoria-de-siau-la-conselleria-pagara-les-pujades-retributives-consolidades-durant-periodes-de-baixa-gracies-a-la-sentencia-judicial-guanyada-i-posteriors-reclamacions\/#primaryimage\"},\"image\":{\"@id\":\"https:\/\/www.siau.cat\/index.php\/2023\/06\/14\/nova-victoria-de-siau-la-conselleria-pagara-les-pujades-retributives-consolidades-durant-periodes-de-baixa-gracies-a-la-sentencia-judicial-guanyada-i-posteriors-reclamacions\/#primaryimage\"},\"thumbnailUrl\":\"https:\/\/www.siau.cat\/wp-content\/uploads\/2023\/06\/Nova-victoria-de-SIAU-576x1024.png\",\"datePublished\":\"2023-06-14T06:05:22+00:00\",\"dateModified\":\"2023-06-14T06:05:24+00:00\",\"breadcrumb\":{\"@id\":\"https:\/\/www.siau.cat\/index.php\/2023\/06\/14\/nova-victoria-de-siau-la-conselleria-pagara-les-pujades-retributives-consolidades-durant-periodes-de-baixa-gracies-a-la-sentencia-judicial-guanyada-i-posteriors-reclamacions\/#breadcrumb\"},\"inLanguage\":\"ca\",\"potentialAction\":[{\"@type\":\"ReadAction\",\"target\":[\"https:\/\/www.siau.cat\/index.php\/2023\/06\/14\/nova-victoria-de-siau-la-conselleria-pagara-les-pujades-retributives-consolidades-durant-periodes-de-baixa-gracies-a-la-sentencia-judicial-guanyada-i-posteriors-reclamacions\/\"]}]},{\"@type\":\"ImageObject\",\"inLanguage\":\"ca\",\"@id\":\"https:\/\/www.siau.cat\/index.php\/2023\/06\/14\/nova-victoria-de-siau-la-conselleria-pagara-les-pujades-retributives-consolidades-durant-periodes-de-baixa-gracies-a-la-sentencia-judicial-guanyada-i-posteriors-reclamacions\/#primaryimage\",\"url\":\"https:\/\/www.siau.cat\/wp-content\/uploads\/2023\/06\/Nova-victoria-de-SIAU.png\",\"contentUrl\":\"https:\/\/www.siau.cat\/wp-content\/uploads\/2023\/06\/Nova-victoria-de-SIAU.png\",\"width\":1080,\"height\":1920},{\"@type\":\"BreadcrumbList\",\"@id\":\"https:\/\/www.siau.cat\/index.php\/2023\/06\/14\/nova-victoria-de-siau-la-conselleria-pagara-les-pujades-retributives-consolidades-durant-periodes-de-baixa-gracies-a-la-sentencia-judicial-guanyada-i-posteriors-reclamacions\/#breadcrumb\",\"itemListElement\":[{\"@type\":\"ListItem\",\"position\":1,\"name\":\"Inici\",\"item\":\"https:\/\/www.siau.cat\/\"},{\"@type\":\"ListItem\",\"position\":2,\"name\":\"Nova vict\u00f2ria de SIAU! La Conselleria pagar\u00e0 les pujades retributives consolidades durant per\u00edodes de baixa gr\u00e0cies a la sent\u00e8ncia judicial guanyada i posteriors reclamacions\"}]},{\"@type\":\"WebSite\",\"@id\":\"https:\/\/www.siau.cat\/#website\",\"url\":\"https:\/\/www.siau.cat\/\",\"name\":\"SIAU - SINDICAT INDEPENDENT, AUT\u00d2NOM I UNITARI\",\"description\":\"Ara s&iacute; que tenim la veu\",\"publisher\":{\"@id\":\"https:\/\/www.siau.cat\/#organization\"},\"potentialAction\":[{\"@type\":\"SearchAction\",\"target\":{\"@type\":\"EntryPoint\",\"urlTemplate\":\"https:\/\/www.siau.cat\/?s={search_term_string}\"},\"query-input\":{\"@type\":\"PropertyValueSpecification\",\"valueRequired\":true,\"valueName\":\"search_term_string\"}}],\"inLanguage\":\"ca\"},{\"@type\":\"Organization\",\"@id\":\"https:\/\/www.siau.cat\/#organization\",\"name\":\"SIAU\",\"url\":\"https:\/\/www.siau.cat\/\",\"logo\":{\"@type\":\"ImageObject\",\"inLanguage\":\"ca\",\"@id\":\"https:\/\/www.siau.cat\/#\/schema\/logo\/image\/\",\"url\":\"https:\/\/www.siau.cat\/wp-content\/uploads\/2022\/03\/cropped-resized_LOGO-SIAU-5-e1652020847972.jpg\",\"contentUrl\":\"https:\/\/www.siau.cat\/wp-content\/uploads\/2022\/03\/cropped-resized_LOGO-SIAU-5-e1652020847972.jpg\",\"width\":1600,\"height\":1200,\"caption\":\"SIAU\"},\"image\":{\"@id\":\"https:\/\/www.siau.cat\/#\/schema\/logo\/image\/\"}},{\"@type\":\"Person\",\"@id\":\"https:\/\/www.siau.cat\/#\/schema\/person\/810c15694a7e538934bb4be53ebcba0d\",\"name\":\"admin\",\"image\":{\"@type\":\"ImageObject\",\"inLanguage\":\"ca\",\"@id\":\"https:\/\/www.siau.cat\/#\/schema\/person\/image\/\",\"url\":\"https:\/\/www.siau.cat\/wp-content\/litespeed\/avatar\/d73ebfac3daa0b52552b2ccea63469da.jpg?ver=1777403609\",\"contentUrl\":\"https:\/\/www.siau.cat\/wp-content\/litespeed\/avatar\/d73ebfac3daa0b52552b2ccea63469da.jpg?ver=1777403609\",\"caption\":\"admin\"},\"sameAs\":[\"https:\/\/www.siau.cat\"],\"url\":\"https:\/\/www.siau.cat\/index.php\/author\/admin\/\"}]}<\/script>\n<!-- \/ Yoast SEO plugin. -->","yoast_head_json":{"title":"Nova vict\u00f2ria de SIAU! La Conselleria pagar\u00e0 les pujades retributives consolidades durant per\u00edodes de baixa gr\u00e0cies a la sent\u00e8ncia judicial guanyada i posteriors reclamacions &#8212; SIAU - SINDICAT INDEPENDENT, AUT\u00d2NOM I UNITARI","robots":{"index":"index","follow":"follow","max-snippet":"max-snippet:-1","max-image-preview":"max-image-preview:large","max-video-preview":"max-video-preview:-1"},"canonical":"https:\/\/www.siau.cat\/index.php\/2023\/06\/14\/nova-victoria-de-siau-la-conselleria-pagara-les-pujades-retributives-consolidades-durant-periodes-de-baixa-gracies-a-la-sentencia-judicial-guanyada-i-posteriors-reclamacions\/","og_locale":"ca_ES","og_type":"article","og_title":"Nova vict\u00f2ria de SIAU! La Conselleria pagar\u00e0 les pujades retributives consolidades durant per\u00edodes de baixa gr\u00e0cies a la sent\u00e8ncia judicial guanyada i posteriors reclamacions &#8212; SIAU - SINDICAT INDEPENDENT, AUT\u00d2NOM I UNITARI","og_description":"Primer de tot cal recordar perqu\u00e8 s\u2019ha aconseguit aquesta vict\u00f2ria. Com sabeu el dia 5 de novembre v\u00e0rem celebrar que el secretari general de SIAU havia rebut una sent\u00e8ncia pionera que per primera vegada creava jurisprud\u00e8ncia a les Illes Balears i que repercutiria positivament a tot el funcionariat del nostre territori. La Conselleria va ser &hellip; Continua llegint \u00abNova vict\u00f2ria de SIAU! La Conselleria pagar\u00e0 les pujades retributives consolidades durant per\u00edodes de baixa gr\u00e0cies a la sent\u00e8ncia judicial guanyada i posteriors reclamacions\u00bb","og_url":"https:\/\/www.siau.cat\/index.php\/2023\/06\/14\/nova-victoria-de-siau-la-conselleria-pagara-les-pujades-retributives-consolidades-durant-periodes-de-baixa-gracies-a-la-sentencia-judicial-guanyada-i-posteriors-reclamacions\/","og_site_name":"SIAU - SINDICAT INDEPENDENT, AUT\u00d2NOM I UNITARI","article_published_time":"2023-06-14T06:05:22+00:00","article_modified_time":"2023-06-14T06:05:24+00:00","og_image":[{"url":"https:\/\/www.siau.cat\/wp-content\/uploads\/2023\/06\/Nova-victoria-de-SIAU-576x1024.png","type":"","width":"","height":""}],"author":"admin","twitter_card":"summary_large_image","twitter_misc":{"Escrit per":"admin","Temps estimat de lectura":"2 minuts"},"schema":{"@context":"https:\/\/schema.org","@graph":[{"@type":"Article","@id":"https:\/\/www.siau.cat\/index.php\/2023\/06\/14\/nova-victoria-de-siau-la-conselleria-pagara-les-pujades-retributives-consolidades-durant-periodes-de-baixa-gracies-a-la-sentencia-judicial-guanyada-i-posteriors-reclamacions\/#article","isPartOf":{"@id":"https:\/\/www.siau.cat\/index.php\/2023\/06\/14\/nova-victoria-de-siau-la-conselleria-pagara-les-pujades-retributives-consolidades-durant-periodes-de-baixa-gracies-a-la-sentencia-judicial-guanyada-i-posteriors-reclamacions\/"},"author":{"name":"admin","@id":"https:\/\/www.siau.cat\/#\/schema\/person\/810c15694a7e538934bb4be53ebcba0d"},"headline":"Nova vict\u00f2ria de SIAU! La Conselleria pagar\u00e0 les pujades retributives consolidades durant per\u00edodes de baixa gr\u00e0cies a la sent\u00e8ncia judicial guanyada i posteriors reclamacions","datePublished":"2023-06-14T06:05:22+00:00","dateModified":"2023-06-14T06:05:24+00:00","mainEntityOfPage":{"@id":"https:\/\/www.siau.cat\/index.php\/2023\/06\/14\/nova-victoria-de-siau-la-conselleria-pagara-les-pujades-retributives-consolidades-durant-periodes-de-baixa-gracies-a-la-sentencia-judicial-guanyada-i-posteriors-reclamacions\/"},"wordCount":357,"publisher":{"@id":"https:\/\/www.siau.cat\/#organization"},"image":{"@id":"https:\/\/www.siau.cat\/index.php\/2023\/06\/14\/nova-victoria-de-siau-la-conselleria-pagara-les-pujades-retributives-consolidades-durant-periodes-de-baixa-gracies-a-la-sentencia-judicial-guanyada-i-posteriors-reclamacions\/#primaryimage"},"thumbnailUrl":"https:\/\/www.siau.cat\/wp-content\/uploads\/2023\/06\/Nova-victoria-de-SIAU-576x1024.png","articleSection":["Uncategorized"],"inLanguage":"ca"},{"@type":"WebPage","@id":"https:\/\/www.siau.cat\/index.php\/2023\/06\/14\/nova-victoria-de-siau-la-conselleria-pagara-les-pujades-retributives-consolidades-durant-periodes-de-baixa-gracies-a-la-sentencia-judicial-guanyada-i-posteriors-reclamacions\/","url":"https:\/\/www.siau.cat\/index.php\/2023\/06\/14\/nova-victoria-de-siau-la-conselleria-pagara-les-pujades-retributives-consolidades-durant-periodes-de-baixa-gracies-a-la-sentencia-judicial-guanyada-i-posteriors-reclamacions\/","name":"Nova vict\u00f2ria de SIAU! La Conselleria pagar\u00e0 les pujades retributives consolidades durant per\u00edodes de baixa gr\u00e0cies a la sent\u00e8ncia judicial guanyada i posteriors reclamacions &#8212; SIAU - SINDICAT INDEPENDENT, AUT\u00d2NOM I UNITARI","isPartOf":{"@id":"https:\/\/www.siau.cat\/#website"},"primaryImageOfPage":{"@id":"https:\/\/www.siau.cat\/index.php\/2023\/06\/14\/nova-victoria-de-siau-la-conselleria-pagara-les-pujades-retributives-consolidades-durant-periodes-de-baixa-gracies-a-la-sentencia-judicial-guanyada-i-posteriors-reclamacions\/#primaryimage"},"image":{"@id":"https:\/\/www.siau.cat\/index.php\/2023\/06\/14\/nova-victoria-de-siau-la-conselleria-pagara-les-pujades-retributives-consolidades-durant-periodes-de-baixa-gracies-a-la-sentencia-judicial-guanyada-i-posteriors-reclamacions\/#primaryimage"},"thumbnailUrl":"https:\/\/www.siau.cat\/wp-content\/uploads\/2023\/06\/Nova-victoria-de-SIAU-576x1024.png","datePublished":"2023-06-14T06:05:22+00:00","dateModified":"2023-06-14T06:05:24+00:00","breadcrumb":{"@id":"https:\/\/www.siau.cat\/index.php\/2023\/06\/14\/nova-victoria-de-siau-la-conselleria-pagara-les-pujades-retributives-consolidades-durant-periodes-de-baixa-gracies-a-la-sentencia-judicial-guanyada-i-posteriors-reclamacions\/#breadcrumb"},"inLanguage":"ca","potentialAction":[{"@type":"ReadAction","target":["https:\/\/www.siau.cat\/index.php\/2023\/06\/14\/nova-victoria-de-siau-la-conselleria-pagara-les-pujades-retributives-consolidades-durant-periodes-de-baixa-gracies-a-la-sentencia-judicial-guanyada-i-posteriors-reclamacions\/"]}]},{"@type":"ImageObject","inLanguage":"ca","@id":"https:\/\/www.siau.cat\/index.php\/2023\/06\/14\/nova-victoria-de-siau-la-conselleria-pagara-les-pujades-retributives-consolidades-durant-periodes-de-baixa-gracies-a-la-sentencia-judicial-guanyada-i-posteriors-reclamacions\/#primaryimage","url":"https:\/\/www.siau.cat\/wp-content\/uploads\/2023\/06\/Nova-victoria-de-SIAU.png","contentUrl":"https:\/\/www.siau.cat\/wp-content\/uploads\/2023\/06\/Nova-victoria-de-SIAU.png","width":1080,"height":1920},{"@type":"BreadcrumbList","@id":"https:\/\/www.siau.cat\/index.php\/2023\/06\/14\/nova-victoria-de-siau-la-conselleria-pagara-les-pujades-retributives-consolidades-durant-periodes-de-baixa-gracies-a-la-sentencia-judicial-guanyada-i-posteriors-reclamacions\/#breadcrumb","itemListElement":[{"@type":"ListItem","position":1,"name":"Inici","item":"https:\/\/www.siau.cat\/"},{"@type":"ListItem","position":2,"name":"Nova vict\u00f2ria de SIAU! La Conselleria pagar\u00e0 les pujades retributives consolidades durant per\u00edodes de baixa gr\u00e0cies a la sent\u00e8ncia judicial guanyada i posteriors reclamacions"}]},{"@type":"WebSite","@id":"https:\/\/www.siau.cat\/#website","url":"https:\/\/www.siau.cat\/","name":"SIAU - SINDICAT INDEPENDENT, AUT\u00d2NOM I UNITARI","description":"Ara s&iacute; que tenim la veu","publisher":{"@id":"https:\/\/www.siau.cat\/#organization"},"potentialAction":[{"@type":"SearchAction","target":{"@type":"EntryPoint","urlTemplate":"https:\/\/www.siau.cat\/?s={search_term_string}"},"query-input":{"@type":"PropertyValueSpecification","valueRequired":true,"valueName":"search_term_string"}}],"inLanguage":"ca"},{"@type":"Organization","@id":"https:\/\/www.siau.cat\/#organization","name":"SIAU","url":"https:\/\/www.siau.cat\/","logo":{"@type":"ImageObject","inLanguage":"ca","@id":"https:\/\/www.siau.cat\/#\/schema\/logo\/image\/","url":"https:\/\/www.siau.cat\/wp-content\/uploads\/2022\/03\/cropped-resized_LOGO-SIAU-5-e1652020847972.jpg","contentUrl":"https:\/\/www.siau.cat\/wp-content\/uploads\/2022\/03\/cropped-resized_LOGO-SIAU-5-e1652020847972.jpg","width":1600,"height":1200,"caption":"SIAU"},"image":{"@id":"https:\/\/www.siau.cat\/#\/schema\/logo\/image\/"}},{"@type":"Person","@id":"https:\/\/www.siau.cat\/#\/schema\/person\/810c15694a7e538934bb4be53ebcba0d","name":"admin","image":{"@type":"ImageObject","inLanguage":"ca","@id":"https:\/\/www.siau.cat\/#\/schema\/person\/image\/","url":"https:\/\/www.siau.cat\/wp-content\/litespeed\/avatar\/d73ebfac3daa0b52552b2ccea63469da.jpg?ver=1777403609","contentUrl":"https:\/\/www.siau.cat\/wp-content\/litespeed\/avatar\/d73ebfac3daa0b52552b2ccea63469da.jpg?ver=1777403609","caption":"admin"},"sameAs":["https:\/\/www.siau.cat"],"url":"https:\/\/www.siau.cat\/index.php\/author\/admin\/"}]}},"jetpack_featured_media_url":"","jetpack_sharing_enabled":true,"_links":{"self":[{"href":"https:\/\/www.siau.cat\/index.php\/wp-json\/wp\/v2\/posts\/894","targetHints":{"allow":["GET"]}}],"collection":[{"href":"https:\/\/www.siau.cat\/index.php\/wp-json\/wp\/v2\/posts"}],"about":[{"href":"https:\/\/www.siau.cat\/index.php\/wp-json\/wp\/v2\/types\/post"}],"author":[{"embeddable":true,"href":"https:\/\/www.siau.cat\/index.php\/wp-json\/wp\/v2\/users\/1"}],"replies":[{"embeddable":true,"href":"https:\/\/www.siau.cat\/index.php\/wp-json\/wp\/v2\/comments?post=894"}],"version-history":[{"count":1,"href":"https:\/\/www.siau.cat\/index.php\/wp-json\/wp\/v2\/posts\/894\/revisions"}],"predecessor-version":[{"id":896,"href":"https:\/\/www.siau.cat\/index.php\/wp-json\/wp\/v2\/posts\/894\/revisions\/896"}],"wp:attachment":[{"href":"https:\/\/www.siau.cat\/index.php\/wp-json\/wp\/v2\/media?parent=894"}],"wp:term":[{"taxonomy":"category","embeddable":true,"href":"https:\/\/www.siau.cat\/index.php\/wp-json\/wp\/v2\/categories?post=894"},{"taxonomy":"post_tag","embeddable":true,"href":"https:\/\/www.siau.cat\/index.php\/wp-json\/wp\/v2\/tags?post=894"}],"curies":[{"name":"wp","href":"https:\/\/api.w.org\/{rel}","templated":true}]}}