{"id":898,"date":"2023-06-15T08:11:34","date_gmt":"2023-06-15T08:11:34","guid":{"rendered":"https:\/\/www.siau.cat\/?p=898"},"modified":"2023-06-15T08:11:36","modified_gmt":"2023-06-15T08:11:36","slug":"siau-vota-en-contra-de-la-proposta-de-resolucio-de-la-junta-de-personal-docent-de-mallorca-adrecada-al-nou-govern-de-les-illes-balears","status":"publish","type":"post","link":"https:\/\/www.siau.cat\/index.php\/2023\/06\/15\/siau-vota-en-contra-de-la-proposta-de-resolucio-de-la-junta-de-personal-docent-de-mallorca-adrecada-al-nou-govern-de-les-illes-balears\/","title":{"rendered":"SIAU vota en contra de la proposta de resoluci\u00f3 de la Junta de Personal Docent de Mallorca adre\u00e7ada al nou Govern de les Illes Balears"},"content":{"rendered":"\n<figure class=\"wp-block-image size-large\"><img loading=\"lazy\" decoding=\"async\" width=\"1024\" height=\"572\" src=\"https:\/\/www.siau.cat\/wp-content\/uploads\/2023\/06\/Imatge-15.06.2023-del-Ple-de-la-JPDnU-de-Mallorca-1024x572.png\" alt=\"\" class=\"wp-image-899\" srcset=\"https:\/\/www.siau.cat\/wp-content\/uploads\/2023\/06\/Imatge-15.06.2023-del-Ple-de-la-JPDnU-de-Mallorca-1024x572.png 1024w, https:\/\/www.siau.cat\/wp-content\/uploads\/2023\/06\/Imatge-15.06.2023-del-Ple-de-la-JPDnU-de-Mallorca-350x196.png 350w, https:\/\/www.siau.cat\/wp-content\/uploads\/2023\/06\/Imatge-15.06.2023-del-Ple-de-la-JPDnU-de-Mallorca-300x168.png 300w, https:\/\/www.siau.cat\/wp-content\/uploads\/2023\/06\/Imatge-15.06.2023-del-Ple-de-la-JPDnU-de-Mallorca-768x429.png 768w, https:\/\/www.siau.cat\/wp-content\/uploads\/2023\/06\/Imatge-15.06.2023-del-Ple-de-la-JPDnU-de-Mallorca-1536x859.png 1536w, https:\/\/www.siau.cat\/wp-content\/uploads\/2023\/06\/Imatge-15.06.2023-del-Ple-de-la-JPDnU-de-Mallorca-24x13.png 24w, https:\/\/www.siau.cat\/wp-content\/uploads\/2023\/06\/Imatge-15.06.2023-del-Ple-de-la-JPDnU-de-Mallorca-36x20.png 36w, https:\/\/www.siau.cat\/wp-content\/uploads\/2023\/06\/Imatge-15.06.2023-del-Ple-de-la-JPDnU-de-Mallorca-48x27.png 48w, https:\/\/www.siau.cat\/wp-content\/uploads\/2023\/06\/Imatge-15.06.2023-del-Ple-de-la-JPDnU-de-Mallorca.png 1982w\" sizes=\"auto, (max-width: 767px) 89vw, (max-width: 1000px) 54vw, (max-width: 1071px) 543px, 580px\" \/><figcaption class=\"wp-element-caption\">Ple de la JPDnU de Mallorca de dia 14 de juny de 2023<\/figcaption><\/figure>\n\n\n\n<p class=\"has-text-align-justify\">Ahir v\u00e0rem assistir al Ple de la Junta de Personal Docent no Universitari de Mallorca on s&#8217;havien de debatre i votar dues propostes de resoluci\u00f3: la primera, amb el nostre vot a favor, sobre l&#8217;adhesi\u00f3 a la xarxa de segregaci\u00f3 escolar de Palma; i la segona, amb el nostre vot en contra, sobre reivindicacions per a l&#8217;educaci\u00f3 p\u00fablica adre\u00e7ada al nou Govern de les Illes Balears, que est\u00e0 previst que aviat quedi constitu\u00eft.<\/p>\n\n\n\n<p class=\"has-text-align-justify\">El segon punt que es va votar era el m\u00e9s conflictiu, a causa que no generava la unanimitat sindical que es pretenia, a difer\u00e8ncia de l&#8217;anterior punt que si la va obtenir. Tot i que hi ha molts de motius, consideram adient recordar els m\u00e9s importants. Per aix\u00f2, cal fer una mica de mem\u00f2ria i entendre quin ha estat el recorregut fins a arribar a la votaci\u00f3 d&#8217;ahir.<\/p>\n\n\n\n<p class=\"has-text-align-justify\">Durant el mes de febrer, tots els sindicats de la Permanent de la Junta de Personal Docent de Mallorca (aix\u00ed com la resta de Permanents) v\u00e0rem consensuar una taula reivindicativa, on s&#8217;incorporaven demandes hist\u00f2riques que mai s&#8217;havien posat sobre la taula. Bona part d&#8217;elles afectaven directament al col\u00b7lectiu d&#8217;interins. Des de SIAU, v\u00e0rem valorar molt positivament aquest consens aconseguit i advert\u00edrem que les mesures sociolaborals que s&#8217;hi contemplaven havien de ser tractades amb tots els sindicats que actualment tenen representaci\u00f3. No obstant aix\u00f2, tant en la comunicaci\u00f3 que des de la Presid\u00e8ncia de la Junta de Personal Docent de Mallorca s&#8217;envi\u00e0 al conseller d&#8217;educaci\u00f3, com en la resposta que es va rebre per part d&#8217;aquest darrer, s&#8217;opt\u00e0 per mantenir al marge la nostra formaci\u00f3 sindical. I aix\u00f2 que som la tercera for\u00e7a sindical en representaci\u00f3. \u00c9s a partir d&#8217;aqu\u00ed que nasqu\u00e9 el fam\u00f3s Acord marc, poques setmanes abans d&#8217;un proc\u00e9s electoral i havent-se incomplert l&#8217;anterior, el del 2015. Aquest nou acord, no nom\u00e9s arribava molt tard sin\u00f3 tamb\u00e9 de la pitjor manera possible. Es tractava d&#8217;un acord amb una clara intenci\u00f3 electoralista i desmobilitzador, que pretenia sobretot blindar privilegis, com ja v\u00e0rem comunicar p\u00fablicament dia 3 de mar\u00e7 de 2023. Des del principi se sabia que l&#8217;Acord marc no tenia el suport del professorat, per\u00f2, aix\u00ed i tot, en un acte de conniv\u00e8ncia absoluta, per part dels sindicats presents a la mesa sectorial cap als dirigents d&#8217;Educaci\u00f3, el document tir\u00e0 endavant, un document que ens resulta com a m\u00ednim insultant. Es va fermar una carrera professional rid\u00edcula, anys llum del que cobra ja no un treballador del grup A1 i A2 (com \u00e9s el cas del funcionariat docent) sin\u00f3 del grup C1. A m\u00e9s, sense haver recuperat el 2,9% sencer que ens varen retallar a les nostres n\u00f2mines, sense resoldre el conjunt de problem\u00e0tiques dels PTFP, proposant de nou l&#8217;incompliment (de cara al curs vinent) d&#8217;assolir les 18 hores lectives a Secund\u00e0ria (incompliment que ja s&#8217;arrossegava des de l&#8217;Acord marc del 2015) i un llarg etc\u00e8tera. Per si no n&#8217;hi havia suficient, es va acordar negociar criteris que ja venen imposats per sent\u00e8ncia judicial, un fet que ens va deixar bocabadats. No varen fer esment a multitud de punts de la taula reivindicativa que les respectives Permanents havien aprovat, per cert, gran part dels punts a cost zero per l&#8217;administraci\u00f3.<\/p>\n\n\n\n<p class=\"has-text-align-justify\">A m\u00e9s a m\u00e9s, a finals de maig tingu\u00e9 lloc una sessi\u00f3 de la Permanent de Mallorca on, davant la proposta d&#8217;aprovar una resoluci\u00f3 adre\u00e7ada al nou Govern de les Illes Balears, insist\u00edrem que fos a partir de la taula reivindicativa en comptes de l&#8217;Acord marc, ja que d&#8217;aquest darrer no se&#8217;n desprenia unanimitat i, a sobre, ha estat rebutjat per gran part de la comunitat educativa. Posteriorment, es comen\u00e7\u00e0 a treballar en un esborrany on es mencionava \u00fanicament la taula reivindicativa, un acord que recordem \u00e9s de m\u00e0xims i que va obtenir l&#8217;aprovaci\u00f3 de tots els sindicats sense excepci\u00f3. Per\u00f2, a petici\u00f3 d&#8217;un altre sindicat, es modific\u00e0 de nou l&#8217;esborrany centrant-lo en l&#8217;Acord marc, un acord de m\u00ednims que, com ja hem dit, no t\u00e9 l&#8217;aprovaci\u00f3 per unanimitat dels sindicats presents a les respectives Juntes de Personal Docent.<\/p>\n\n\n\n<p class=\"has-text-align-justify\">En el Ple de la Junta de Personal Docent de Mallorca celebrat ahir, com era d&#8217;esperar, no es va aconseguir ni el consens ni la unanimitat per tots els motius que hem exposat anteriorment. Durant el desenvolupament del debat entorn de la proposta de resoluci\u00f3, es va intentar desvirtuar i tergiversar la reflexi\u00f3 que v\u00e0rem transmetre davant la resta d&#8217;organitzacions, fet completament reprovable. En aquests moments, hi ha una realitat sindical representativa que, pot agradar m\u00e9s o menys a certs lobbies, per\u00f2 no hi ha m\u00e9s remei que acceptar-la. \u00c9s propi de les democr\u00e0cies poder votar a favor, en contra o abstenir-se amb total llibertat. I aix\u00f2 \u00e9s el que continuarem fent, exercir amb llibertat i intentar representar a tot el col\u00b7lectiu docent que est\u00e0 fart que els de sempre els hi intentin prendre el p\u00e8l.<\/p>\n\n\n\n<p class=\"has-text-align-justify\">Ja ho v\u00e0rem dir i insistim de nou: consideram paper banyat el nou Acord marc. Nosaltres mai hem volgut ser c\u00f2mplices en l&#8217;intent de salvar els mobles als dirigents d&#8217;Educaci\u00f3 que aviat partiran. Tampoc tenia cap sentit aprovar un acord que no estava pressupostat ni en temps ni en forma. Ni tan sols es varen emetre els informes previs necessaris. Cal ser honestos amb el professorat i explicar-los l&#8217;origen i la intenci\u00f3 real d&#8217;aquest acord.<\/p>\n\n\n\n<p class=\"has-text-align-justify\">Ara \u00e9s moment d&#8217;arribar a nous consensos tenint en compte la representativitat sindical real. Sense xantatges a canvi de pau social. Aquests darrers anys, dins Educaci\u00f3, de pau social no n&#8217;hi ha hagut, i els docents aix\u00f2 ho tenim clar. No es pot continuar enganyant al professorat volent aplicar un pacte que mai ha tingut com a finalitat principal la millora de les condicions sociolaborals dels docents. Gran part dels docents ens demanam: quina legitimitat pot tenir un acord que es va cuinar poques setmanes abans d&#8217;unes eleccions i que s&#8217;ha continuat actualitzant i concretant de la m\u00e0 d&#8217;uns pol\u00edtics que es troben en funcions i que prompte hauran d&#8217;abandonar els seus c\u00e0rrecs? Ara, es fa m\u00e9s necessari que mai un canvi de rumb, recuperar tots els drets perduts durant aquests darrers anys, en definitiva, revertir tot el que s&#8217;ha destru\u00eft.<\/p>\n","protected":false},"excerpt":{"rendered":"<p>Ahir v\u00e0rem assistir al Ple de la Junta de Personal Docent no Universitari de Mallorca on s&#8217;havien de debatre i votar dues propostes de resoluci\u00f3: la primera, amb el nostre vot a favor, sobre l&#8217;adhesi\u00f3 a la xarxa de segregaci\u00f3 escolar de Palma; i la segona, amb el nostre vot en contra, sobre reivindicacions per &hellip; <\/p>\n<p class=\"link-more\"><a href=\"https:\/\/www.siau.cat\/index.php\/2023\/06\/15\/siau-vota-en-contra-de-la-proposta-de-resolucio-de-la-junta-de-personal-docent-de-mallorca-adrecada-al-nou-govern-de-les-illes-balears\/\" class=\"more-link\">Continua llegint <span class=\"screen-reader-text\">\u00abSIAU vota en contra de la proposta de resoluci\u00f3 de la Junta de Personal Docent de Mallorca adre\u00e7ada al nou Govern de les Illes Balears\u00bb<\/span><\/a><\/p>\n","protected":false},"author":1,"featured_media":0,"comment_status":"closed","ping_status":"open","sticky":false,"template":"","format":"standard","meta":{"_jetpack_memberships_contains_paid_content":false,"footnotes":""},"categories":[1],"tags":[],"class_list":["post-898","post","type-post","status-publish","format-standard","hentry","category-uncategorized"],"yoast_head":"<!-- This site is optimized with the Yoast SEO plugin v25.4 - https:\/\/yoast.com\/wordpress\/plugins\/seo\/ -->\n<title>SIAU vota en contra de la proposta de resoluci\u00f3 de la Junta de Personal Docent de Mallorca adre\u00e7ada al nou Govern de les Illes Balears &#8212; SIAU - SINDICAT INDEPENDENT, AUT\u00d2NOM I UNITARI<\/title>\n<meta name=\"robots\" content=\"index, follow, max-snippet:-1, max-image-preview:large, max-video-preview:-1\" \/>\n<link rel=\"canonical\" href=\"https:\/\/www.siau.cat\/index.php\/2023\/06\/15\/siau-vota-en-contra-de-la-proposta-de-resolucio-de-la-junta-de-personal-docent-de-mallorca-adrecada-al-nou-govern-de-les-illes-balears\/\" \/>\n<meta property=\"og:locale\" content=\"ca_ES\" \/>\n<meta property=\"og:type\" content=\"article\" \/>\n<meta property=\"og:title\" content=\"SIAU vota en contra de la proposta de resoluci\u00f3 de la Junta de Personal Docent de Mallorca adre\u00e7ada al nou Govern de les Illes Balears &#8212; SIAU - SINDICAT INDEPENDENT, AUT\u00d2NOM I UNITARI\" \/>\n<meta property=\"og:description\" content=\"Ahir v\u00e0rem assistir al Ple de la Junta de Personal Docent no Universitari de Mallorca on s&#8217;havien de debatre i votar dues propostes de resoluci\u00f3: la primera, amb el nostre vot a favor, sobre l&#8217;adhesi\u00f3 a la xarxa de segregaci\u00f3 escolar de Palma; i la segona, amb el nostre vot en contra, sobre reivindicacions per &hellip; Continua llegint \u00abSIAU vota en contra de la proposta de resoluci\u00f3 de la Junta de Personal Docent de Mallorca adre\u00e7ada al nou Govern de les Illes Balears\u00bb\" \/>\n<meta property=\"og:url\" content=\"https:\/\/www.siau.cat\/index.php\/2023\/06\/15\/siau-vota-en-contra-de-la-proposta-de-resolucio-de-la-junta-de-personal-docent-de-mallorca-adrecada-al-nou-govern-de-les-illes-balears\/\" \/>\n<meta property=\"og:site_name\" content=\"SIAU - SINDICAT INDEPENDENT, AUT\u00d2NOM I UNITARI\" \/>\n<meta property=\"article:published_time\" content=\"2023-06-15T08:11:34+00:00\" \/>\n<meta property=\"article:modified_time\" content=\"2023-06-15T08:11:36+00:00\" \/>\n<meta property=\"og:image\" content=\"https:\/\/www.siau.cat\/wp-content\/uploads\/2023\/06\/Imatge-15.06.2023-del-Ple-de-la-JPDnU-de-Mallorca-1024x572.png\" \/>\n<meta name=\"author\" content=\"admin\" \/>\n<meta name=\"twitter:card\" content=\"summary_large_image\" \/>\n<meta name=\"twitter:label1\" content=\"Escrit per\" \/>\n\t<meta name=\"twitter:data1\" content=\"admin\" \/>\n\t<meta name=\"twitter:label2\" content=\"Temps estimat de lectura\" \/>\n\t<meta name=\"twitter:data2\" content=\"6 minuts\" \/>\n<script type=\"application\/ld+json\" class=\"yoast-schema-graph\">{\"@context\":\"https:\/\/schema.org\",\"@graph\":[{\"@type\":\"Article\",\"@id\":\"https:\/\/www.siau.cat\/index.php\/2023\/06\/15\/siau-vota-en-contra-de-la-proposta-de-resolucio-de-la-junta-de-personal-docent-de-mallorca-adrecada-al-nou-govern-de-les-illes-balears\/#article\",\"isPartOf\":{\"@id\":\"https:\/\/www.siau.cat\/index.php\/2023\/06\/15\/siau-vota-en-contra-de-la-proposta-de-resolucio-de-la-junta-de-personal-docent-de-mallorca-adrecada-al-nou-govern-de-les-illes-balears\/\"},\"author\":{\"name\":\"admin\",\"@id\":\"https:\/\/www.siau.cat\/#\/schema\/person\/810c15694a7e538934bb4be53ebcba0d\"},\"headline\":\"SIAU vota en contra de la proposta de resoluci\u00f3 de la Junta de Personal Docent de Mallorca adre\u00e7ada al nou Govern de les Illes Balears\",\"datePublished\":\"2023-06-15T08:11:34+00:00\",\"dateModified\":\"2023-06-15T08:11:36+00:00\",\"mainEntityOfPage\":{\"@id\":\"https:\/\/www.siau.cat\/index.php\/2023\/06\/15\/siau-vota-en-contra-de-la-proposta-de-resolucio-de-la-junta-de-personal-docent-de-mallorca-adrecada-al-nou-govern-de-les-illes-balears\/\"},\"wordCount\":1148,\"publisher\":{\"@id\":\"https:\/\/www.siau.cat\/#organization\"},\"image\":{\"@id\":\"https:\/\/www.siau.cat\/index.php\/2023\/06\/15\/siau-vota-en-contra-de-la-proposta-de-resolucio-de-la-junta-de-personal-docent-de-mallorca-adrecada-al-nou-govern-de-les-illes-balears\/#primaryimage\"},\"thumbnailUrl\":\"https:\/\/www.siau.cat\/wp-content\/uploads\/2023\/06\/Imatge-15.06.2023-del-Ple-de-la-JPDnU-de-Mallorca-1024x572.png\",\"articleSection\":[\"Uncategorized\"],\"inLanguage\":\"ca\"},{\"@type\":\"WebPage\",\"@id\":\"https:\/\/www.siau.cat\/index.php\/2023\/06\/15\/siau-vota-en-contra-de-la-proposta-de-resolucio-de-la-junta-de-personal-docent-de-mallorca-adrecada-al-nou-govern-de-les-illes-balears\/\",\"url\":\"https:\/\/www.siau.cat\/index.php\/2023\/06\/15\/siau-vota-en-contra-de-la-proposta-de-resolucio-de-la-junta-de-personal-docent-de-mallorca-adrecada-al-nou-govern-de-les-illes-balears\/\",\"name\":\"SIAU vota en contra de la proposta de resoluci\u00f3 de la Junta de Personal Docent de Mallorca adre\u00e7ada al nou Govern de les Illes Balears &#8212; SIAU - SINDICAT INDEPENDENT, AUT\u00d2NOM I UNITARI\",\"isPartOf\":{\"@id\":\"https:\/\/www.siau.cat\/#website\"},\"primaryImageOfPage\":{\"@id\":\"https:\/\/www.siau.cat\/index.php\/2023\/06\/15\/siau-vota-en-contra-de-la-proposta-de-resolucio-de-la-junta-de-personal-docent-de-mallorca-adrecada-al-nou-govern-de-les-illes-balears\/#primaryimage\"},\"image\":{\"@id\":\"https:\/\/www.siau.cat\/index.php\/2023\/06\/15\/siau-vota-en-contra-de-la-proposta-de-resolucio-de-la-junta-de-personal-docent-de-mallorca-adrecada-al-nou-govern-de-les-illes-balears\/#primaryimage\"},\"thumbnailUrl\":\"https:\/\/www.siau.cat\/wp-content\/uploads\/2023\/06\/Imatge-15.06.2023-del-Ple-de-la-JPDnU-de-Mallorca-1024x572.png\",\"datePublished\":\"2023-06-15T08:11:34+00:00\",\"dateModified\":\"2023-06-15T08:11:36+00:00\",\"breadcrumb\":{\"@id\":\"https:\/\/www.siau.cat\/index.php\/2023\/06\/15\/siau-vota-en-contra-de-la-proposta-de-resolucio-de-la-junta-de-personal-docent-de-mallorca-adrecada-al-nou-govern-de-les-illes-balears\/#breadcrumb\"},\"inLanguage\":\"ca\",\"potentialAction\":[{\"@type\":\"ReadAction\",\"target\":[\"https:\/\/www.siau.cat\/index.php\/2023\/06\/15\/siau-vota-en-contra-de-la-proposta-de-resolucio-de-la-junta-de-personal-docent-de-mallorca-adrecada-al-nou-govern-de-les-illes-balears\/\"]}]},{\"@type\":\"ImageObject\",\"inLanguage\":\"ca\",\"@id\":\"https:\/\/www.siau.cat\/index.php\/2023\/06\/15\/siau-vota-en-contra-de-la-proposta-de-resolucio-de-la-junta-de-personal-docent-de-mallorca-adrecada-al-nou-govern-de-les-illes-balears\/#primaryimage\",\"url\":\"https:\/\/www.siau.cat\/wp-content\/uploads\/2023\/06\/Imatge-15.06.2023-del-Ple-de-la-JPDnU-de-Mallorca.png\",\"contentUrl\":\"https:\/\/www.siau.cat\/wp-content\/uploads\/2023\/06\/Imatge-15.06.2023-del-Ple-de-la-JPDnU-de-Mallorca.png\",\"width\":1982,\"height\":1108},{\"@type\":\"BreadcrumbList\",\"@id\":\"https:\/\/www.siau.cat\/index.php\/2023\/06\/15\/siau-vota-en-contra-de-la-proposta-de-resolucio-de-la-junta-de-personal-docent-de-mallorca-adrecada-al-nou-govern-de-les-illes-balears\/#breadcrumb\",\"itemListElement\":[{\"@type\":\"ListItem\",\"position\":1,\"name\":\"Inici\",\"item\":\"https:\/\/www.siau.cat\/\"},{\"@type\":\"ListItem\",\"position\":2,\"name\":\"SIAU vota en contra de la proposta de resoluci\u00f3 de la Junta de Personal Docent de Mallorca adre\u00e7ada al nou Govern de les Illes Balears\"}]},{\"@type\":\"WebSite\",\"@id\":\"https:\/\/www.siau.cat\/#website\",\"url\":\"https:\/\/www.siau.cat\/\",\"name\":\"SIAU - SINDICAT INDEPENDENT, AUT\u00d2NOM I UNITARI\",\"description\":\"Ara s&iacute; que tenim la veu\",\"publisher\":{\"@id\":\"https:\/\/www.siau.cat\/#organization\"},\"potentialAction\":[{\"@type\":\"SearchAction\",\"target\":{\"@type\":\"EntryPoint\",\"urlTemplate\":\"https:\/\/www.siau.cat\/?s={search_term_string}\"},\"query-input\":{\"@type\":\"PropertyValueSpecification\",\"valueRequired\":true,\"valueName\":\"search_term_string\"}}],\"inLanguage\":\"ca\"},{\"@type\":\"Organization\",\"@id\":\"https:\/\/www.siau.cat\/#organization\",\"name\":\"SIAU\",\"url\":\"https:\/\/www.siau.cat\/\",\"logo\":{\"@type\":\"ImageObject\",\"inLanguage\":\"ca\",\"@id\":\"https:\/\/www.siau.cat\/#\/schema\/logo\/image\/\",\"url\":\"https:\/\/www.siau.cat\/wp-content\/uploads\/2022\/03\/cropped-resized_LOGO-SIAU-5-e1652020847972.jpg\",\"contentUrl\":\"https:\/\/www.siau.cat\/wp-content\/uploads\/2022\/03\/cropped-resized_LOGO-SIAU-5-e1652020847972.jpg\",\"width\":1600,\"height\":1200,\"caption\":\"SIAU\"},\"image\":{\"@id\":\"https:\/\/www.siau.cat\/#\/schema\/logo\/image\/\"}},{\"@type\":\"Person\",\"@id\":\"https:\/\/www.siau.cat\/#\/schema\/person\/810c15694a7e538934bb4be53ebcba0d\",\"name\":\"admin\",\"image\":{\"@type\":\"ImageObject\",\"inLanguage\":\"ca\",\"@id\":\"https:\/\/www.siau.cat\/#\/schema\/person\/image\/\",\"url\":\"https:\/\/www.siau.cat\/wp-content\/litespeed\/avatar\/d73ebfac3daa0b52552b2ccea63469da.jpg?ver=1777403609\",\"contentUrl\":\"https:\/\/www.siau.cat\/wp-content\/litespeed\/avatar\/d73ebfac3daa0b52552b2ccea63469da.jpg?ver=1777403609\",\"caption\":\"admin\"},\"sameAs\":[\"https:\/\/www.siau.cat\"],\"url\":\"https:\/\/www.siau.cat\/index.php\/author\/admin\/\"}]}<\/script>\n<!-- \/ Yoast SEO plugin. -->","yoast_head_json":{"title":"SIAU vota en contra de la proposta de resoluci\u00f3 de la Junta de Personal Docent de Mallorca adre\u00e7ada al nou Govern de les Illes Balears &#8212; SIAU - SINDICAT INDEPENDENT, AUT\u00d2NOM I UNITARI","robots":{"index":"index","follow":"follow","max-snippet":"max-snippet:-1","max-image-preview":"max-image-preview:large","max-video-preview":"max-video-preview:-1"},"canonical":"https:\/\/www.siau.cat\/index.php\/2023\/06\/15\/siau-vota-en-contra-de-la-proposta-de-resolucio-de-la-junta-de-personal-docent-de-mallorca-adrecada-al-nou-govern-de-les-illes-balears\/","og_locale":"ca_ES","og_type":"article","og_title":"SIAU vota en contra de la proposta de resoluci\u00f3 de la Junta de Personal Docent de Mallorca adre\u00e7ada al nou Govern de les Illes Balears &#8212; SIAU - SINDICAT INDEPENDENT, AUT\u00d2NOM I UNITARI","og_description":"Ahir v\u00e0rem assistir al Ple de la Junta de Personal Docent no Universitari de Mallorca on s&#8217;havien de debatre i votar dues propostes de resoluci\u00f3: la primera, amb el nostre vot a favor, sobre l&#8217;adhesi\u00f3 a la xarxa de segregaci\u00f3 escolar de Palma; i la segona, amb el nostre vot en contra, sobre reivindicacions per &hellip; Continua llegint \u00abSIAU vota en contra de la proposta de resoluci\u00f3 de la Junta de Personal Docent de Mallorca adre\u00e7ada al nou Govern de les Illes Balears\u00bb","og_url":"https:\/\/www.siau.cat\/index.php\/2023\/06\/15\/siau-vota-en-contra-de-la-proposta-de-resolucio-de-la-junta-de-personal-docent-de-mallorca-adrecada-al-nou-govern-de-les-illes-balears\/","og_site_name":"SIAU - SINDICAT INDEPENDENT, AUT\u00d2NOM I UNITARI","article_published_time":"2023-06-15T08:11:34+00:00","article_modified_time":"2023-06-15T08:11:36+00:00","og_image":[{"url":"https:\/\/www.siau.cat\/wp-content\/uploads\/2023\/06\/Imatge-15.06.2023-del-Ple-de-la-JPDnU-de-Mallorca-1024x572.png","type":"","width":"","height":""}],"author":"admin","twitter_card":"summary_large_image","twitter_misc":{"Escrit per":"admin","Temps estimat de lectura":"6 minuts"},"schema":{"@context":"https:\/\/schema.org","@graph":[{"@type":"Article","@id":"https:\/\/www.siau.cat\/index.php\/2023\/06\/15\/siau-vota-en-contra-de-la-proposta-de-resolucio-de-la-junta-de-personal-docent-de-mallorca-adrecada-al-nou-govern-de-les-illes-balears\/#article","isPartOf":{"@id":"https:\/\/www.siau.cat\/index.php\/2023\/06\/15\/siau-vota-en-contra-de-la-proposta-de-resolucio-de-la-junta-de-personal-docent-de-mallorca-adrecada-al-nou-govern-de-les-illes-balears\/"},"author":{"name":"admin","@id":"https:\/\/www.siau.cat\/#\/schema\/person\/810c15694a7e538934bb4be53ebcba0d"},"headline":"SIAU vota en contra de la proposta de resoluci\u00f3 de la Junta de Personal Docent de Mallorca adre\u00e7ada al nou Govern de les Illes Balears","datePublished":"2023-06-15T08:11:34+00:00","dateModified":"2023-06-15T08:11:36+00:00","mainEntityOfPage":{"@id":"https:\/\/www.siau.cat\/index.php\/2023\/06\/15\/siau-vota-en-contra-de-la-proposta-de-resolucio-de-la-junta-de-personal-docent-de-mallorca-adrecada-al-nou-govern-de-les-illes-balears\/"},"wordCount":1148,"publisher":{"@id":"https:\/\/www.siau.cat\/#organization"},"image":{"@id":"https:\/\/www.siau.cat\/index.php\/2023\/06\/15\/siau-vota-en-contra-de-la-proposta-de-resolucio-de-la-junta-de-personal-docent-de-mallorca-adrecada-al-nou-govern-de-les-illes-balears\/#primaryimage"},"thumbnailUrl":"https:\/\/www.siau.cat\/wp-content\/uploads\/2023\/06\/Imatge-15.06.2023-del-Ple-de-la-JPDnU-de-Mallorca-1024x572.png","articleSection":["Uncategorized"],"inLanguage":"ca"},{"@type":"WebPage","@id":"https:\/\/www.siau.cat\/index.php\/2023\/06\/15\/siau-vota-en-contra-de-la-proposta-de-resolucio-de-la-junta-de-personal-docent-de-mallorca-adrecada-al-nou-govern-de-les-illes-balears\/","url":"https:\/\/www.siau.cat\/index.php\/2023\/06\/15\/siau-vota-en-contra-de-la-proposta-de-resolucio-de-la-junta-de-personal-docent-de-mallorca-adrecada-al-nou-govern-de-les-illes-balears\/","name":"SIAU vota en contra de la proposta de resoluci\u00f3 de la Junta de Personal Docent de Mallorca adre\u00e7ada al nou Govern de les Illes Balears &#8212; SIAU - SINDICAT INDEPENDENT, AUT\u00d2NOM I UNITARI","isPartOf":{"@id":"https:\/\/www.siau.cat\/#website"},"primaryImageOfPage":{"@id":"https:\/\/www.siau.cat\/index.php\/2023\/06\/15\/siau-vota-en-contra-de-la-proposta-de-resolucio-de-la-junta-de-personal-docent-de-mallorca-adrecada-al-nou-govern-de-les-illes-balears\/#primaryimage"},"image":{"@id":"https:\/\/www.siau.cat\/index.php\/2023\/06\/15\/siau-vota-en-contra-de-la-proposta-de-resolucio-de-la-junta-de-personal-docent-de-mallorca-adrecada-al-nou-govern-de-les-illes-balears\/#primaryimage"},"thumbnailUrl":"https:\/\/www.siau.cat\/wp-content\/uploads\/2023\/06\/Imatge-15.06.2023-del-Ple-de-la-JPDnU-de-Mallorca-1024x572.png","datePublished":"2023-06-15T08:11:34+00:00","dateModified":"2023-06-15T08:11:36+00:00","breadcrumb":{"@id":"https:\/\/www.siau.cat\/index.php\/2023\/06\/15\/siau-vota-en-contra-de-la-proposta-de-resolucio-de-la-junta-de-personal-docent-de-mallorca-adrecada-al-nou-govern-de-les-illes-balears\/#breadcrumb"},"inLanguage":"ca","potentialAction":[{"@type":"ReadAction","target":["https:\/\/www.siau.cat\/index.php\/2023\/06\/15\/siau-vota-en-contra-de-la-proposta-de-resolucio-de-la-junta-de-personal-docent-de-mallorca-adrecada-al-nou-govern-de-les-illes-balears\/"]}]},{"@type":"ImageObject","inLanguage":"ca","@id":"https:\/\/www.siau.cat\/index.php\/2023\/06\/15\/siau-vota-en-contra-de-la-proposta-de-resolucio-de-la-junta-de-personal-docent-de-mallorca-adrecada-al-nou-govern-de-les-illes-balears\/#primaryimage","url":"https:\/\/www.siau.cat\/wp-content\/uploads\/2023\/06\/Imatge-15.06.2023-del-Ple-de-la-JPDnU-de-Mallorca.png","contentUrl":"https:\/\/www.siau.cat\/wp-content\/uploads\/2023\/06\/Imatge-15.06.2023-del-Ple-de-la-JPDnU-de-Mallorca.png","width":1982,"height":1108},{"@type":"BreadcrumbList","@id":"https:\/\/www.siau.cat\/index.php\/2023\/06\/15\/siau-vota-en-contra-de-la-proposta-de-resolucio-de-la-junta-de-personal-docent-de-mallorca-adrecada-al-nou-govern-de-les-illes-balears\/#breadcrumb","itemListElement":[{"@type":"ListItem","position":1,"name":"Inici","item":"https:\/\/www.siau.cat\/"},{"@type":"ListItem","position":2,"name":"SIAU vota en contra de la proposta de resoluci\u00f3 de la Junta de Personal Docent de Mallorca adre\u00e7ada al nou Govern de les Illes Balears"}]},{"@type":"WebSite","@id":"https:\/\/www.siau.cat\/#website","url":"https:\/\/www.siau.cat\/","name":"SIAU - SINDICAT INDEPENDENT, AUT\u00d2NOM I UNITARI","description":"Ara s&iacute; que tenim la veu","publisher":{"@id":"https:\/\/www.siau.cat\/#organization"},"potentialAction":[{"@type":"SearchAction","target":{"@type":"EntryPoint","urlTemplate":"https:\/\/www.siau.cat\/?s={search_term_string}"},"query-input":{"@type":"PropertyValueSpecification","valueRequired":true,"valueName":"search_term_string"}}],"inLanguage":"ca"},{"@type":"Organization","@id":"https:\/\/www.siau.cat\/#organization","name":"SIAU","url":"https:\/\/www.siau.cat\/","logo":{"@type":"ImageObject","inLanguage":"ca","@id":"https:\/\/www.siau.cat\/#\/schema\/logo\/image\/","url":"https:\/\/www.siau.cat\/wp-content\/uploads\/2022\/03\/cropped-resized_LOGO-SIAU-5-e1652020847972.jpg","contentUrl":"https:\/\/www.siau.cat\/wp-content\/uploads\/2022\/03\/cropped-resized_LOGO-SIAU-5-e1652020847972.jpg","width":1600,"height":1200,"caption":"SIAU"},"image":{"@id":"https:\/\/www.siau.cat\/#\/schema\/logo\/image\/"}},{"@type":"Person","@id":"https:\/\/www.siau.cat\/#\/schema\/person\/810c15694a7e538934bb4be53ebcba0d","name":"admin","image":{"@type":"ImageObject","inLanguage":"ca","@id":"https:\/\/www.siau.cat\/#\/schema\/person\/image\/","url":"https:\/\/www.siau.cat\/wp-content\/litespeed\/avatar\/d73ebfac3daa0b52552b2ccea63469da.jpg?ver=1777403609","contentUrl":"https:\/\/www.siau.cat\/wp-content\/litespeed\/avatar\/d73ebfac3daa0b52552b2ccea63469da.jpg?ver=1777403609","caption":"admin"},"sameAs":["https:\/\/www.siau.cat"],"url":"https:\/\/www.siau.cat\/index.php\/author\/admin\/"}]}},"jetpack_featured_media_url":"","jetpack_sharing_enabled":true,"_links":{"self":[{"href":"https:\/\/www.siau.cat\/index.php\/wp-json\/wp\/v2\/posts\/898","targetHints":{"allow":["GET"]}}],"collection":[{"href":"https:\/\/www.siau.cat\/index.php\/wp-json\/wp\/v2\/posts"}],"about":[{"href":"https:\/\/www.siau.cat\/index.php\/wp-json\/wp\/v2\/types\/post"}],"author":[{"embeddable":true,"href":"https:\/\/www.siau.cat\/index.php\/wp-json\/wp\/v2\/users\/1"}],"replies":[{"embeddable":true,"href":"https:\/\/www.siau.cat\/index.php\/wp-json\/wp\/v2\/comments?post=898"}],"version-history":[{"count":1,"href":"https:\/\/www.siau.cat\/index.php\/wp-json\/wp\/v2\/posts\/898\/revisions"}],"predecessor-version":[{"id":900,"href":"https:\/\/www.siau.cat\/index.php\/wp-json\/wp\/v2\/posts\/898\/revisions\/900"}],"wp:attachment":[{"href":"https:\/\/www.siau.cat\/index.php\/wp-json\/wp\/v2\/media?parent=898"}],"wp:term":[{"taxonomy":"category","embeddable":true,"href":"https:\/\/www.siau.cat\/index.php\/wp-json\/wp\/v2\/categories?post=898"},{"taxonomy":"post_tag","embeddable":true,"href":"https:\/\/www.siau.cat\/index.php\/wp-json\/wp\/v2\/tags?post=898"}],"curies":[{"name":"wp","href":"https:\/\/api.w.org\/{rel}","templated":true}]}}