{"id":901,"date":"2023-06-15T11:28:02","date_gmt":"2023-06-15T11:28:02","guid":{"rendered":"https:\/\/www.siau.cat\/?p=901"},"modified":"2023-06-15T11:31:20","modified_gmt":"2023-06-15T11:31:20","slug":"siau-envia-una-queixa-formal-a-la-junta-de-personal-docent-de-mallorca-pel-comunicat-de-premsa-que-ha-enviat-on-dona-a-entendre-que-siau-no-forma-part-del-ple","status":"publish","type":"post","link":"https:\/\/www.siau.cat\/index.php\/2023\/06\/15\/siau-envia-una-queixa-formal-a-la-junta-de-personal-docent-de-mallorca-pel-comunicat-de-premsa-que-ha-enviat-on-dona-a-entendre-que-siau-no-forma-part-del-ple\/","title":{"rendered":"SIAU envia una queixa formal a la Junta de Personal Docent de Mallorca pel comunicat de premsa que ha enviat on d\u00f3na a entendre que SIAU no forma part del Ple"},"content":{"rendered":"\n<figure class=\"wp-block-image size-large\"><img loading=\"lazy\" decoding=\"async\" width=\"1024\" height=\"527\" src=\"https:\/\/www.siau.cat\/wp-content\/uploads\/2023\/06\/Encapcalament-comunicat-de-premsa-JPDnU-Mallorca-1024x527.png\" alt=\"\" class=\"wp-image-903\" srcset=\"https:\/\/www.siau.cat\/wp-content\/uploads\/2023\/06\/Encapcalament-comunicat-de-premsa-JPDnU-Mallorca-1024x527.png 1024w, https:\/\/www.siau.cat\/wp-content\/uploads\/2023\/06\/Encapcalament-comunicat-de-premsa-JPDnU-Mallorca-350x180.png 350w, https:\/\/www.siau.cat\/wp-content\/uploads\/2023\/06\/Encapcalament-comunicat-de-premsa-JPDnU-Mallorca-300x154.png 300w, https:\/\/www.siau.cat\/wp-content\/uploads\/2023\/06\/Encapcalament-comunicat-de-premsa-JPDnU-Mallorca-768x395.png 768w, https:\/\/www.siau.cat\/wp-content\/uploads\/2023\/06\/Encapcalament-comunicat-de-premsa-JPDnU-Mallorca-1536x790.png 1536w, https:\/\/www.siau.cat\/wp-content\/uploads\/2023\/06\/Encapcalament-comunicat-de-premsa-JPDnU-Mallorca-24x12.png 24w, https:\/\/www.siau.cat\/wp-content\/uploads\/2023\/06\/Encapcalament-comunicat-de-premsa-JPDnU-Mallorca-36x19.png 36w, https:\/\/www.siau.cat\/wp-content\/uploads\/2023\/06\/Encapcalament-comunicat-de-premsa-JPDnU-Mallorca-48x25.png 48w, https:\/\/www.siau.cat\/wp-content\/uploads\/2023\/06\/Encapcalament-comunicat-de-premsa-JPDnU-Mallorca.png 1928w\" sizes=\"auto, (max-width: 767px) 89vw, (max-width: 1000px) 54vw, (max-width: 1071px) 543px, 580px\" \/><figcaption class=\"wp-element-caption\">Encap\u00e7alament que la JPDnU de Mallorca ha enviat als mitjans de comunicaci\u00f3<\/figcaption><\/figure>\n\n\n\n<p class=\"has-text-align-justify\">En el comunicat de premsa que s\u2019ha enviat des de la Junta, es dona a entendre que el Ple de la Junta de Personal Docent no Universitari de Mallorca est\u00e0 format per 6 sindicats i que SIAU no en forma part. \u00c9s un redactat que porta a una interpretaci\u00f3 totalment err\u00f2nia. SIAU forma part del Ple de la Junta de Personal Docent de Mallorca com a tercera for\u00e7a representativa (tant en nombre de representants com de vots), igual que forma part de la resta de Juntes de Personal Docent. I com hem comunicat avui mat\u00ed, v\u00e0rem votar en contra de la proposta de resoluci\u00f3 que es vol enviar al futur Govern de les Illes Balears. A la fotografia adjunta veureu l\u2019encap\u00e7alament que s\u2019ha enviat als mitjans de comunicaci\u00f3 perqu\u00e8 cadasc\u00fa jutgi per ell mateix. Informam que tamb\u00e9 votarem en contra de la proposta esmentada a la resta de Juntes de Personal Docent. En els temps que ens trobam \u00e9s in\u00fatil intentar censurar la informaci\u00f3.<\/p>\n","protected":false},"excerpt":{"rendered":"<p>En el comunicat de premsa que s\u2019ha enviat des de la Junta, es dona a entendre que el Ple de la Junta de Personal Docent no Universitari de Mallorca est\u00e0 format per 6 sindicats i que SIAU no en forma part. \u00c9s un redactat que porta a una interpretaci\u00f3 totalment err\u00f2nia. SIAU forma part del &hellip; <\/p>\n<p class=\"link-more\"><a href=\"https:\/\/www.siau.cat\/index.php\/2023\/06\/15\/siau-envia-una-queixa-formal-a-la-junta-de-personal-docent-de-mallorca-pel-comunicat-de-premsa-que-ha-enviat-on-dona-a-entendre-que-siau-no-forma-part-del-ple\/\" class=\"more-link\">Continua llegint <span class=\"screen-reader-text\">\u00abSIAU envia una queixa formal a la Junta de Personal Docent de Mallorca pel comunicat de premsa que ha enviat on d\u00f3na a entendre que SIAU no forma part del Ple\u00bb<\/span><\/a><\/p>\n","protected":false},"author":1,"featured_media":0,"comment_status":"closed","ping_status":"open","sticky":false,"template":"","format":"standard","meta":{"_jetpack_memberships_contains_paid_content":false,"footnotes":""},"categories":[1],"tags":[],"class_list":["post-901","post","type-post","status-publish","format-standard","hentry","category-uncategorized"],"yoast_head":"<!-- This site is optimized with the Yoast SEO plugin v25.4 - https:\/\/yoast.com\/wordpress\/plugins\/seo\/ -->\n<title>SIAU envia una queixa formal a la Junta de Personal Docent de Mallorca pel comunicat de premsa que ha enviat on d\u00f3na a entendre que SIAU no forma part del Ple &#8212; SIAU - SINDICAT INDEPENDENT, AUT\u00d2NOM I UNITARI<\/title>\n<meta name=\"robots\" content=\"index, follow, max-snippet:-1, max-image-preview:large, max-video-preview:-1\" \/>\n<link rel=\"canonical\" href=\"https:\/\/www.siau.cat\/index.php\/2023\/06\/15\/siau-envia-una-queixa-formal-a-la-junta-de-personal-docent-de-mallorca-pel-comunicat-de-premsa-que-ha-enviat-on-dona-a-entendre-que-siau-no-forma-part-del-ple\/\" \/>\n<meta property=\"og:locale\" content=\"ca_ES\" \/>\n<meta property=\"og:type\" content=\"article\" \/>\n<meta property=\"og:title\" content=\"SIAU envia una queixa formal a la Junta de Personal Docent de Mallorca pel comunicat de premsa que ha enviat on d\u00f3na a entendre que SIAU no forma part del Ple &#8212; SIAU - SINDICAT INDEPENDENT, AUT\u00d2NOM I UNITARI\" \/>\n<meta property=\"og:description\" content=\"En el comunicat de premsa que s\u2019ha enviat des de la Junta, es dona a entendre que el Ple de la Junta de Personal Docent no Universitari de Mallorca est\u00e0 format per 6 sindicats i que SIAU no en forma part. \u00c9s un redactat que porta a una interpretaci\u00f3 totalment err\u00f2nia. SIAU forma part del &hellip; Continua llegint \u00abSIAU envia una queixa formal a la Junta de Personal Docent de Mallorca pel comunicat de premsa que ha enviat on d\u00f3na a entendre que SIAU no forma part del Ple\u00bb\" \/>\n<meta property=\"og:url\" content=\"https:\/\/www.siau.cat\/index.php\/2023\/06\/15\/siau-envia-una-queixa-formal-a-la-junta-de-personal-docent-de-mallorca-pel-comunicat-de-premsa-que-ha-enviat-on-dona-a-entendre-que-siau-no-forma-part-del-ple\/\" \/>\n<meta property=\"og:site_name\" content=\"SIAU - SINDICAT INDEPENDENT, AUT\u00d2NOM I UNITARI\" \/>\n<meta property=\"article:published_time\" content=\"2023-06-15T11:28:02+00:00\" \/>\n<meta property=\"article:modified_time\" content=\"2023-06-15T11:31:20+00:00\" \/>\n<meta property=\"og:image\" content=\"https:\/\/www.siau.cat\/wp-content\/uploads\/2023\/06\/Encapcalament-comunicat-de-premsa-JPDnU-Mallorca-1024x527.png\" \/>\n<meta name=\"author\" content=\"admin\" \/>\n<meta name=\"twitter:card\" content=\"summary_large_image\" \/>\n<meta name=\"twitter:label1\" content=\"Escrit per\" \/>\n\t<meta name=\"twitter:data1\" content=\"admin\" \/>\n\t<meta name=\"twitter:label2\" content=\"Temps estimat de lectura\" \/>\n\t<meta name=\"twitter:data2\" content=\"2 minuts\" \/>\n<script type=\"application\/ld+json\" class=\"yoast-schema-graph\">{\"@context\":\"https:\/\/schema.org\",\"@graph\":[{\"@type\":\"Article\",\"@id\":\"https:\/\/www.siau.cat\/index.php\/2023\/06\/15\/siau-envia-una-queixa-formal-a-la-junta-de-personal-docent-de-mallorca-pel-comunicat-de-premsa-que-ha-enviat-on-dona-a-entendre-que-siau-no-forma-part-del-ple\/#article\",\"isPartOf\":{\"@id\":\"https:\/\/www.siau.cat\/index.php\/2023\/06\/15\/siau-envia-una-queixa-formal-a-la-junta-de-personal-docent-de-mallorca-pel-comunicat-de-premsa-que-ha-enviat-on-dona-a-entendre-que-siau-no-forma-part-del-ple\/\"},\"author\":{\"name\":\"admin\",\"@id\":\"https:\/\/www.siau.cat\/#\/schema\/person\/810c15694a7e538934bb4be53ebcba0d\"},\"headline\":\"SIAU envia una queixa formal a la Junta de Personal Docent de Mallorca pel comunicat de premsa que ha enviat on d\u00f3na a entendre que SIAU no forma part del Ple\",\"datePublished\":\"2023-06-15T11:28:02+00:00\",\"dateModified\":\"2023-06-15T11:31:20+00:00\",\"mainEntityOfPage\":{\"@id\":\"https:\/\/www.siau.cat\/index.php\/2023\/06\/15\/siau-envia-una-queixa-formal-a-la-junta-de-personal-docent-de-mallorca-pel-comunicat-de-premsa-que-ha-enviat-on-dona-a-entendre-que-siau-no-forma-part-del-ple\/\"},\"wordCount\":216,\"publisher\":{\"@id\":\"https:\/\/www.siau.cat\/#organization\"},\"image\":{\"@id\":\"https:\/\/www.siau.cat\/index.php\/2023\/06\/15\/siau-envia-una-queixa-formal-a-la-junta-de-personal-docent-de-mallorca-pel-comunicat-de-premsa-que-ha-enviat-on-dona-a-entendre-que-siau-no-forma-part-del-ple\/#primaryimage\"},\"thumbnailUrl\":\"https:\/\/www.siau.cat\/wp-content\/uploads\/2023\/06\/Encapcalament-comunicat-de-premsa-JPDnU-Mallorca-1024x527.png\",\"articleSection\":[\"Uncategorized\"],\"inLanguage\":\"ca\"},{\"@type\":\"WebPage\",\"@id\":\"https:\/\/www.siau.cat\/index.php\/2023\/06\/15\/siau-envia-una-queixa-formal-a-la-junta-de-personal-docent-de-mallorca-pel-comunicat-de-premsa-que-ha-enviat-on-dona-a-entendre-que-siau-no-forma-part-del-ple\/\",\"url\":\"https:\/\/www.siau.cat\/index.php\/2023\/06\/15\/siau-envia-una-queixa-formal-a-la-junta-de-personal-docent-de-mallorca-pel-comunicat-de-premsa-que-ha-enviat-on-dona-a-entendre-que-siau-no-forma-part-del-ple\/\",\"name\":\"SIAU envia una queixa formal a la Junta de Personal Docent de Mallorca pel comunicat de premsa que ha enviat on d\u00f3na a entendre que SIAU no forma part del Ple &#8212; SIAU - SINDICAT INDEPENDENT, AUT\u00d2NOM I UNITARI\",\"isPartOf\":{\"@id\":\"https:\/\/www.siau.cat\/#website\"},\"primaryImageOfPage\":{\"@id\":\"https:\/\/www.siau.cat\/index.php\/2023\/06\/15\/siau-envia-una-queixa-formal-a-la-junta-de-personal-docent-de-mallorca-pel-comunicat-de-premsa-que-ha-enviat-on-dona-a-entendre-que-siau-no-forma-part-del-ple\/#primaryimage\"},\"image\":{\"@id\":\"https:\/\/www.siau.cat\/index.php\/2023\/06\/15\/siau-envia-una-queixa-formal-a-la-junta-de-personal-docent-de-mallorca-pel-comunicat-de-premsa-que-ha-enviat-on-dona-a-entendre-que-siau-no-forma-part-del-ple\/#primaryimage\"},\"thumbnailUrl\":\"https:\/\/www.siau.cat\/wp-content\/uploads\/2023\/06\/Encapcalament-comunicat-de-premsa-JPDnU-Mallorca-1024x527.png\",\"datePublished\":\"2023-06-15T11:28:02+00:00\",\"dateModified\":\"2023-06-15T11:31:20+00:00\",\"breadcrumb\":{\"@id\":\"https:\/\/www.siau.cat\/index.php\/2023\/06\/15\/siau-envia-una-queixa-formal-a-la-junta-de-personal-docent-de-mallorca-pel-comunicat-de-premsa-que-ha-enviat-on-dona-a-entendre-que-siau-no-forma-part-del-ple\/#breadcrumb\"},\"inLanguage\":\"ca\",\"potentialAction\":[{\"@type\":\"ReadAction\",\"target\":[\"https:\/\/www.siau.cat\/index.php\/2023\/06\/15\/siau-envia-una-queixa-formal-a-la-junta-de-personal-docent-de-mallorca-pel-comunicat-de-premsa-que-ha-enviat-on-dona-a-entendre-que-siau-no-forma-part-del-ple\/\"]}]},{\"@type\":\"ImageObject\",\"inLanguage\":\"ca\",\"@id\":\"https:\/\/www.siau.cat\/index.php\/2023\/06\/15\/siau-envia-una-queixa-formal-a-la-junta-de-personal-docent-de-mallorca-pel-comunicat-de-premsa-que-ha-enviat-on-dona-a-entendre-que-siau-no-forma-part-del-ple\/#primaryimage\",\"url\":\"https:\/\/www.siau.cat\/wp-content\/uploads\/2023\/06\/Encapcalament-comunicat-de-premsa-JPDnU-Mallorca.png\",\"contentUrl\":\"https:\/\/www.siau.cat\/wp-content\/uploads\/2023\/06\/Encapcalament-comunicat-de-premsa-JPDnU-Mallorca.png\",\"width\":1928,\"height\":992},{\"@type\":\"BreadcrumbList\",\"@id\":\"https:\/\/www.siau.cat\/index.php\/2023\/06\/15\/siau-envia-una-queixa-formal-a-la-junta-de-personal-docent-de-mallorca-pel-comunicat-de-premsa-que-ha-enviat-on-dona-a-entendre-que-siau-no-forma-part-del-ple\/#breadcrumb\",\"itemListElement\":[{\"@type\":\"ListItem\",\"position\":1,\"name\":\"Inici\",\"item\":\"https:\/\/www.siau.cat\/\"},{\"@type\":\"ListItem\",\"position\":2,\"name\":\"SIAU envia una queixa formal a la Junta de Personal Docent de Mallorca pel comunicat de premsa que ha enviat on d\u00f3na a entendre que SIAU no forma part del Ple\"}]},{\"@type\":\"WebSite\",\"@id\":\"https:\/\/www.siau.cat\/#website\",\"url\":\"https:\/\/www.siau.cat\/\",\"name\":\"SIAU - SINDICAT INDEPENDENT, AUT\u00d2NOM I UNITARI\",\"description\":\"Ara s&iacute; que tenim la veu\",\"publisher\":{\"@id\":\"https:\/\/www.siau.cat\/#organization\"},\"potentialAction\":[{\"@type\":\"SearchAction\",\"target\":{\"@type\":\"EntryPoint\",\"urlTemplate\":\"https:\/\/www.siau.cat\/?s={search_term_string}\"},\"query-input\":{\"@type\":\"PropertyValueSpecification\",\"valueRequired\":true,\"valueName\":\"search_term_string\"}}],\"inLanguage\":\"ca\"},{\"@type\":\"Organization\",\"@id\":\"https:\/\/www.siau.cat\/#organization\",\"name\":\"SIAU\",\"url\":\"https:\/\/www.siau.cat\/\",\"logo\":{\"@type\":\"ImageObject\",\"inLanguage\":\"ca\",\"@id\":\"https:\/\/www.siau.cat\/#\/schema\/logo\/image\/\",\"url\":\"https:\/\/www.siau.cat\/wp-content\/uploads\/2022\/03\/cropped-resized_LOGO-SIAU-5-e1652020847972.jpg\",\"contentUrl\":\"https:\/\/www.siau.cat\/wp-content\/uploads\/2022\/03\/cropped-resized_LOGO-SIAU-5-e1652020847972.jpg\",\"width\":1600,\"height\":1200,\"caption\":\"SIAU\"},\"image\":{\"@id\":\"https:\/\/www.siau.cat\/#\/schema\/logo\/image\/\"}},{\"@type\":\"Person\",\"@id\":\"https:\/\/www.siau.cat\/#\/schema\/person\/810c15694a7e538934bb4be53ebcba0d\",\"name\":\"admin\",\"image\":{\"@type\":\"ImageObject\",\"inLanguage\":\"ca\",\"@id\":\"https:\/\/www.siau.cat\/#\/schema\/person\/image\/\",\"url\":\"https:\/\/www.siau.cat\/wp-content\/litespeed\/avatar\/d73ebfac3daa0b52552b2ccea63469da.jpg?ver=1777403609\",\"contentUrl\":\"https:\/\/www.siau.cat\/wp-content\/litespeed\/avatar\/d73ebfac3daa0b52552b2ccea63469da.jpg?ver=1777403609\",\"caption\":\"admin\"},\"sameAs\":[\"https:\/\/www.siau.cat\"],\"url\":\"https:\/\/www.siau.cat\/index.php\/author\/admin\/\"}]}<\/script>\n<!-- \/ Yoast SEO plugin. -->","yoast_head_json":{"title":"SIAU envia una queixa formal a la Junta de Personal Docent de Mallorca pel comunicat de premsa que ha enviat on d\u00f3na a entendre que SIAU no forma part del Ple &#8212; SIAU - SINDICAT INDEPENDENT, AUT\u00d2NOM I UNITARI","robots":{"index":"index","follow":"follow","max-snippet":"max-snippet:-1","max-image-preview":"max-image-preview:large","max-video-preview":"max-video-preview:-1"},"canonical":"https:\/\/www.siau.cat\/index.php\/2023\/06\/15\/siau-envia-una-queixa-formal-a-la-junta-de-personal-docent-de-mallorca-pel-comunicat-de-premsa-que-ha-enviat-on-dona-a-entendre-que-siau-no-forma-part-del-ple\/","og_locale":"ca_ES","og_type":"article","og_title":"SIAU envia una queixa formal a la Junta de Personal Docent de Mallorca pel comunicat de premsa que ha enviat on d\u00f3na a entendre que SIAU no forma part del Ple &#8212; SIAU - SINDICAT INDEPENDENT, AUT\u00d2NOM I UNITARI","og_description":"En el comunicat de premsa que s\u2019ha enviat des de la Junta, es dona a entendre que el Ple de la Junta de Personal Docent no Universitari de Mallorca est\u00e0 format per 6 sindicats i que SIAU no en forma part. \u00c9s un redactat que porta a una interpretaci\u00f3 totalment err\u00f2nia. SIAU forma part del &hellip; Continua llegint \u00abSIAU envia una queixa formal a la Junta de Personal Docent de Mallorca pel comunicat de premsa que ha enviat on d\u00f3na a entendre que SIAU no forma part del Ple\u00bb","og_url":"https:\/\/www.siau.cat\/index.php\/2023\/06\/15\/siau-envia-una-queixa-formal-a-la-junta-de-personal-docent-de-mallorca-pel-comunicat-de-premsa-que-ha-enviat-on-dona-a-entendre-que-siau-no-forma-part-del-ple\/","og_site_name":"SIAU - SINDICAT INDEPENDENT, AUT\u00d2NOM I UNITARI","article_published_time":"2023-06-15T11:28:02+00:00","article_modified_time":"2023-06-15T11:31:20+00:00","og_image":[{"url":"https:\/\/www.siau.cat\/wp-content\/uploads\/2023\/06\/Encapcalament-comunicat-de-premsa-JPDnU-Mallorca-1024x527.png","type":"","width":"","height":""}],"author":"admin","twitter_card":"summary_large_image","twitter_misc":{"Escrit per":"admin","Temps estimat de lectura":"2 minuts"},"schema":{"@context":"https:\/\/schema.org","@graph":[{"@type":"Article","@id":"https:\/\/www.siau.cat\/index.php\/2023\/06\/15\/siau-envia-una-queixa-formal-a-la-junta-de-personal-docent-de-mallorca-pel-comunicat-de-premsa-que-ha-enviat-on-dona-a-entendre-que-siau-no-forma-part-del-ple\/#article","isPartOf":{"@id":"https:\/\/www.siau.cat\/index.php\/2023\/06\/15\/siau-envia-una-queixa-formal-a-la-junta-de-personal-docent-de-mallorca-pel-comunicat-de-premsa-que-ha-enviat-on-dona-a-entendre-que-siau-no-forma-part-del-ple\/"},"author":{"name":"admin","@id":"https:\/\/www.siau.cat\/#\/schema\/person\/810c15694a7e538934bb4be53ebcba0d"},"headline":"SIAU envia una queixa formal a la Junta de Personal Docent de Mallorca pel comunicat de premsa que ha enviat on d\u00f3na a entendre que SIAU no forma part del Ple","datePublished":"2023-06-15T11:28:02+00:00","dateModified":"2023-06-15T11:31:20+00:00","mainEntityOfPage":{"@id":"https:\/\/www.siau.cat\/index.php\/2023\/06\/15\/siau-envia-una-queixa-formal-a-la-junta-de-personal-docent-de-mallorca-pel-comunicat-de-premsa-que-ha-enviat-on-dona-a-entendre-que-siau-no-forma-part-del-ple\/"},"wordCount":216,"publisher":{"@id":"https:\/\/www.siau.cat\/#organization"},"image":{"@id":"https:\/\/www.siau.cat\/index.php\/2023\/06\/15\/siau-envia-una-queixa-formal-a-la-junta-de-personal-docent-de-mallorca-pel-comunicat-de-premsa-que-ha-enviat-on-dona-a-entendre-que-siau-no-forma-part-del-ple\/#primaryimage"},"thumbnailUrl":"https:\/\/www.siau.cat\/wp-content\/uploads\/2023\/06\/Encapcalament-comunicat-de-premsa-JPDnU-Mallorca-1024x527.png","articleSection":["Uncategorized"],"inLanguage":"ca"},{"@type":"WebPage","@id":"https:\/\/www.siau.cat\/index.php\/2023\/06\/15\/siau-envia-una-queixa-formal-a-la-junta-de-personal-docent-de-mallorca-pel-comunicat-de-premsa-que-ha-enviat-on-dona-a-entendre-que-siau-no-forma-part-del-ple\/","url":"https:\/\/www.siau.cat\/index.php\/2023\/06\/15\/siau-envia-una-queixa-formal-a-la-junta-de-personal-docent-de-mallorca-pel-comunicat-de-premsa-que-ha-enviat-on-dona-a-entendre-que-siau-no-forma-part-del-ple\/","name":"SIAU envia una queixa formal a la Junta de Personal Docent de Mallorca pel comunicat de premsa que ha enviat on d\u00f3na a entendre que SIAU no forma part del Ple &#8212; SIAU - SINDICAT INDEPENDENT, AUT\u00d2NOM I UNITARI","isPartOf":{"@id":"https:\/\/www.siau.cat\/#website"},"primaryImageOfPage":{"@id":"https:\/\/www.siau.cat\/index.php\/2023\/06\/15\/siau-envia-una-queixa-formal-a-la-junta-de-personal-docent-de-mallorca-pel-comunicat-de-premsa-que-ha-enviat-on-dona-a-entendre-que-siau-no-forma-part-del-ple\/#primaryimage"},"image":{"@id":"https:\/\/www.siau.cat\/index.php\/2023\/06\/15\/siau-envia-una-queixa-formal-a-la-junta-de-personal-docent-de-mallorca-pel-comunicat-de-premsa-que-ha-enviat-on-dona-a-entendre-que-siau-no-forma-part-del-ple\/#primaryimage"},"thumbnailUrl":"https:\/\/www.siau.cat\/wp-content\/uploads\/2023\/06\/Encapcalament-comunicat-de-premsa-JPDnU-Mallorca-1024x527.png","datePublished":"2023-06-15T11:28:02+00:00","dateModified":"2023-06-15T11:31:20+00:00","breadcrumb":{"@id":"https:\/\/www.siau.cat\/index.php\/2023\/06\/15\/siau-envia-una-queixa-formal-a-la-junta-de-personal-docent-de-mallorca-pel-comunicat-de-premsa-que-ha-enviat-on-dona-a-entendre-que-siau-no-forma-part-del-ple\/#breadcrumb"},"inLanguage":"ca","potentialAction":[{"@type":"ReadAction","target":["https:\/\/www.siau.cat\/index.php\/2023\/06\/15\/siau-envia-una-queixa-formal-a-la-junta-de-personal-docent-de-mallorca-pel-comunicat-de-premsa-que-ha-enviat-on-dona-a-entendre-que-siau-no-forma-part-del-ple\/"]}]},{"@type":"ImageObject","inLanguage":"ca","@id":"https:\/\/www.siau.cat\/index.php\/2023\/06\/15\/siau-envia-una-queixa-formal-a-la-junta-de-personal-docent-de-mallorca-pel-comunicat-de-premsa-que-ha-enviat-on-dona-a-entendre-que-siau-no-forma-part-del-ple\/#primaryimage","url":"https:\/\/www.siau.cat\/wp-content\/uploads\/2023\/06\/Encapcalament-comunicat-de-premsa-JPDnU-Mallorca.png","contentUrl":"https:\/\/www.siau.cat\/wp-content\/uploads\/2023\/06\/Encapcalament-comunicat-de-premsa-JPDnU-Mallorca.png","width":1928,"height":992},{"@type":"BreadcrumbList","@id":"https:\/\/www.siau.cat\/index.php\/2023\/06\/15\/siau-envia-una-queixa-formal-a-la-junta-de-personal-docent-de-mallorca-pel-comunicat-de-premsa-que-ha-enviat-on-dona-a-entendre-que-siau-no-forma-part-del-ple\/#breadcrumb","itemListElement":[{"@type":"ListItem","position":1,"name":"Inici","item":"https:\/\/www.siau.cat\/"},{"@type":"ListItem","position":2,"name":"SIAU envia una queixa formal a la Junta de Personal Docent de Mallorca pel comunicat de premsa que ha enviat on d\u00f3na a entendre que SIAU no forma part del Ple"}]},{"@type":"WebSite","@id":"https:\/\/www.siau.cat\/#website","url":"https:\/\/www.siau.cat\/","name":"SIAU - SINDICAT INDEPENDENT, AUT\u00d2NOM I UNITARI","description":"Ara s&iacute; que tenim la veu","publisher":{"@id":"https:\/\/www.siau.cat\/#organization"},"potentialAction":[{"@type":"SearchAction","target":{"@type":"EntryPoint","urlTemplate":"https:\/\/www.siau.cat\/?s={search_term_string}"},"query-input":{"@type":"PropertyValueSpecification","valueRequired":true,"valueName":"search_term_string"}}],"inLanguage":"ca"},{"@type":"Organization","@id":"https:\/\/www.siau.cat\/#organization","name":"SIAU","url":"https:\/\/www.siau.cat\/","logo":{"@type":"ImageObject","inLanguage":"ca","@id":"https:\/\/www.siau.cat\/#\/schema\/logo\/image\/","url":"https:\/\/www.siau.cat\/wp-content\/uploads\/2022\/03\/cropped-resized_LOGO-SIAU-5-e1652020847972.jpg","contentUrl":"https:\/\/www.siau.cat\/wp-content\/uploads\/2022\/03\/cropped-resized_LOGO-SIAU-5-e1652020847972.jpg","width":1600,"height":1200,"caption":"SIAU"},"image":{"@id":"https:\/\/www.siau.cat\/#\/schema\/logo\/image\/"}},{"@type":"Person","@id":"https:\/\/www.siau.cat\/#\/schema\/person\/810c15694a7e538934bb4be53ebcba0d","name":"admin","image":{"@type":"ImageObject","inLanguage":"ca","@id":"https:\/\/www.siau.cat\/#\/schema\/person\/image\/","url":"https:\/\/www.siau.cat\/wp-content\/litespeed\/avatar\/d73ebfac3daa0b52552b2ccea63469da.jpg?ver=1777403609","contentUrl":"https:\/\/www.siau.cat\/wp-content\/litespeed\/avatar\/d73ebfac3daa0b52552b2ccea63469da.jpg?ver=1777403609","caption":"admin"},"sameAs":["https:\/\/www.siau.cat"],"url":"https:\/\/www.siau.cat\/index.php\/author\/admin\/"}]}},"jetpack_featured_media_url":"","jetpack_sharing_enabled":true,"_links":{"self":[{"href":"https:\/\/www.siau.cat\/index.php\/wp-json\/wp\/v2\/posts\/901","targetHints":{"allow":["GET"]}}],"collection":[{"href":"https:\/\/www.siau.cat\/index.php\/wp-json\/wp\/v2\/posts"}],"about":[{"href":"https:\/\/www.siau.cat\/index.php\/wp-json\/wp\/v2\/types\/post"}],"author":[{"embeddable":true,"href":"https:\/\/www.siau.cat\/index.php\/wp-json\/wp\/v2\/users\/1"}],"replies":[{"embeddable":true,"href":"https:\/\/www.siau.cat\/index.php\/wp-json\/wp\/v2\/comments?post=901"}],"version-history":[{"count":2,"href":"https:\/\/www.siau.cat\/index.php\/wp-json\/wp\/v2\/posts\/901\/revisions"}],"predecessor-version":[{"id":905,"href":"https:\/\/www.siau.cat\/index.php\/wp-json\/wp\/v2\/posts\/901\/revisions\/905"}],"wp:attachment":[{"href":"https:\/\/www.siau.cat\/index.php\/wp-json\/wp\/v2\/media?parent=901"}],"wp:term":[{"taxonomy":"category","embeddable":true,"href":"https:\/\/www.siau.cat\/index.php\/wp-json\/wp\/v2\/categories?post=901"},{"taxonomy":"post_tag","embeddable":true,"href":"https:\/\/www.siau.cat\/index.php\/wp-json\/wp\/v2\/tags?post=901"}],"curies":[{"name":"wp","href":"https:\/\/api.w.org\/{rel}","templated":true}]}}