{"id":906,"date":"2023-06-17T10:50:56","date_gmt":"2023-06-17T10:50:56","guid":{"rendered":"https:\/\/www.siau.cat\/?p=906"},"modified":"2023-06-17T10:50:58","modified_gmt":"2023-06-17T10:50:58","slug":"siau-recorrera-la-darrera-sentencia-rebuda-que-es-contraria-al-nostre-posicionament-i-al-de-la-fiscalia","status":"publish","type":"post","link":"https:\/\/www.siau.cat\/index.php\/2023\/06\/17\/siau-recorrera-la-darrera-sentencia-rebuda-que-es-contraria-al-nostre-posicionament-i-al-de-la-fiscalia\/","title":{"rendered":"SIAU recorrer\u00e0 la darrera sent\u00e8ncia rebuda que \u00e9s contr\u00e0ria al nostre posicionament i al de la Fiscalia"},"content":{"rendered":"\n<figure class=\"wp-block-image size-large\"><img loading=\"lazy\" decoding=\"async\" width=\"1024\" height=\"1024\" src=\"https:\/\/www.siau.cat\/wp-content\/uploads\/2023\/06\/recorrerem-1-1024x1024.png\" alt=\"\" class=\"wp-image-908\" srcset=\"https:\/\/www.siau.cat\/wp-content\/uploads\/2023\/06\/recorrerem-1-1024x1024.png 1024w, https:\/\/www.siau.cat\/wp-content\/uploads\/2023\/06\/recorrerem-1-250x250.png 250w, https:\/\/www.siau.cat\/wp-content\/uploads\/2023\/06\/recorrerem-1-100x100.png 100w, https:\/\/www.siau.cat\/wp-content\/uploads\/2023\/06\/recorrerem-1-350x350.png 350w, https:\/\/www.siau.cat\/wp-content\/uploads\/2023\/06\/recorrerem-1-300x300.png 300w, https:\/\/www.siau.cat\/wp-content\/uploads\/2023\/06\/recorrerem-1-150x150.png 150w, https:\/\/www.siau.cat\/wp-content\/uploads\/2023\/06\/recorrerem-1-768x768.png 768w, https:\/\/www.siau.cat\/wp-content\/uploads\/2023\/06\/recorrerem-1-24x24.png 24w, https:\/\/www.siau.cat\/wp-content\/uploads\/2023\/06\/recorrerem-1-36x36.png 36w, https:\/\/www.siau.cat\/wp-content\/uploads\/2023\/06\/recorrerem-1-48x48.png 48w, https:\/\/www.siau.cat\/wp-content\/uploads\/2023\/06\/recorrerem-1.png 1142w\" sizes=\"auto, (max-width: 767px) 89vw, (max-width: 1000px) 54vw, (max-width: 1071px) 543px, 580px\" \/><\/figure>\n\n\n\n<p class=\"has-text-align-justify\">Ahir v\u00e0rem rebre una sent\u00e8ncia que consideram inaudita i que anunciam p\u00fablicament que recorrerem, arribant, si cal, fins al Tribunal Constitucional. La sent\u00e8ncia, contr\u00e0ria al nostre posicionament i al de la Fiscalia, considera que no s\u2019ha vulnerat el nostre dret fonamental a la llibertat sindical per haver-nos impedit gaudir d\u2019alliberats sindicals fins a l\u20191 de setembre de 2023. La sent\u00e8ncia obvia per complet un fet tan important com han sigut les eleccions de dia 1 de desembre de 2022, \u00abamb la conseq\u00fc\u00e8ncia que els representants sindicals escollits han de poder exercir amb plenitud els seus drets sindicals en tots els \u00e0mbits i des del mateix moment d\u2019entrar en l\u2019exercici del seu mandat, ja que la demora imposada per l\u2019Administraci\u00f3 els priva de les seves garanties i drets sindicals recollits a la legislaci\u00f3 vigent\u00bb, en paraules textuals de la mateixa Fiscalia. I el m\u00e9s greu de tot \u00e9s que s\u2019aplica un criteri completament arbitrari cap a SIAU, pel fet que mentre la nostra formaci\u00f3 sindical \u00e9s obligada a nom\u00e9s poder gaudir d\u2019alliberats amb durada del curs escolar sencer, a altres sindicats se\u2019ls ha estat concedint durant tots aquests darrers anys alliberats fora de la durada de tot el curs escolar; fins i tot la mateixa Conselleria ha estat reclamant docents despr\u00e9s de l\u2019inici del curs escolar, amb la conseq\u00fc\u00e8ncia que havien d\u2019abandonar la doc\u00e8ncia a mitjan curs. Com \u00e9s possible qu\u00e8 la nostra organitzaci\u00f3 hagi de complir un criteri (que els alliberats hagin de durar tot un curs escolar) completament contrari al de la resta de sindicats i mateixa Conselleria? Els dies 6 i 8 de juny v\u00e0rem rebre dues resolucions del secretari general d\u2019Educaci\u00f3 on reconeixia que a altres sindicats se\u2019ls hi han concedit alliberats sense durada de tot el curs escolar, i que ha succe\u00eft el mateix amb treballadors que passaven a desenvolupar les seves tasques dins la Conselleria. Curiosament, a la informaci\u00f3 que reb\u00e9rem a principis de juny tamb\u00e9 hi manquen altres alliberats sindicals que des de SIAU sabem, amb total certesa, que la Conselleria conced\u00ed a mitjan curs escolar. No podem acceptar, de cap de les maneres, que es digui que el criteri que se\u2019ns aplica a nosaltres sigui \u00abper evitar l\u2019afectaci\u00f3 que aquests canvis causarien a la comunitat escolar de produir-se en ple curs lectiu\u00bb, quan no s\u2019aplica a tota la resta d\u2019organitzacions o entitats. Aquesta doble vara de mesurar per part de l\u2019administraci\u00f3 no t\u00e9 defensa alguna i, per aix\u00f2 i la resta de motius de pes, tenim clar que recorrerem contra aquesta sent\u00e8ncia.<\/p>\n\n\n\n<p class=\"has-text-align-justify\">D\u2019altra banda, SIAU en cap moment ha fet \u00fas d\u2019alliberats sindicals durant tot aquest curs escolar, ja que la directora general de Personal Docent va decidir denegar-li mentre altres sindicats disposaven de m\u00e9s del triple d\u2019alliberats que segons l\u2019actual mandat electoral els hi corresponen. El que SIAU s\u00ed que ha fet \u00e9s una acumulaci\u00f3 de cr\u00e8dit horari i \u00fas d\u2019aquest. El secretari general de SIAU i altres representants nostres han usat cr\u00e8dit horari, que no \u00e9s el mateix que una concessi\u00f3 i gaudi d\u2019un alliberament. L\u2019\u00fas de cr\u00e8dit horari, d\u2019acord amb la normativa de rang superior i jurisprud\u00e8ncia vigent, no est\u00e0 sotm\u00e8s a l\u2019autoritzaci\u00f3 de l\u2019empresa, nom\u00e9s al preav\u00eds, que s\u2019ha estat fent per escrit cada mes. Tamb\u00e9, s\u2019han estat comunicant les justificacions d\u2019\u00fas d\u2019aquest cr\u00e8dit horari cada vegada que s\u2019ha sol\u00b7licitat. A m\u00e9s a m\u00e9s, en cap moment la Conselleria d\u2019Educaci\u00f3 ha enviat comunicaci\u00f3, ni escrita ni oral, al seu secretari general (tampoc a SIAU), demanant-li la seva reincorporaci\u00f3 al centre educatiu on t\u00e9 destinaci\u00f3.<\/p>\n\n\n\n<p class=\"has-text-align-justify\">Finalment, consideram que aquesta sent\u00e8ncia arriba a misses dites i suposa un retroc\u00e9s als drets fonamentals sindicals i dels docents. Tanmateix, si hagu\u00e9s estat favorable, ja no haur\u00edem pogut gaudir dels alliberats sindicals que per mandat electoral ens pertoquen. Ara, amb el recurs que presentarem, esperam que els Tribunals de Just\u00edcia rectifiquin aquesta anomalia \u00abdemocr\u00e0tica\u00bb patida. I tamb\u00e9 esperam que els nous representants pol\u00edtics que aviat gestionaran Educaci\u00f3, tenguin, entorn dels drets sindicals i dels docents, una sensibilitat molt diferent a la que han tengut aquells que a les urnes recentment han estat castigats.<\/p>\n","protected":false},"excerpt":{"rendered":"<p>Ahir v\u00e0rem rebre una sent\u00e8ncia que consideram inaudita i que anunciam p\u00fablicament que recorrerem, arribant, si cal, fins al Tribunal Constitucional. La sent\u00e8ncia, contr\u00e0ria al nostre posicionament i al de la Fiscalia, considera que no s\u2019ha vulnerat el nostre dret fonamental a la llibertat sindical per haver-nos impedit gaudir d\u2019alliberats sindicals fins a l\u20191 de &hellip; <\/p>\n<p class=\"link-more\"><a href=\"https:\/\/www.siau.cat\/index.php\/2023\/06\/17\/siau-recorrera-la-darrera-sentencia-rebuda-que-es-contraria-al-nostre-posicionament-i-al-de-la-fiscalia\/\" class=\"more-link\">Continua llegint <span class=\"screen-reader-text\">\u00abSIAU recorrer\u00e0 la darrera sent\u00e8ncia rebuda que \u00e9s contr\u00e0ria al nostre posicionament i al de la Fiscalia\u00bb<\/span><\/a><\/p>\n","protected":false},"author":1,"featured_media":0,"comment_status":"closed","ping_status":"open","sticky":false,"template":"","format":"standard","meta":{"_jetpack_memberships_contains_paid_content":false,"footnotes":""},"categories":[1],"tags":[],"class_list":["post-906","post","type-post","status-publish","format-standard","hentry","category-uncategorized"],"yoast_head":"<!-- This site is optimized with the Yoast SEO plugin v25.4 - https:\/\/yoast.com\/wordpress\/plugins\/seo\/ -->\n<title>SIAU recorrer\u00e0 la darrera sent\u00e8ncia rebuda que \u00e9s contr\u00e0ria al nostre posicionament i al de la Fiscalia &#8212; SIAU - SINDICAT INDEPENDENT, AUT\u00d2NOM I UNITARI<\/title>\n<meta name=\"robots\" content=\"index, follow, max-snippet:-1, max-image-preview:large, max-video-preview:-1\" \/>\n<link rel=\"canonical\" href=\"https:\/\/www.siau.cat\/index.php\/2023\/06\/17\/siau-recorrera-la-darrera-sentencia-rebuda-que-es-contraria-al-nostre-posicionament-i-al-de-la-fiscalia\/\" \/>\n<meta property=\"og:locale\" content=\"ca_ES\" \/>\n<meta property=\"og:type\" content=\"article\" \/>\n<meta property=\"og:title\" content=\"SIAU recorrer\u00e0 la darrera sent\u00e8ncia rebuda que \u00e9s contr\u00e0ria al nostre posicionament i al de la Fiscalia &#8212; SIAU - SINDICAT INDEPENDENT, AUT\u00d2NOM I UNITARI\" \/>\n<meta property=\"og:description\" content=\"Ahir v\u00e0rem rebre una sent\u00e8ncia que consideram inaudita i que anunciam p\u00fablicament que recorrerem, arribant, si cal, fins al Tribunal Constitucional. La sent\u00e8ncia, contr\u00e0ria al nostre posicionament i al de la Fiscalia, considera que no s\u2019ha vulnerat el nostre dret fonamental a la llibertat sindical per haver-nos impedit gaudir d\u2019alliberats sindicals fins a l\u20191 de &hellip; Continua llegint \u00abSIAU recorrer\u00e0 la darrera sent\u00e8ncia rebuda que \u00e9s contr\u00e0ria al nostre posicionament i al de la Fiscalia\u00bb\" \/>\n<meta property=\"og:url\" content=\"https:\/\/www.siau.cat\/index.php\/2023\/06\/17\/siau-recorrera-la-darrera-sentencia-rebuda-que-es-contraria-al-nostre-posicionament-i-al-de-la-fiscalia\/\" \/>\n<meta property=\"og:site_name\" content=\"SIAU - SINDICAT INDEPENDENT, AUT\u00d2NOM I UNITARI\" \/>\n<meta property=\"article:published_time\" content=\"2023-06-17T10:50:56+00:00\" \/>\n<meta property=\"article:modified_time\" content=\"2023-06-17T10:50:58+00:00\" \/>\n<meta property=\"og:image\" content=\"https:\/\/www.siau.cat\/wp-content\/uploads\/2023\/06\/recorrerem-1-1024x1024.png\" \/>\n<meta name=\"author\" content=\"admin\" \/>\n<meta name=\"twitter:card\" content=\"summary_large_image\" \/>\n<meta name=\"twitter:label1\" content=\"Escrit per\" \/>\n\t<meta name=\"twitter:data1\" content=\"admin\" \/>\n\t<meta name=\"twitter:label2\" content=\"Temps estimat de lectura\" \/>\n\t<meta name=\"twitter:data2\" content=\"4 minuts\" \/>\n<script type=\"application\/ld+json\" class=\"yoast-schema-graph\">{\"@context\":\"https:\/\/schema.org\",\"@graph\":[{\"@type\":\"Article\",\"@id\":\"https:\/\/www.siau.cat\/index.php\/2023\/06\/17\/siau-recorrera-la-darrera-sentencia-rebuda-que-es-contraria-al-nostre-posicionament-i-al-de-la-fiscalia\/#article\",\"isPartOf\":{\"@id\":\"https:\/\/www.siau.cat\/index.php\/2023\/06\/17\/siau-recorrera-la-darrera-sentencia-rebuda-que-es-contraria-al-nostre-posicionament-i-al-de-la-fiscalia\/\"},\"author\":{\"name\":\"admin\",\"@id\":\"https:\/\/www.siau.cat\/#\/schema\/person\/810c15694a7e538934bb4be53ebcba0d\"},\"headline\":\"SIAU recorrer\u00e0 la darrera sent\u00e8ncia rebuda que \u00e9s contr\u00e0ria al nostre posicionament i al de la Fiscalia\",\"datePublished\":\"2023-06-17T10:50:56+00:00\",\"dateModified\":\"2023-06-17T10:50:58+00:00\",\"mainEntityOfPage\":{\"@id\":\"https:\/\/www.siau.cat\/index.php\/2023\/06\/17\/siau-recorrera-la-darrera-sentencia-rebuda-que-es-contraria-al-nostre-posicionament-i-al-de-la-fiscalia\/\"},\"wordCount\":761,\"publisher\":{\"@id\":\"https:\/\/www.siau.cat\/#organization\"},\"image\":{\"@id\":\"https:\/\/www.siau.cat\/index.php\/2023\/06\/17\/siau-recorrera-la-darrera-sentencia-rebuda-que-es-contraria-al-nostre-posicionament-i-al-de-la-fiscalia\/#primaryimage\"},\"thumbnailUrl\":\"https:\/\/www.siau.cat\/wp-content\/uploads\/2023\/06\/recorrerem-1-1024x1024.png\",\"articleSection\":[\"Uncategorized\"],\"inLanguage\":\"ca\"},{\"@type\":\"WebPage\",\"@id\":\"https:\/\/www.siau.cat\/index.php\/2023\/06\/17\/siau-recorrera-la-darrera-sentencia-rebuda-que-es-contraria-al-nostre-posicionament-i-al-de-la-fiscalia\/\",\"url\":\"https:\/\/www.siau.cat\/index.php\/2023\/06\/17\/siau-recorrera-la-darrera-sentencia-rebuda-que-es-contraria-al-nostre-posicionament-i-al-de-la-fiscalia\/\",\"name\":\"SIAU recorrer\u00e0 la darrera sent\u00e8ncia rebuda que \u00e9s contr\u00e0ria al nostre posicionament i al de la Fiscalia &#8212; SIAU - SINDICAT INDEPENDENT, AUT\u00d2NOM I UNITARI\",\"isPartOf\":{\"@id\":\"https:\/\/www.siau.cat\/#website\"},\"primaryImageOfPage\":{\"@id\":\"https:\/\/www.siau.cat\/index.php\/2023\/06\/17\/siau-recorrera-la-darrera-sentencia-rebuda-que-es-contraria-al-nostre-posicionament-i-al-de-la-fiscalia\/#primaryimage\"},\"image\":{\"@id\":\"https:\/\/www.siau.cat\/index.php\/2023\/06\/17\/siau-recorrera-la-darrera-sentencia-rebuda-que-es-contraria-al-nostre-posicionament-i-al-de-la-fiscalia\/#primaryimage\"},\"thumbnailUrl\":\"https:\/\/www.siau.cat\/wp-content\/uploads\/2023\/06\/recorrerem-1-1024x1024.png\",\"datePublished\":\"2023-06-17T10:50:56+00:00\",\"dateModified\":\"2023-06-17T10:50:58+00:00\",\"breadcrumb\":{\"@id\":\"https:\/\/www.siau.cat\/index.php\/2023\/06\/17\/siau-recorrera-la-darrera-sentencia-rebuda-que-es-contraria-al-nostre-posicionament-i-al-de-la-fiscalia\/#breadcrumb\"},\"inLanguage\":\"ca\",\"potentialAction\":[{\"@type\":\"ReadAction\",\"target\":[\"https:\/\/www.siau.cat\/index.php\/2023\/06\/17\/siau-recorrera-la-darrera-sentencia-rebuda-que-es-contraria-al-nostre-posicionament-i-al-de-la-fiscalia\/\"]}]},{\"@type\":\"ImageObject\",\"inLanguage\":\"ca\",\"@id\":\"https:\/\/www.siau.cat\/index.php\/2023\/06\/17\/siau-recorrera-la-darrera-sentencia-rebuda-que-es-contraria-al-nostre-posicionament-i-al-de-la-fiscalia\/#primaryimage\",\"url\":\"https:\/\/www.siau.cat\/wp-content\/uploads\/2023\/06\/recorrerem-1.png\",\"contentUrl\":\"https:\/\/www.siau.cat\/wp-content\/uploads\/2023\/06\/recorrerem-1.png\",\"width\":1142,\"height\":1142},{\"@type\":\"BreadcrumbList\",\"@id\":\"https:\/\/www.siau.cat\/index.php\/2023\/06\/17\/siau-recorrera-la-darrera-sentencia-rebuda-que-es-contraria-al-nostre-posicionament-i-al-de-la-fiscalia\/#breadcrumb\",\"itemListElement\":[{\"@type\":\"ListItem\",\"position\":1,\"name\":\"Inici\",\"item\":\"https:\/\/www.siau.cat\/\"},{\"@type\":\"ListItem\",\"position\":2,\"name\":\"SIAU recorrer\u00e0 la darrera sent\u00e8ncia rebuda que \u00e9s contr\u00e0ria al nostre posicionament i al de la Fiscalia\"}]},{\"@type\":\"WebSite\",\"@id\":\"https:\/\/www.siau.cat\/#website\",\"url\":\"https:\/\/www.siau.cat\/\",\"name\":\"SIAU - SINDICAT INDEPENDENT, AUT\u00d2NOM I UNITARI\",\"description\":\"Ara s&iacute; que tenim la veu\",\"publisher\":{\"@id\":\"https:\/\/www.siau.cat\/#organization\"},\"potentialAction\":[{\"@type\":\"SearchAction\",\"target\":{\"@type\":\"EntryPoint\",\"urlTemplate\":\"https:\/\/www.siau.cat\/?s={search_term_string}\"},\"query-input\":{\"@type\":\"PropertyValueSpecification\",\"valueRequired\":true,\"valueName\":\"search_term_string\"}}],\"inLanguage\":\"ca\"},{\"@type\":\"Organization\",\"@id\":\"https:\/\/www.siau.cat\/#organization\",\"name\":\"SIAU\",\"url\":\"https:\/\/www.siau.cat\/\",\"logo\":{\"@type\":\"ImageObject\",\"inLanguage\":\"ca\",\"@id\":\"https:\/\/www.siau.cat\/#\/schema\/logo\/image\/\",\"url\":\"https:\/\/www.siau.cat\/wp-content\/uploads\/2022\/03\/cropped-resized_LOGO-SIAU-5-e1652020847972.jpg\",\"contentUrl\":\"https:\/\/www.siau.cat\/wp-content\/uploads\/2022\/03\/cropped-resized_LOGO-SIAU-5-e1652020847972.jpg\",\"width\":1600,\"height\":1200,\"caption\":\"SIAU\"},\"image\":{\"@id\":\"https:\/\/www.siau.cat\/#\/schema\/logo\/image\/\"}},{\"@type\":\"Person\",\"@id\":\"https:\/\/www.siau.cat\/#\/schema\/person\/810c15694a7e538934bb4be53ebcba0d\",\"name\":\"admin\",\"image\":{\"@type\":\"ImageObject\",\"inLanguage\":\"ca\",\"@id\":\"https:\/\/www.siau.cat\/#\/schema\/person\/image\/\",\"url\":\"https:\/\/www.siau.cat\/wp-content\/litespeed\/avatar\/d73ebfac3daa0b52552b2ccea63469da.jpg?ver=1777403609\",\"contentUrl\":\"https:\/\/www.siau.cat\/wp-content\/litespeed\/avatar\/d73ebfac3daa0b52552b2ccea63469da.jpg?ver=1777403609\",\"caption\":\"admin\"},\"sameAs\":[\"https:\/\/www.siau.cat\"],\"url\":\"https:\/\/www.siau.cat\/index.php\/author\/admin\/\"}]}<\/script>\n<!-- \/ Yoast SEO plugin. -->","yoast_head_json":{"title":"SIAU recorrer\u00e0 la darrera sent\u00e8ncia rebuda que \u00e9s contr\u00e0ria al nostre posicionament i al de la Fiscalia &#8212; SIAU - SINDICAT INDEPENDENT, AUT\u00d2NOM I UNITARI","robots":{"index":"index","follow":"follow","max-snippet":"max-snippet:-1","max-image-preview":"max-image-preview:large","max-video-preview":"max-video-preview:-1"},"canonical":"https:\/\/www.siau.cat\/index.php\/2023\/06\/17\/siau-recorrera-la-darrera-sentencia-rebuda-que-es-contraria-al-nostre-posicionament-i-al-de-la-fiscalia\/","og_locale":"ca_ES","og_type":"article","og_title":"SIAU recorrer\u00e0 la darrera sent\u00e8ncia rebuda que \u00e9s contr\u00e0ria al nostre posicionament i al de la Fiscalia &#8212; SIAU - SINDICAT INDEPENDENT, AUT\u00d2NOM I UNITARI","og_description":"Ahir v\u00e0rem rebre una sent\u00e8ncia que consideram inaudita i que anunciam p\u00fablicament que recorrerem, arribant, si cal, fins al Tribunal Constitucional. La sent\u00e8ncia, contr\u00e0ria al nostre posicionament i al de la Fiscalia, considera que no s\u2019ha vulnerat el nostre dret fonamental a la llibertat sindical per haver-nos impedit gaudir d\u2019alliberats sindicals fins a l\u20191 de &hellip; Continua llegint \u00abSIAU recorrer\u00e0 la darrera sent\u00e8ncia rebuda que \u00e9s contr\u00e0ria al nostre posicionament i al de la Fiscalia\u00bb","og_url":"https:\/\/www.siau.cat\/index.php\/2023\/06\/17\/siau-recorrera-la-darrera-sentencia-rebuda-que-es-contraria-al-nostre-posicionament-i-al-de-la-fiscalia\/","og_site_name":"SIAU - SINDICAT INDEPENDENT, AUT\u00d2NOM I UNITARI","article_published_time":"2023-06-17T10:50:56+00:00","article_modified_time":"2023-06-17T10:50:58+00:00","og_image":[{"url":"https:\/\/www.siau.cat\/wp-content\/uploads\/2023\/06\/recorrerem-1-1024x1024.png","type":"","width":"","height":""}],"author":"admin","twitter_card":"summary_large_image","twitter_misc":{"Escrit per":"admin","Temps estimat de lectura":"4 minuts"},"schema":{"@context":"https:\/\/schema.org","@graph":[{"@type":"Article","@id":"https:\/\/www.siau.cat\/index.php\/2023\/06\/17\/siau-recorrera-la-darrera-sentencia-rebuda-que-es-contraria-al-nostre-posicionament-i-al-de-la-fiscalia\/#article","isPartOf":{"@id":"https:\/\/www.siau.cat\/index.php\/2023\/06\/17\/siau-recorrera-la-darrera-sentencia-rebuda-que-es-contraria-al-nostre-posicionament-i-al-de-la-fiscalia\/"},"author":{"name":"admin","@id":"https:\/\/www.siau.cat\/#\/schema\/person\/810c15694a7e538934bb4be53ebcba0d"},"headline":"SIAU recorrer\u00e0 la darrera sent\u00e8ncia rebuda que \u00e9s contr\u00e0ria al nostre posicionament i al de la Fiscalia","datePublished":"2023-06-17T10:50:56+00:00","dateModified":"2023-06-17T10:50:58+00:00","mainEntityOfPage":{"@id":"https:\/\/www.siau.cat\/index.php\/2023\/06\/17\/siau-recorrera-la-darrera-sentencia-rebuda-que-es-contraria-al-nostre-posicionament-i-al-de-la-fiscalia\/"},"wordCount":761,"publisher":{"@id":"https:\/\/www.siau.cat\/#organization"},"image":{"@id":"https:\/\/www.siau.cat\/index.php\/2023\/06\/17\/siau-recorrera-la-darrera-sentencia-rebuda-que-es-contraria-al-nostre-posicionament-i-al-de-la-fiscalia\/#primaryimage"},"thumbnailUrl":"https:\/\/www.siau.cat\/wp-content\/uploads\/2023\/06\/recorrerem-1-1024x1024.png","articleSection":["Uncategorized"],"inLanguage":"ca"},{"@type":"WebPage","@id":"https:\/\/www.siau.cat\/index.php\/2023\/06\/17\/siau-recorrera-la-darrera-sentencia-rebuda-que-es-contraria-al-nostre-posicionament-i-al-de-la-fiscalia\/","url":"https:\/\/www.siau.cat\/index.php\/2023\/06\/17\/siau-recorrera-la-darrera-sentencia-rebuda-que-es-contraria-al-nostre-posicionament-i-al-de-la-fiscalia\/","name":"SIAU recorrer\u00e0 la darrera sent\u00e8ncia rebuda que \u00e9s contr\u00e0ria al nostre posicionament i al de la Fiscalia &#8212; SIAU - SINDICAT INDEPENDENT, AUT\u00d2NOM I UNITARI","isPartOf":{"@id":"https:\/\/www.siau.cat\/#website"},"primaryImageOfPage":{"@id":"https:\/\/www.siau.cat\/index.php\/2023\/06\/17\/siau-recorrera-la-darrera-sentencia-rebuda-que-es-contraria-al-nostre-posicionament-i-al-de-la-fiscalia\/#primaryimage"},"image":{"@id":"https:\/\/www.siau.cat\/index.php\/2023\/06\/17\/siau-recorrera-la-darrera-sentencia-rebuda-que-es-contraria-al-nostre-posicionament-i-al-de-la-fiscalia\/#primaryimage"},"thumbnailUrl":"https:\/\/www.siau.cat\/wp-content\/uploads\/2023\/06\/recorrerem-1-1024x1024.png","datePublished":"2023-06-17T10:50:56+00:00","dateModified":"2023-06-17T10:50:58+00:00","breadcrumb":{"@id":"https:\/\/www.siau.cat\/index.php\/2023\/06\/17\/siau-recorrera-la-darrera-sentencia-rebuda-que-es-contraria-al-nostre-posicionament-i-al-de-la-fiscalia\/#breadcrumb"},"inLanguage":"ca","potentialAction":[{"@type":"ReadAction","target":["https:\/\/www.siau.cat\/index.php\/2023\/06\/17\/siau-recorrera-la-darrera-sentencia-rebuda-que-es-contraria-al-nostre-posicionament-i-al-de-la-fiscalia\/"]}]},{"@type":"ImageObject","inLanguage":"ca","@id":"https:\/\/www.siau.cat\/index.php\/2023\/06\/17\/siau-recorrera-la-darrera-sentencia-rebuda-que-es-contraria-al-nostre-posicionament-i-al-de-la-fiscalia\/#primaryimage","url":"https:\/\/www.siau.cat\/wp-content\/uploads\/2023\/06\/recorrerem-1.png","contentUrl":"https:\/\/www.siau.cat\/wp-content\/uploads\/2023\/06\/recorrerem-1.png","width":1142,"height":1142},{"@type":"BreadcrumbList","@id":"https:\/\/www.siau.cat\/index.php\/2023\/06\/17\/siau-recorrera-la-darrera-sentencia-rebuda-que-es-contraria-al-nostre-posicionament-i-al-de-la-fiscalia\/#breadcrumb","itemListElement":[{"@type":"ListItem","position":1,"name":"Inici","item":"https:\/\/www.siau.cat\/"},{"@type":"ListItem","position":2,"name":"SIAU recorrer\u00e0 la darrera sent\u00e8ncia rebuda que \u00e9s contr\u00e0ria al nostre posicionament i al de la Fiscalia"}]},{"@type":"WebSite","@id":"https:\/\/www.siau.cat\/#website","url":"https:\/\/www.siau.cat\/","name":"SIAU - SINDICAT INDEPENDENT, AUT\u00d2NOM I UNITARI","description":"Ara s&iacute; que tenim la veu","publisher":{"@id":"https:\/\/www.siau.cat\/#organization"},"potentialAction":[{"@type":"SearchAction","target":{"@type":"EntryPoint","urlTemplate":"https:\/\/www.siau.cat\/?s={search_term_string}"},"query-input":{"@type":"PropertyValueSpecification","valueRequired":true,"valueName":"search_term_string"}}],"inLanguage":"ca"},{"@type":"Organization","@id":"https:\/\/www.siau.cat\/#organization","name":"SIAU","url":"https:\/\/www.siau.cat\/","logo":{"@type":"ImageObject","inLanguage":"ca","@id":"https:\/\/www.siau.cat\/#\/schema\/logo\/image\/","url":"https:\/\/www.siau.cat\/wp-content\/uploads\/2022\/03\/cropped-resized_LOGO-SIAU-5-e1652020847972.jpg","contentUrl":"https:\/\/www.siau.cat\/wp-content\/uploads\/2022\/03\/cropped-resized_LOGO-SIAU-5-e1652020847972.jpg","width":1600,"height":1200,"caption":"SIAU"},"image":{"@id":"https:\/\/www.siau.cat\/#\/schema\/logo\/image\/"}},{"@type":"Person","@id":"https:\/\/www.siau.cat\/#\/schema\/person\/810c15694a7e538934bb4be53ebcba0d","name":"admin","image":{"@type":"ImageObject","inLanguage":"ca","@id":"https:\/\/www.siau.cat\/#\/schema\/person\/image\/","url":"https:\/\/www.siau.cat\/wp-content\/litespeed\/avatar\/d73ebfac3daa0b52552b2ccea63469da.jpg?ver=1777403609","contentUrl":"https:\/\/www.siau.cat\/wp-content\/litespeed\/avatar\/d73ebfac3daa0b52552b2ccea63469da.jpg?ver=1777403609","caption":"admin"},"sameAs":["https:\/\/www.siau.cat"],"url":"https:\/\/www.siau.cat\/index.php\/author\/admin\/"}]}},"jetpack_featured_media_url":"","jetpack_sharing_enabled":true,"_links":{"self":[{"href":"https:\/\/www.siau.cat\/index.php\/wp-json\/wp\/v2\/posts\/906","targetHints":{"allow":["GET"]}}],"collection":[{"href":"https:\/\/www.siau.cat\/index.php\/wp-json\/wp\/v2\/posts"}],"about":[{"href":"https:\/\/www.siau.cat\/index.php\/wp-json\/wp\/v2\/types\/post"}],"author":[{"embeddable":true,"href":"https:\/\/www.siau.cat\/index.php\/wp-json\/wp\/v2\/users\/1"}],"replies":[{"embeddable":true,"href":"https:\/\/www.siau.cat\/index.php\/wp-json\/wp\/v2\/comments?post=906"}],"version-history":[{"count":1,"href":"https:\/\/www.siau.cat\/index.php\/wp-json\/wp\/v2\/posts\/906\/revisions"}],"predecessor-version":[{"id":909,"href":"https:\/\/www.siau.cat\/index.php\/wp-json\/wp\/v2\/posts\/906\/revisions\/909"}],"wp:attachment":[{"href":"https:\/\/www.siau.cat\/index.php\/wp-json\/wp\/v2\/media?parent=906"}],"wp:term":[{"taxonomy":"category","embeddable":true,"href":"https:\/\/www.siau.cat\/index.php\/wp-json\/wp\/v2\/categories?post=906"},{"taxonomy":"post_tag","embeddable":true,"href":"https:\/\/www.siau.cat\/index.php\/wp-json\/wp\/v2\/tags?post=906"}],"curies":[{"name":"wp","href":"https:\/\/api.w.org\/{rel}","templated":true}]}}