{"id":910,"date":"2023-06-17T17:26:55","date_gmt":"2023-06-17T17:26:55","guid":{"rendered":"https:\/\/www.siau.cat\/?p=910"},"modified":"2023-06-17T17:26:57","modified_gmt":"2023-06-17T17:26:57","slug":"des-de-siau-transmetem-el-nostre-condol-a-la-familia-i-amistats-de-jaime-bueno","status":"publish","type":"post","link":"https:\/\/www.siau.cat\/index.php\/2023\/06\/17\/des-de-siau-transmetem-el-nostre-condol-a-la-familia-i-amistats-de-jaime-bueno\/","title":{"rendered":"Des de SIAU transmetem el nostre condol a la fam\u00edlia i amistats de Jaime Bueno"},"content":{"rendered":"\n<figure class=\"wp-block-image size-full\"><img loading=\"lazy\" decoding=\"async\" width=\"600\" height=\"430\" src=\"https:\/\/www.siau.cat\/wp-content\/uploads\/2023\/06\/Jaime-Bueno.jpeg\" alt=\"\" class=\"wp-image-911\" srcset=\"https:\/\/www.siau.cat\/wp-content\/uploads\/2023\/06\/Jaime-Bueno.jpeg 600w, https:\/\/www.siau.cat\/wp-content\/uploads\/2023\/06\/Jaime-Bueno-350x251.jpeg 350w, https:\/\/www.siau.cat\/wp-content\/uploads\/2023\/06\/Jaime-Bueno-300x215.jpeg 300w, https:\/\/www.siau.cat\/wp-content\/uploads\/2023\/06\/Jaime-Bueno-24x17.jpeg 24w, https:\/\/www.siau.cat\/wp-content\/uploads\/2023\/06\/Jaime-Bueno-36x26.jpeg 36w, https:\/\/www.siau.cat\/wp-content\/uploads\/2023\/06\/Jaime-Bueno-48x34.jpeg 48w\" sizes=\"auto, (max-width: 600px) 100vw, 600px\" \/><\/figure>\n\n\n\n<p class=\"has-text-align-justify\">La mort d\u2019ahir de l\u2019advocat Jaime Bueno ha estat una not\u00edcia molt trista per SIAU. Des del nostre naixement, Jaime va ser un pilar fonamental en molts de sentits. Sempre el recordarem per la seva immensa professionalitat, dedicaci\u00f3, humanitat i sentit de la just\u00edcia. Dins SIAU el durem dintre del nostre cor per la posteritat; mai oblidarem tot el que va fer pel sindicat. Ell, igual que nosaltres, sempre ha cregut que era possible construir un m\u00f3n m\u00e9s just, lluny de la corrupci\u00f3 i la m\u00e0fia. Ajudar als m\u00e9s d\u00e8bils i als m\u00e9s desprotegits \u00e9s essencial i, com b\u00e9 sabeu, ell s\u2019hi dedicava amb cor i \u00e0nima. Amic Jaime, descansa en pau!<\/p>\n","protected":false},"excerpt":{"rendered":"<p>La mort d\u2019ahir de l\u2019advocat Jaime Bueno ha estat una not\u00edcia molt trista per SIAU. Des del nostre naixement, Jaime va ser un pilar fonamental en molts de sentits. Sempre el recordarem per la seva immensa professionalitat, dedicaci\u00f3, humanitat i sentit de la just\u00edcia. Dins SIAU el durem dintre del nostre cor per la posteritat; &hellip; <\/p>\n<p class=\"link-more\"><a href=\"https:\/\/www.siau.cat\/index.php\/2023\/06\/17\/des-de-siau-transmetem-el-nostre-condol-a-la-familia-i-amistats-de-jaime-bueno\/\" class=\"more-link\">Continua llegint <span class=\"screen-reader-text\">\u00abDes de SIAU transmetem el nostre condol a la fam\u00edlia i amistats de Jaime Bueno\u00bb<\/span><\/a><\/p>\n","protected":false},"author":1,"featured_media":0,"comment_status":"closed","ping_status":"open","sticky":false,"template":"","format":"standard","meta":{"_jetpack_memberships_contains_paid_content":false,"footnotes":""},"categories":[1],"tags":[],"class_list":["post-910","post","type-post","status-publish","format-standard","hentry","category-uncategorized"],"yoast_head":"<!-- This site is optimized with the Yoast SEO plugin v25.4 - https:\/\/yoast.com\/wordpress\/plugins\/seo\/ -->\n<title>Des de SIAU transmetem el nostre condol a la fam\u00edlia i amistats de Jaime Bueno &#8212; SIAU - SINDICAT INDEPENDENT, AUT\u00d2NOM I UNITARI<\/title>\n<meta name=\"robots\" content=\"index, follow, max-snippet:-1, max-image-preview:large, max-video-preview:-1\" \/>\n<link rel=\"canonical\" href=\"https:\/\/www.siau.cat\/index.php\/2023\/06\/17\/des-de-siau-transmetem-el-nostre-condol-a-la-familia-i-amistats-de-jaime-bueno\/\" \/>\n<meta property=\"og:locale\" content=\"ca_ES\" \/>\n<meta property=\"og:type\" content=\"article\" \/>\n<meta property=\"og:title\" content=\"Des de SIAU transmetem el nostre condol a la fam\u00edlia i amistats de Jaime Bueno &#8212; SIAU - SINDICAT INDEPENDENT, AUT\u00d2NOM I UNITARI\" \/>\n<meta property=\"og:description\" content=\"La mort d\u2019ahir de l\u2019advocat Jaime Bueno ha estat una not\u00edcia molt trista per SIAU. Des del nostre naixement, Jaime va ser un pilar fonamental en molts de sentits. Sempre el recordarem per la seva immensa professionalitat, dedicaci\u00f3, humanitat i sentit de la just\u00edcia. Dins SIAU el durem dintre del nostre cor per la posteritat; &hellip; Continua llegint \u00abDes de SIAU transmetem el nostre condol a la fam\u00edlia i amistats de Jaime Bueno\u00bb\" \/>\n<meta property=\"og:url\" content=\"https:\/\/www.siau.cat\/index.php\/2023\/06\/17\/des-de-siau-transmetem-el-nostre-condol-a-la-familia-i-amistats-de-jaime-bueno\/\" \/>\n<meta property=\"og:site_name\" content=\"SIAU - SINDICAT INDEPENDENT, AUT\u00d2NOM I UNITARI\" \/>\n<meta property=\"article:published_time\" content=\"2023-06-17T17:26:55+00:00\" \/>\n<meta property=\"article:modified_time\" content=\"2023-06-17T17:26:57+00:00\" \/>\n<meta property=\"og:image\" content=\"https:\/\/www.siau.cat\/wp-content\/uploads\/2023\/06\/Jaime-Bueno.jpeg\" \/>\n<meta name=\"author\" content=\"admin\" \/>\n<meta name=\"twitter:card\" content=\"summary_large_image\" \/>\n<meta name=\"twitter:label1\" content=\"Escrit per\" \/>\n\t<meta name=\"twitter:data1\" content=\"admin\" \/>\n\t<meta name=\"twitter:label2\" content=\"Temps estimat de lectura\" \/>\n\t<meta name=\"twitter:data2\" content=\"1 minut\" \/>\n<script type=\"application\/ld+json\" class=\"yoast-schema-graph\">{\"@context\":\"https:\/\/schema.org\",\"@graph\":[{\"@type\":\"Article\",\"@id\":\"https:\/\/www.siau.cat\/index.php\/2023\/06\/17\/des-de-siau-transmetem-el-nostre-condol-a-la-familia-i-amistats-de-jaime-bueno\/#article\",\"isPartOf\":{\"@id\":\"https:\/\/www.siau.cat\/index.php\/2023\/06\/17\/des-de-siau-transmetem-el-nostre-condol-a-la-familia-i-amistats-de-jaime-bueno\/\"},\"author\":{\"name\":\"admin\",\"@id\":\"https:\/\/www.siau.cat\/#\/schema\/person\/810c15694a7e538934bb4be53ebcba0d\"},\"headline\":\"Des de SIAU transmetem el nostre condol a la fam\u00edlia i amistats de Jaime Bueno\",\"datePublished\":\"2023-06-17T17:26:55+00:00\",\"dateModified\":\"2023-06-17T17:26:57+00:00\",\"mainEntityOfPage\":{\"@id\":\"https:\/\/www.siau.cat\/index.php\/2023\/06\/17\/des-de-siau-transmetem-el-nostre-condol-a-la-familia-i-amistats-de-jaime-bueno\/\"},\"wordCount\":139,\"publisher\":{\"@id\":\"https:\/\/www.siau.cat\/#organization\"},\"image\":{\"@id\":\"https:\/\/www.siau.cat\/index.php\/2023\/06\/17\/des-de-siau-transmetem-el-nostre-condol-a-la-familia-i-amistats-de-jaime-bueno\/#primaryimage\"},\"thumbnailUrl\":\"https:\/\/www.siau.cat\/wp-content\/uploads\/2023\/06\/Jaime-Bueno.jpeg\",\"articleSection\":[\"Uncategorized\"],\"inLanguage\":\"ca\"},{\"@type\":\"WebPage\",\"@id\":\"https:\/\/www.siau.cat\/index.php\/2023\/06\/17\/des-de-siau-transmetem-el-nostre-condol-a-la-familia-i-amistats-de-jaime-bueno\/\",\"url\":\"https:\/\/www.siau.cat\/index.php\/2023\/06\/17\/des-de-siau-transmetem-el-nostre-condol-a-la-familia-i-amistats-de-jaime-bueno\/\",\"name\":\"Des de SIAU transmetem el nostre condol a la fam\u00edlia i amistats de Jaime Bueno &#8212; SIAU - SINDICAT INDEPENDENT, AUT\u00d2NOM I UNITARI\",\"isPartOf\":{\"@id\":\"https:\/\/www.siau.cat\/#website\"},\"primaryImageOfPage\":{\"@id\":\"https:\/\/www.siau.cat\/index.php\/2023\/06\/17\/des-de-siau-transmetem-el-nostre-condol-a-la-familia-i-amistats-de-jaime-bueno\/#primaryimage\"},\"image\":{\"@id\":\"https:\/\/www.siau.cat\/index.php\/2023\/06\/17\/des-de-siau-transmetem-el-nostre-condol-a-la-familia-i-amistats-de-jaime-bueno\/#primaryimage\"},\"thumbnailUrl\":\"https:\/\/www.siau.cat\/wp-content\/uploads\/2023\/06\/Jaime-Bueno.jpeg\",\"datePublished\":\"2023-06-17T17:26:55+00:00\",\"dateModified\":\"2023-06-17T17:26:57+00:00\",\"breadcrumb\":{\"@id\":\"https:\/\/www.siau.cat\/index.php\/2023\/06\/17\/des-de-siau-transmetem-el-nostre-condol-a-la-familia-i-amistats-de-jaime-bueno\/#breadcrumb\"},\"inLanguage\":\"ca\",\"potentialAction\":[{\"@type\":\"ReadAction\",\"target\":[\"https:\/\/www.siau.cat\/index.php\/2023\/06\/17\/des-de-siau-transmetem-el-nostre-condol-a-la-familia-i-amistats-de-jaime-bueno\/\"]}]},{\"@type\":\"ImageObject\",\"inLanguage\":\"ca\",\"@id\":\"https:\/\/www.siau.cat\/index.php\/2023\/06\/17\/des-de-siau-transmetem-el-nostre-condol-a-la-familia-i-amistats-de-jaime-bueno\/#primaryimage\",\"url\":\"https:\/\/www.siau.cat\/wp-content\/uploads\/2023\/06\/Jaime-Bueno.jpeg\",\"contentUrl\":\"https:\/\/www.siau.cat\/wp-content\/uploads\/2023\/06\/Jaime-Bueno.jpeg\",\"width\":600,\"height\":430},{\"@type\":\"BreadcrumbList\",\"@id\":\"https:\/\/www.siau.cat\/index.php\/2023\/06\/17\/des-de-siau-transmetem-el-nostre-condol-a-la-familia-i-amistats-de-jaime-bueno\/#breadcrumb\",\"itemListElement\":[{\"@type\":\"ListItem\",\"position\":1,\"name\":\"Inici\",\"item\":\"https:\/\/www.siau.cat\/\"},{\"@type\":\"ListItem\",\"position\":2,\"name\":\"Des de SIAU transmetem el nostre condol a la fam\u00edlia i amistats de Jaime Bueno\"}]},{\"@type\":\"WebSite\",\"@id\":\"https:\/\/www.siau.cat\/#website\",\"url\":\"https:\/\/www.siau.cat\/\",\"name\":\"SIAU - SINDICAT INDEPENDENT, AUT\u00d2NOM I UNITARI\",\"description\":\"Ara s&iacute; que tenim la veu\",\"publisher\":{\"@id\":\"https:\/\/www.siau.cat\/#organization\"},\"potentialAction\":[{\"@type\":\"SearchAction\",\"target\":{\"@type\":\"EntryPoint\",\"urlTemplate\":\"https:\/\/www.siau.cat\/?s={search_term_string}\"},\"query-input\":{\"@type\":\"PropertyValueSpecification\",\"valueRequired\":true,\"valueName\":\"search_term_string\"}}],\"inLanguage\":\"ca\"},{\"@type\":\"Organization\",\"@id\":\"https:\/\/www.siau.cat\/#organization\",\"name\":\"SIAU\",\"url\":\"https:\/\/www.siau.cat\/\",\"logo\":{\"@type\":\"ImageObject\",\"inLanguage\":\"ca\",\"@id\":\"https:\/\/www.siau.cat\/#\/schema\/logo\/image\/\",\"url\":\"https:\/\/www.siau.cat\/wp-content\/uploads\/2022\/03\/cropped-resized_LOGO-SIAU-5-e1652020847972.jpg\",\"contentUrl\":\"https:\/\/www.siau.cat\/wp-content\/uploads\/2022\/03\/cropped-resized_LOGO-SIAU-5-e1652020847972.jpg\",\"width\":1600,\"height\":1200,\"caption\":\"SIAU\"},\"image\":{\"@id\":\"https:\/\/www.siau.cat\/#\/schema\/logo\/image\/\"}},{\"@type\":\"Person\",\"@id\":\"https:\/\/www.siau.cat\/#\/schema\/person\/810c15694a7e538934bb4be53ebcba0d\",\"name\":\"admin\",\"image\":{\"@type\":\"ImageObject\",\"inLanguage\":\"ca\",\"@id\":\"https:\/\/www.siau.cat\/#\/schema\/person\/image\/\",\"url\":\"https:\/\/www.siau.cat\/wp-content\/litespeed\/avatar\/d73ebfac3daa0b52552b2ccea63469da.jpg?ver=1777403609\",\"contentUrl\":\"https:\/\/www.siau.cat\/wp-content\/litespeed\/avatar\/d73ebfac3daa0b52552b2ccea63469da.jpg?ver=1777403609\",\"caption\":\"admin\"},\"sameAs\":[\"https:\/\/www.siau.cat\"],\"url\":\"https:\/\/www.siau.cat\/index.php\/author\/admin\/\"}]}<\/script>\n<!-- \/ Yoast SEO plugin. -->","yoast_head_json":{"title":"Des de SIAU transmetem el nostre condol a la fam\u00edlia i amistats de Jaime Bueno &#8212; SIAU - SINDICAT INDEPENDENT, AUT\u00d2NOM I UNITARI","robots":{"index":"index","follow":"follow","max-snippet":"max-snippet:-1","max-image-preview":"max-image-preview:large","max-video-preview":"max-video-preview:-1"},"canonical":"https:\/\/www.siau.cat\/index.php\/2023\/06\/17\/des-de-siau-transmetem-el-nostre-condol-a-la-familia-i-amistats-de-jaime-bueno\/","og_locale":"ca_ES","og_type":"article","og_title":"Des de SIAU transmetem el nostre condol a la fam\u00edlia i amistats de Jaime Bueno &#8212; SIAU - SINDICAT INDEPENDENT, AUT\u00d2NOM I UNITARI","og_description":"La mort d\u2019ahir de l\u2019advocat Jaime Bueno ha estat una not\u00edcia molt trista per SIAU. Des del nostre naixement, Jaime va ser un pilar fonamental en molts de sentits. Sempre el recordarem per la seva immensa professionalitat, dedicaci\u00f3, humanitat i sentit de la just\u00edcia. Dins SIAU el durem dintre del nostre cor per la posteritat; &hellip; Continua llegint \u00abDes de SIAU transmetem el nostre condol a la fam\u00edlia i amistats de Jaime Bueno\u00bb","og_url":"https:\/\/www.siau.cat\/index.php\/2023\/06\/17\/des-de-siau-transmetem-el-nostre-condol-a-la-familia-i-amistats-de-jaime-bueno\/","og_site_name":"SIAU - SINDICAT INDEPENDENT, AUT\u00d2NOM I UNITARI","article_published_time":"2023-06-17T17:26:55+00:00","article_modified_time":"2023-06-17T17:26:57+00:00","og_image":[{"url":"https:\/\/www.siau.cat\/wp-content\/uploads\/2023\/06\/Jaime-Bueno.jpeg","type":"","width":"","height":""}],"author":"admin","twitter_card":"summary_large_image","twitter_misc":{"Escrit per":"admin","Temps estimat de lectura":"1 minut"},"schema":{"@context":"https:\/\/schema.org","@graph":[{"@type":"Article","@id":"https:\/\/www.siau.cat\/index.php\/2023\/06\/17\/des-de-siau-transmetem-el-nostre-condol-a-la-familia-i-amistats-de-jaime-bueno\/#article","isPartOf":{"@id":"https:\/\/www.siau.cat\/index.php\/2023\/06\/17\/des-de-siau-transmetem-el-nostre-condol-a-la-familia-i-amistats-de-jaime-bueno\/"},"author":{"name":"admin","@id":"https:\/\/www.siau.cat\/#\/schema\/person\/810c15694a7e538934bb4be53ebcba0d"},"headline":"Des de SIAU transmetem el nostre condol a la fam\u00edlia i amistats de Jaime Bueno","datePublished":"2023-06-17T17:26:55+00:00","dateModified":"2023-06-17T17:26:57+00:00","mainEntityOfPage":{"@id":"https:\/\/www.siau.cat\/index.php\/2023\/06\/17\/des-de-siau-transmetem-el-nostre-condol-a-la-familia-i-amistats-de-jaime-bueno\/"},"wordCount":139,"publisher":{"@id":"https:\/\/www.siau.cat\/#organization"},"image":{"@id":"https:\/\/www.siau.cat\/index.php\/2023\/06\/17\/des-de-siau-transmetem-el-nostre-condol-a-la-familia-i-amistats-de-jaime-bueno\/#primaryimage"},"thumbnailUrl":"https:\/\/www.siau.cat\/wp-content\/uploads\/2023\/06\/Jaime-Bueno.jpeg","articleSection":["Uncategorized"],"inLanguage":"ca"},{"@type":"WebPage","@id":"https:\/\/www.siau.cat\/index.php\/2023\/06\/17\/des-de-siau-transmetem-el-nostre-condol-a-la-familia-i-amistats-de-jaime-bueno\/","url":"https:\/\/www.siau.cat\/index.php\/2023\/06\/17\/des-de-siau-transmetem-el-nostre-condol-a-la-familia-i-amistats-de-jaime-bueno\/","name":"Des de SIAU transmetem el nostre condol a la fam\u00edlia i amistats de Jaime Bueno &#8212; SIAU - SINDICAT INDEPENDENT, AUT\u00d2NOM I UNITARI","isPartOf":{"@id":"https:\/\/www.siau.cat\/#website"},"primaryImageOfPage":{"@id":"https:\/\/www.siau.cat\/index.php\/2023\/06\/17\/des-de-siau-transmetem-el-nostre-condol-a-la-familia-i-amistats-de-jaime-bueno\/#primaryimage"},"image":{"@id":"https:\/\/www.siau.cat\/index.php\/2023\/06\/17\/des-de-siau-transmetem-el-nostre-condol-a-la-familia-i-amistats-de-jaime-bueno\/#primaryimage"},"thumbnailUrl":"https:\/\/www.siau.cat\/wp-content\/uploads\/2023\/06\/Jaime-Bueno.jpeg","datePublished":"2023-06-17T17:26:55+00:00","dateModified":"2023-06-17T17:26:57+00:00","breadcrumb":{"@id":"https:\/\/www.siau.cat\/index.php\/2023\/06\/17\/des-de-siau-transmetem-el-nostre-condol-a-la-familia-i-amistats-de-jaime-bueno\/#breadcrumb"},"inLanguage":"ca","potentialAction":[{"@type":"ReadAction","target":["https:\/\/www.siau.cat\/index.php\/2023\/06\/17\/des-de-siau-transmetem-el-nostre-condol-a-la-familia-i-amistats-de-jaime-bueno\/"]}]},{"@type":"ImageObject","inLanguage":"ca","@id":"https:\/\/www.siau.cat\/index.php\/2023\/06\/17\/des-de-siau-transmetem-el-nostre-condol-a-la-familia-i-amistats-de-jaime-bueno\/#primaryimage","url":"https:\/\/www.siau.cat\/wp-content\/uploads\/2023\/06\/Jaime-Bueno.jpeg","contentUrl":"https:\/\/www.siau.cat\/wp-content\/uploads\/2023\/06\/Jaime-Bueno.jpeg","width":600,"height":430},{"@type":"BreadcrumbList","@id":"https:\/\/www.siau.cat\/index.php\/2023\/06\/17\/des-de-siau-transmetem-el-nostre-condol-a-la-familia-i-amistats-de-jaime-bueno\/#breadcrumb","itemListElement":[{"@type":"ListItem","position":1,"name":"Inici","item":"https:\/\/www.siau.cat\/"},{"@type":"ListItem","position":2,"name":"Des de SIAU transmetem el nostre condol a la fam\u00edlia i amistats de Jaime Bueno"}]},{"@type":"WebSite","@id":"https:\/\/www.siau.cat\/#website","url":"https:\/\/www.siau.cat\/","name":"SIAU - SINDICAT INDEPENDENT, AUT\u00d2NOM I UNITARI","description":"Ara s&iacute; que tenim la veu","publisher":{"@id":"https:\/\/www.siau.cat\/#organization"},"potentialAction":[{"@type":"SearchAction","target":{"@type":"EntryPoint","urlTemplate":"https:\/\/www.siau.cat\/?s={search_term_string}"},"query-input":{"@type":"PropertyValueSpecification","valueRequired":true,"valueName":"search_term_string"}}],"inLanguage":"ca"},{"@type":"Organization","@id":"https:\/\/www.siau.cat\/#organization","name":"SIAU","url":"https:\/\/www.siau.cat\/","logo":{"@type":"ImageObject","inLanguage":"ca","@id":"https:\/\/www.siau.cat\/#\/schema\/logo\/image\/","url":"https:\/\/www.siau.cat\/wp-content\/uploads\/2022\/03\/cropped-resized_LOGO-SIAU-5-e1652020847972.jpg","contentUrl":"https:\/\/www.siau.cat\/wp-content\/uploads\/2022\/03\/cropped-resized_LOGO-SIAU-5-e1652020847972.jpg","width":1600,"height":1200,"caption":"SIAU"},"image":{"@id":"https:\/\/www.siau.cat\/#\/schema\/logo\/image\/"}},{"@type":"Person","@id":"https:\/\/www.siau.cat\/#\/schema\/person\/810c15694a7e538934bb4be53ebcba0d","name":"admin","image":{"@type":"ImageObject","inLanguage":"ca","@id":"https:\/\/www.siau.cat\/#\/schema\/person\/image\/","url":"https:\/\/www.siau.cat\/wp-content\/litespeed\/avatar\/d73ebfac3daa0b52552b2ccea63469da.jpg?ver=1777403609","contentUrl":"https:\/\/www.siau.cat\/wp-content\/litespeed\/avatar\/d73ebfac3daa0b52552b2ccea63469da.jpg?ver=1777403609","caption":"admin"},"sameAs":["https:\/\/www.siau.cat"],"url":"https:\/\/www.siau.cat\/index.php\/author\/admin\/"}]}},"jetpack_featured_media_url":"","jetpack_sharing_enabled":true,"_links":{"self":[{"href":"https:\/\/www.siau.cat\/index.php\/wp-json\/wp\/v2\/posts\/910","targetHints":{"allow":["GET"]}}],"collection":[{"href":"https:\/\/www.siau.cat\/index.php\/wp-json\/wp\/v2\/posts"}],"about":[{"href":"https:\/\/www.siau.cat\/index.php\/wp-json\/wp\/v2\/types\/post"}],"author":[{"embeddable":true,"href":"https:\/\/www.siau.cat\/index.php\/wp-json\/wp\/v2\/users\/1"}],"replies":[{"embeddable":true,"href":"https:\/\/www.siau.cat\/index.php\/wp-json\/wp\/v2\/comments?post=910"}],"version-history":[{"count":1,"href":"https:\/\/www.siau.cat\/index.php\/wp-json\/wp\/v2\/posts\/910\/revisions"}],"predecessor-version":[{"id":912,"href":"https:\/\/www.siau.cat\/index.php\/wp-json\/wp\/v2\/posts\/910\/revisions\/912"}],"wp:attachment":[{"href":"https:\/\/www.siau.cat\/index.php\/wp-json\/wp\/v2\/media?parent=910"}],"wp:term":[{"taxonomy":"category","embeddable":true,"href":"https:\/\/www.siau.cat\/index.php\/wp-json\/wp\/v2\/categories?post=910"},{"taxonomy":"post_tag","embeddable":true,"href":"https:\/\/www.siau.cat\/index.php\/wp-json\/wp\/v2\/tags?post=910"}],"curies":[{"name":"wp","href":"https:\/\/api.w.org\/{rel}","templated":true}]}}