{"id":963,"date":"2023-08-22T16:44:36","date_gmt":"2023-08-22T16:44:36","guid":{"rendered":"https:\/\/www.siau.cat\/?p=963"},"modified":"2023-08-22T16:44:38","modified_gmt":"2023-08-22T16:44:38","slug":"lagencia-espanyola-de-proteccio-de-dades-sanciona-la-conselleria-deducacio-per-haver-comes-una-infraccio-greu-contra-el-secretari-general-de-siau","status":"publish","type":"post","link":"https:\/\/www.siau.cat\/index.php\/2023\/08\/22\/lagencia-espanyola-de-proteccio-de-dades-sanciona-la-conselleria-deducacio-per-haver-comes-una-infraccio-greu-contra-el-secretari-general-de-siau\/","title":{"rendered":"L&#8217;Ag\u00e8ncia Espanyola de Protecci\u00f3 de Dades sanciona la Conselleria d&#8217;Educaci\u00f3 per haver com\u00e8s una infracci\u00f3 greu contra el secretari general de SIAU"},"content":{"rendered":"\n<figure class=\"wp-block-image size-large\"><img loading=\"lazy\" decoding=\"async\" width=\"1024\" height=\"499\" src=\"https:\/\/www.siau.cat\/wp-content\/uploads\/2023\/08\/inici-sessio-1024x499.png\" alt=\"\" class=\"wp-image-964\" srcset=\"https:\/\/www.siau.cat\/wp-content\/uploads\/2023\/08\/inici-sessio-1024x499.png 1024w, https:\/\/www.siau.cat\/wp-content\/uploads\/2023\/08\/inici-sessio-350x171.png 350w, https:\/\/www.siau.cat\/wp-content\/uploads\/2023\/08\/inici-sessio-300x146.png 300w, https:\/\/www.siau.cat\/wp-content\/uploads\/2023\/08\/inici-sessio-768x374.png 768w, https:\/\/www.siau.cat\/wp-content\/uploads\/2023\/08\/inici-sessio-1536x748.png 1536w, https:\/\/www.siau.cat\/wp-content\/uploads\/2023\/08\/inici-sessio-24x12.png 24w, https:\/\/www.siau.cat\/wp-content\/uploads\/2023\/08\/inici-sessio-36x18.png 36w, https:\/\/www.siau.cat\/wp-content\/uploads\/2023\/08\/inici-sessio-48x23.png 48w, https:\/\/www.siau.cat\/wp-content\/uploads\/2023\/08\/inici-sessio.png 1962w\" sizes=\"auto, (max-width: 767px) 89vw, (max-width: 1000px) 54vw, (max-width: 1071px) 543px, 580px\" \/><figcaption class=\"wp-element-caption\">Captura de pantalla de l&#8217;intent d&#8217;acc\u00e9s denunciat, vulnerant-se l&#8217;article 32 del RGPD<\/figcaption><\/figure>\n\n\n\n<p class=\"has-text-align-justify\">Arrel de dues den\u00fancies presentades per l\u2019actual secretari general de SIAU, en menys d\u2019un any la Conselleria d\u2019Educaci\u00f3 ha rebut dues sancions importants. La primera fou a finals de l\u2019any 2022, despr\u00e9s que el Jutjat contenci\u00f3s administratiu n\u00fam. 2 de Palma don\u00e9s la ra\u00f3 a Joan Cresp\u00ed a trav\u00e9s d\u2019una sent\u00e8ncia pionera que condemnava la Conselleria, creant-se per primera vegada jurisprud\u00e8ncia a les Illes Balears sobre el tema de la demanda i repercutint positivament a tot el funcionariat del nostre territori, en relaci\u00f3 amb el dret a cobrar amb efectes retroactius totes les pujades salarials assolides durant les baixes laborals. I la segona sanci\u00f3, com hem sabut recentment i tot seguit detallarem, ha estat imposada per l\u2019Ag\u00e8ncia Estatal de Protecci\u00f3 de Dades (AEPD) tamb\u00e9 contra la Conselleria, per haver com\u00e8s, aquesta darrera, una infracci\u00f3 greu entorn de la privacitat i protecci\u00f3 de dades del Sr. Cresp\u00ed; aquest cop Educaci\u00f3 ha hagut de rectificar i implementar mesures correctores per a garantir la seguretat i protecci\u00f3 de dades del professorat de les Illes Balears.<\/p>\n\n\n\n<p class=\"has-text-align-justify\">Els fets que exposam avui es remunten a quan el secretari general de SIAU exercia doc\u00e8ncia en <em>Es<\/em><em> Pinaret<\/em>, un centre considerat \u00abd\u2019especial dificultat\u00bb que pertany a l\u2019IES Can Balo, moment en qu\u00e8 li assignaren una adre\u00e7a de correu electr\u00f2nic corporatiu a la que deix\u00e0 de tenir acc\u00e9s en finalitzar el curs acad\u00e8mic 2020-2021. Malgrat aix\u00f2, en data 15 de desembre de 2021, reb\u00e9 en el seu correu electr\u00f2nic personal una comunicaci\u00f3 de <em>G<\/em><em>oogle<\/em> informant-lo d\u2019un nou inici de sessi\u00f3 al referit compte corporatiu, fet que podia tractar-se d\u2019una suplantaci\u00f3 d\u2019identitat i vulneraci\u00f3 dels drets al voltant de la protecci\u00f3 de dades. Els fets es varen denunciar a l\u2019Ag\u00e8ncia Estatal de Protecci\u00f3 de Dades, m\u00e9s tenint en compte que durant aquell curs acad\u00e8mic, el 80% del professorat que treballava dins d\u2019<em>Es<\/em><em> Pinaret<\/em> havia signat i registrat una carta dirigida als principals responsables de la Conselleria d\u2019Educaci\u00f3 on es denunciaven una s\u00e8rie de presumptes irregularitats, part d\u2019elles relacionades amb la privacitat i la protecci\u00f3 de dades personals del professorat destinat all\u00e0. No obstant aix\u00f2, la Conselleria d\u2019Educaci\u00f3 tanc\u00e0 files amb l\u2019equip directiu, com era d\u2019esperar, i no es tingu\u00e9 const\u00e0ncia que es produ\u00eds cap mena d\u2019investigaci\u00f3 envers els fets denunciats. Tot el contrari del que va fer la Subdirecci\u00f3 General d\u2019Inspecci\u00f3 de Dades, que s\u00ed que va optar per investigar la Conselleria d\u2019Educaci\u00f3 i del resultat de les investigacions s\u2019arrib\u00e0 a la conclusi\u00f3, entre altres, que el dia 15 de desembre hi va haver un acc\u00e9s al compte de correu corporatiu esmentat anteriorment, i que l\u2019IES Can Balo no va aportar documentaci\u00f3 acreditativa de les pol\u00edtiques de seguretat del correu electr\u00f2nic corporatiu, nom\u00e9s d\u2019\u00fas i informaci\u00f3 que es facilita als empleats i usuaris i normes de cancel\u00b7laci\u00f3 dels comptes de correu electr\u00f2nic del personal cessant. Fruit de les actuacions, la directora de l\u2019AEPD acord\u00e0 iniciar un expedient sancionador contra la Conselleria d\u2019Educaci\u00f3. Aquesta darrera s\u2019excus\u00e0, sense \u00e8xit, en una flexibilitzaci\u00f3 de les normes d\u2019acc\u00e9s als correus corporatius a causa de les implicacions de la pand\u00e8mia de la COVID-19 i que era el mateix docent qui havia accedit a una de les aplicacions; tamb\u00e9 afirm\u00e0 que s\u2019havien donat instruccions sobre seguretat inform\u00e0tica de forma verbal i que no fou fins pr\u00e0cticament un any m\u00e9s tard que aprov\u00e0 un protocol escrit per a garantir la seguretat dels correus corporatius. Finalment, Educaci\u00f3 sol\u00b7licit\u00e0 a l\u2019AEPD, tamb\u00e9 sense \u00e8xit, que arxiv\u00e9s l\u2019expedient sancionador, amb la conseg\u00fcent declaraci\u00f3 d\u2019abs\u00e8ncia de responsabilitat.<\/p>\n\n\n\n<p class=\"has-text-align-justify\">Tanmateix, la Conselleria d\u2019Educaci\u00f3 sabia que estava obligada al compliment del Reglament (UE) 2016\/679 del Parlament Europeu i del Consell de 27 d\u2019abril de 2016 i de la Llei org\u00e0nica 3\/2018, de 5 de desembre, de Protecci\u00f3 de Dades Personals i Garanties dels Drets Digitals. Cal tenir present que el Reglament General de Protecci\u00f3 de Dades (RGPD), a l\u2019article 32, exigeix als responsables del tractament de dades, l\u2019adopci\u00f3 de les corresponents mesures de seguretat necess\u00e0ries que garanteixin que el tractament \u00e9s conforme a la normativa vigent, aix\u00ed com garantir que qualsevol persona que actu\u00ef baix l\u2019autoritat del responsable o de l\u2019encarregat i tengui acc\u00e9s a dades personal, nom\u00e9s els pugui tractar seguint instruccions del responsable.<\/p>\n\n\n\n<p class=\"has-text-align-justify\">L\u2019AEPD afirma, respecte Educaci\u00f3, que \u00ables mesures de seguretat no s\u2019estaven complint en el moment dels fets\u00bb, tamb\u00e9 que \u00abes dedueix una falta de deguda dilig\u00e8ncia tant en el compliment de les mesures de seguretat establertes, aix\u00ed com en la supervisi\u00f3 o comprovaci\u00f3 de la seva observan\u00e7a i\/o de la idone\u00eftat d\u2019aquestes\u00bb i \u00abque les mesures de seguretat implantades eren insuficients, susceptibles de ser millorades; el que es posa de manifest amb l\u2019afirmaci\u00f3 de qu\u00e8, fins a setembre de 2022, el centre no dispos\u00e0 d\u2019un protocol d\u2019\u00fas dels comptes corporatius per als comptes nous.\u00bb<\/p>\n\n\n\n<p class=\"has-text-align-justify\">Per tot aix\u00f2, la directora de l\u2019AEPD ha sancionat amb \u00abadvertiment\u00bb a la Conselleria d\u2019Educaci\u00f3, per haver com\u00e8s una infracci\u00f3 greu contra el secretari general de SIAU, Joan Cresp\u00ed, concretament la vulneraci\u00f3 de l\u2019article 32 del RGPD, tipificada a l\u2019article 83.4 del RGPD. La resoluci\u00f3, notificada a la Conselleria d\u2019Educaci\u00f3 i tamb\u00e9 comunicada al Defensor del Poble, confirma que hi havia falta d\u2019adopci\u00f3 d\u2019aquelles mesures t\u00e8cniques i organitzatives que resultin apropiades per a garantir un nivell de seguretat adequat al risc del tractament.<\/p>\n\n\n\n<p class=\"has-text-align-justify\">Les sancions que la Conselleria d\u2019Educaci\u00f3 acumula a causa de la nefasta gesti\u00f3 promoguda pels seus antics dirigents, cessats durant el passat mes de juliol, tenen una estreta relaci\u00f3 amb els darrers esdeveniments que viuen alguns dels nostres representants sindicals i tamb\u00e9 amb el malestar que darrerament es respira dins la comunitat educativa. Fa temps que s\u2019arrosseguen les conseq\u00fc\u00e8ncies d\u2019una pol\u00edtica perpetuada a base de nyaps i mals vicis. Per aix\u00f2, la majoria dels i les docents trobam a faltar l\u2019efici\u00e8ncia i una vertadera separaci\u00f3 de poders entre els distints actors socials. Aquesta passada legislatura, la Conselleria i els seus sindicats, en comptes de dedicar els esfor\u00e7os al vertaderament important, decidiren passar totes les l\u00ednies vermelles: assenyalar, perseguir i coaccionar no nom\u00e9s a representants nostres sin\u00f3 tamb\u00e9 a grans professionals an\u00f2nims que es deixen la pell cada dia en el seu lloc de treball. Que una vegada m\u00e9s, com hem sabut recentment, un organisme tan rellevant com \u00e9s l\u2019AEPD hagi sancionat i obligat a rectificar a Educaci\u00f3 per haver com\u00e8s una infracci\u00f3 greu, no fa m\u00e9s que encoratjar-nos, com a col\u00b7lectiu, a no defallir i a continuar avan\u00e7ant per a la millora dels nostres drets sociolaborals.<\/p>\n","protected":false},"excerpt":{"rendered":"<p>Arrel de dues den\u00fancies presentades per l\u2019actual secretari general de SIAU, en menys d\u2019un any la Conselleria d\u2019Educaci\u00f3 ha rebut dues sancions importants. La primera fou a finals de l\u2019any 2022, despr\u00e9s que el Jutjat contenci\u00f3s administratiu n\u00fam. 2 de Palma don\u00e9s la ra\u00f3 a Joan Cresp\u00ed a trav\u00e9s d\u2019una sent\u00e8ncia pionera que condemnava la &hellip; <\/p>\n<p class=\"link-more\"><a href=\"https:\/\/www.siau.cat\/index.php\/2023\/08\/22\/lagencia-espanyola-de-proteccio-de-dades-sanciona-la-conselleria-deducacio-per-haver-comes-una-infraccio-greu-contra-el-secretari-general-de-siau\/\" class=\"more-link\">Continua llegint <span class=\"screen-reader-text\">\u00abL&#8217;Ag\u00e8ncia Espanyola de Protecci\u00f3 de Dades sanciona la Conselleria d&#8217;Educaci\u00f3 per haver com\u00e8s una infracci\u00f3 greu contra el secretari general de SIAU\u00bb<\/span><\/a><\/p>\n","protected":false},"author":1,"featured_media":0,"comment_status":"closed","ping_status":"open","sticky":false,"template":"","format":"standard","meta":{"_jetpack_memberships_contains_paid_content":false,"footnotes":""},"categories":[1],"tags":[],"class_list":["post-963","post","type-post","status-publish","format-standard","hentry","category-uncategorized"],"yoast_head":"<!-- This site is optimized with the Yoast SEO plugin v25.4 - https:\/\/yoast.com\/wordpress\/plugins\/seo\/ -->\n<title>L&#039;Ag\u00e8ncia Espanyola de Protecci\u00f3 de Dades sanciona la Conselleria d&#039;Educaci\u00f3 per haver com\u00e8s una infracci\u00f3 greu contra el secretari general de SIAU &#8212; SIAU - SINDICAT INDEPENDENT, AUT\u00d2NOM I UNITARI<\/title>\n<meta name=\"robots\" content=\"index, follow, max-snippet:-1, max-image-preview:large, max-video-preview:-1\" \/>\n<link rel=\"canonical\" href=\"https:\/\/www.siau.cat\/index.php\/2023\/08\/22\/lagencia-espanyola-de-proteccio-de-dades-sanciona-la-conselleria-deducacio-per-haver-comes-una-infraccio-greu-contra-el-secretari-general-de-siau\/\" \/>\n<meta property=\"og:locale\" content=\"ca_ES\" \/>\n<meta property=\"og:type\" content=\"article\" \/>\n<meta property=\"og:title\" content=\"L&#039;Ag\u00e8ncia Espanyola de Protecci\u00f3 de Dades sanciona la Conselleria d&#039;Educaci\u00f3 per haver com\u00e8s una infracci\u00f3 greu contra el secretari general de SIAU &#8212; SIAU - SINDICAT INDEPENDENT, AUT\u00d2NOM I UNITARI\" \/>\n<meta property=\"og:description\" content=\"Arrel de dues den\u00fancies presentades per l\u2019actual secretari general de SIAU, en menys d\u2019un any la Conselleria d\u2019Educaci\u00f3 ha rebut dues sancions importants. La primera fou a finals de l\u2019any 2022, despr\u00e9s que el Jutjat contenci\u00f3s administratiu n\u00fam. 2 de Palma don\u00e9s la ra\u00f3 a Joan Cresp\u00ed a trav\u00e9s d\u2019una sent\u00e8ncia pionera que condemnava la &hellip; Continua llegint \u00abL&#8217;Ag\u00e8ncia Espanyola de Protecci\u00f3 de Dades sanciona la Conselleria d&#8217;Educaci\u00f3 per haver com\u00e8s una infracci\u00f3 greu contra el secretari general de SIAU\u00bb\" \/>\n<meta property=\"og:url\" content=\"https:\/\/www.siau.cat\/index.php\/2023\/08\/22\/lagencia-espanyola-de-proteccio-de-dades-sanciona-la-conselleria-deducacio-per-haver-comes-una-infraccio-greu-contra-el-secretari-general-de-siau\/\" \/>\n<meta property=\"og:site_name\" content=\"SIAU - SINDICAT INDEPENDENT, AUT\u00d2NOM I UNITARI\" \/>\n<meta property=\"article:published_time\" content=\"2023-08-22T16:44:36+00:00\" \/>\n<meta property=\"article:modified_time\" content=\"2023-08-22T16:44:38+00:00\" \/>\n<meta property=\"og:image\" content=\"https:\/\/www.siau.cat\/wp-content\/uploads\/2023\/08\/inici-sessio-1024x499.png\" \/>\n<meta name=\"author\" content=\"admin\" \/>\n<meta name=\"twitter:card\" content=\"summary_large_image\" \/>\n<meta name=\"twitter:label1\" content=\"Escrit per\" \/>\n\t<meta name=\"twitter:data1\" content=\"admin\" \/>\n\t<meta name=\"twitter:label2\" content=\"Temps estimat de lectura\" \/>\n\t<meta name=\"twitter:data2\" content=\"7 minuts\" \/>\n<script type=\"application\/ld+json\" class=\"yoast-schema-graph\">{\"@context\":\"https:\/\/schema.org\",\"@graph\":[{\"@type\":\"Article\",\"@id\":\"https:\/\/www.siau.cat\/index.php\/2023\/08\/22\/lagencia-espanyola-de-proteccio-de-dades-sanciona-la-conselleria-deducacio-per-haver-comes-una-infraccio-greu-contra-el-secretari-general-de-siau\/#article\",\"isPartOf\":{\"@id\":\"https:\/\/www.siau.cat\/index.php\/2023\/08\/22\/lagencia-espanyola-de-proteccio-de-dades-sanciona-la-conselleria-deducacio-per-haver-comes-una-infraccio-greu-contra-el-secretari-general-de-siau\/\"},\"author\":{\"name\":\"admin\",\"@id\":\"https:\/\/www.siau.cat\/#\/schema\/person\/810c15694a7e538934bb4be53ebcba0d\"},\"headline\":\"L&#8217;Ag\u00e8ncia Espanyola de Protecci\u00f3 de Dades sanciona la Conselleria d&#8217;Educaci\u00f3 per haver com\u00e8s una infracci\u00f3 greu contra el secretari general de SIAU\",\"datePublished\":\"2023-08-22T16:44:36+00:00\",\"dateModified\":\"2023-08-22T16:44:38+00:00\",\"mainEntityOfPage\":{\"@id\":\"https:\/\/www.siau.cat\/index.php\/2023\/08\/22\/lagencia-espanyola-de-proteccio-de-dades-sanciona-la-conselleria-deducacio-per-haver-comes-una-infraccio-greu-contra-el-secretari-general-de-siau\/\"},\"wordCount\":1207,\"publisher\":{\"@id\":\"https:\/\/www.siau.cat\/#organization\"},\"image\":{\"@id\":\"https:\/\/www.siau.cat\/index.php\/2023\/08\/22\/lagencia-espanyola-de-proteccio-de-dades-sanciona-la-conselleria-deducacio-per-haver-comes-una-infraccio-greu-contra-el-secretari-general-de-siau\/#primaryimage\"},\"thumbnailUrl\":\"https:\/\/www.siau.cat\/wp-content\/uploads\/2023\/08\/inici-sessio-1024x499.png\",\"articleSection\":[\"Uncategorized\"],\"inLanguage\":\"ca\"},{\"@type\":\"WebPage\",\"@id\":\"https:\/\/www.siau.cat\/index.php\/2023\/08\/22\/lagencia-espanyola-de-proteccio-de-dades-sanciona-la-conselleria-deducacio-per-haver-comes-una-infraccio-greu-contra-el-secretari-general-de-siau\/\",\"url\":\"https:\/\/www.siau.cat\/index.php\/2023\/08\/22\/lagencia-espanyola-de-proteccio-de-dades-sanciona-la-conselleria-deducacio-per-haver-comes-una-infraccio-greu-contra-el-secretari-general-de-siau\/\",\"name\":\"L'Ag\u00e8ncia Espanyola de Protecci\u00f3 de Dades sanciona la Conselleria d'Educaci\u00f3 per haver com\u00e8s una infracci\u00f3 greu contra el secretari general de SIAU &#8212; SIAU - SINDICAT INDEPENDENT, AUT\u00d2NOM I UNITARI\",\"isPartOf\":{\"@id\":\"https:\/\/www.siau.cat\/#website\"},\"primaryImageOfPage\":{\"@id\":\"https:\/\/www.siau.cat\/index.php\/2023\/08\/22\/lagencia-espanyola-de-proteccio-de-dades-sanciona-la-conselleria-deducacio-per-haver-comes-una-infraccio-greu-contra-el-secretari-general-de-siau\/#primaryimage\"},\"image\":{\"@id\":\"https:\/\/www.siau.cat\/index.php\/2023\/08\/22\/lagencia-espanyola-de-proteccio-de-dades-sanciona-la-conselleria-deducacio-per-haver-comes-una-infraccio-greu-contra-el-secretari-general-de-siau\/#primaryimage\"},\"thumbnailUrl\":\"https:\/\/www.siau.cat\/wp-content\/uploads\/2023\/08\/inici-sessio-1024x499.png\",\"datePublished\":\"2023-08-22T16:44:36+00:00\",\"dateModified\":\"2023-08-22T16:44:38+00:00\",\"breadcrumb\":{\"@id\":\"https:\/\/www.siau.cat\/index.php\/2023\/08\/22\/lagencia-espanyola-de-proteccio-de-dades-sanciona-la-conselleria-deducacio-per-haver-comes-una-infraccio-greu-contra-el-secretari-general-de-siau\/#breadcrumb\"},\"inLanguage\":\"ca\",\"potentialAction\":[{\"@type\":\"ReadAction\",\"target\":[\"https:\/\/www.siau.cat\/index.php\/2023\/08\/22\/lagencia-espanyola-de-proteccio-de-dades-sanciona-la-conselleria-deducacio-per-haver-comes-una-infraccio-greu-contra-el-secretari-general-de-siau\/\"]}]},{\"@type\":\"ImageObject\",\"inLanguage\":\"ca\",\"@id\":\"https:\/\/www.siau.cat\/index.php\/2023\/08\/22\/lagencia-espanyola-de-proteccio-de-dades-sanciona-la-conselleria-deducacio-per-haver-comes-una-infraccio-greu-contra-el-secretari-general-de-siau\/#primaryimage\",\"url\":\"https:\/\/www.siau.cat\/wp-content\/uploads\/2023\/08\/inici-sessio.png\",\"contentUrl\":\"https:\/\/www.siau.cat\/wp-content\/uploads\/2023\/08\/inici-sessio.png\",\"width\":1962,\"height\":956},{\"@type\":\"BreadcrumbList\",\"@id\":\"https:\/\/www.siau.cat\/index.php\/2023\/08\/22\/lagencia-espanyola-de-proteccio-de-dades-sanciona-la-conselleria-deducacio-per-haver-comes-una-infraccio-greu-contra-el-secretari-general-de-siau\/#breadcrumb\",\"itemListElement\":[{\"@type\":\"ListItem\",\"position\":1,\"name\":\"Inici\",\"item\":\"https:\/\/www.siau.cat\/\"},{\"@type\":\"ListItem\",\"position\":2,\"name\":\"L&#8217;Ag\u00e8ncia Espanyola de Protecci\u00f3 de Dades sanciona la Conselleria d&#8217;Educaci\u00f3 per haver com\u00e8s una infracci\u00f3 greu contra el secretari general de SIAU\"}]},{\"@type\":\"WebSite\",\"@id\":\"https:\/\/www.siau.cat\/#website\",\"url\":\"https:\/\/www.siau.cat\/\",\"name\":\"SIAU - SINDICAT INDEPENDENT, AUT\u00d2NOM I UNITARI\",\"description\":\"Ara s&iacute; que tenim la veu\",\"publisher\":{\"@id\":\"https:\/\/www.siau.cat\/#organization\"},\"potentialAction\":[{\"@type\":\"SearchAction\",\"target\":{\"@type\":\"EntryPoint\",\"urlTemplate\":\"https:\/\/www.siau.cat\/?s={search_term_string}\"},\"query-input\":{\"@type\":\"PropertyValueSpecification\",\"valueRequired\":true,\"valueName\":\"search_term_string\"}}],\"inLanguage\":\"ca\"},{\"@type\":\"Organization\",\"@id\":\"https:\/\/www.siau.cat\/#organization\",\"name\":\"SIAU\",\"url\":\"https:\/\/www.siau.cat\/\",\"logo\":{\"@type\":\"ImageObject\",\"inLanguage\":\"ca\",\"@id\":\"https:\/\/www.siau.cat\/#\/schema\/logo\/image\/\",\"url\":\"https:\/\/www.siau.cat\/wp-content\/uploads\/2022\/03\/cropped-resized_LOGO-SIAU-5-e1652020847972.jpg\",\"contentUrl\":\"https:\/\/www.siau.cat\/wp-content\/uploads\/2022\/03\/cropped-resized_LOGO-SIAU-5-e1652020847972.jpg\",\"width\":1600,\"height\":1200,\"caption\":\"SIAU\"},\"image\":{\"@id\":\"https:\/\/www.siau.cat\/#\/schema\/logo\/image\/\"}},{\"@type\":\"Person\",\"@id\":\"https:\/\/www.siau.cat\/#\/schema\/person\/810c15694a7e538934bb4be53ebcba0d\",\"name\":\"admin\",\"image\":{\"@type\":\"ImageObject\",\"inLanguage\":\"ca\",\"@id\":\"https:\/\/www.siau.cat\/#\/schema\/person\/image\/\",\"url\":\"https:\/\/www.siau.cat\/wp-content\/litespeed\/avatar\/d73ebfac3daa0b52552b2ccea63469da.jpg?ver=1777403609\",\"contentUrl\":\"https:\/\/www.siau.cat\/wp-content\/litespeed\/avatar\/d73ebfac3daa0b52552b2ccea63469da.jpg?ver=1777403609\",\"caption\":\"admin\"},\"sameAs\":[\"https:\/\/www.siau.cat\"],\"url\":\"https:\/\/www.siau.cat\/index.php\/author\/admin\/\"}]}<\/script>\n<!-- \/ Yoast SEO plugin. -->","yoast_head_json":{"title":"L'Ag\u00e8ncia Espanyola de Protecci\u00f3 de Dades sanciona la Conselleria d'Educaci\u00f3 per haver com\u00e8s una infracci\u00f3 greu contra el secretari general de SIAU &#8212; SIAU - SINDICAT INDEPENDENT, AUT\u00d2NOM I UNITARI","robots":{"index":"index","follow":"follow","max-snippet":"max-snippet:-1","max-image-preview":"max-image-preview:large","max-video-preview":"max-video-preview:-1"},"canonical":"https:\/\/www.siau.cat\/index.php\/2023\/08\/22\/lagencia-espanyola-de-proteccio-de-dades-sanciona-la-conselleria-deducacio-per-haver-comes-una-infraccio-greu-contra-el-secretari-general-de-siau\/","og_locale":"ca_ES","og_type":"article","og_title":"L'Ag\u00e8ncia Espanyola de Protecci\u00f3 de Dades sanciona la Conselleria d'Educaci\u00f3 per haver com\u00e8s una infracci\u00f3 greu contra el secretari general de SIAU &#8212; SIAU - SINDICAT INDEPENDENT, AUT\u00d2NOM I UNITARI","og_description":"Arrel de dues den\u00fancies presentades per l\u2019actual secretari general de SIAU, en menys d\u2019un any la Conselleria d\u2019Educaci\u00f3 ha rebut dues sancions importants. La primera fou a finals de l\u2019any 2022, despr\u00e9s que el Jutjat contenci\u00f3s administratiu n\u00fam. 2 de Palma don\u00e9s la ra\u00f3 a Joan Cresp\u00ed a trav\u00e9s d\u2019una sent\u00e8ncia pionera que condemnava la &hellip; Continua llegint \u00abL&#8217;Ag\u00e8ncia Espanyola de Protecci\u00f3 de Dades sanciona la Conselleria d&#8217;Educaci\u00f3 per haver com\u00e8s una infracci\u00f3 greu contra el secretari general de SIAU\u00bb","og_url":"https:\/\/www.siau.cat\/index.php\/2023\/08\/22\/lagencia-espanyola-de-proteccio-de-dades-sanciona-la-conselleria-deducacio-per-haver-comes-una-infraccio-greu-contra-el-secretari-general-de-siau\/","og_site_name":"SIAU - SINDICAT INDEPENDENT, AUT\u00d2NOM I UNITARI","article_published_time":"2023-08-22T16:44:36+00:00","article_modified_time":"2023-08-22T16:44:38+00:00","og_image":[{"url":"https:\/\/www.siau.cat\/wp-content\/uploads\/2023\/08\/inici-sessio-1024x499.png","type":"","width":"","height":""}],"author":"admin","twitter_card":"summary_large_image","twitter_misc":{"Escrit per":"admin","Temps estimat de lectura":"7 minuts"},"schema":{"@context":"https:\/\/schema.org","@graph":[{"@type":"Article","@id":"https:\/\/www.siau.cat\/index.php\/2023\/08\/22\/lagencia-espanyola-de-proteccio-de-dades-sanciona-la-conselleria-deducacio-per-haver-comes-una-infraccio-greu-contra-el-secretari-general-de-siau\/#article","isPartOf":{"@id":"https:\/\/www.siau.cat\/index.php\/2023\/08\/22\/lagencia-espanyola-de-proteccio-de-dades-sanciona-la-conselleria-deducacio-per-haver-comes-una-infraccio-greu-contra-el-secretari-general-de-siau\/"},"author":{"name":"admin","@id":"https:\/\/www.siau.cat\/#\/schema\/person\/810c15694a7e538934bb4be53ebcba0d"},"headline":"L&#8217;Ag\u00e8ncia Espanyola de Protecci\u00f3 de Dades sanciona la Conselleria d&#8217;Educaci\u00f3 per haver com\u00e8s una infracci\u00f3 greu contra el secretari general de SIAU","datePublished":"2023-08-22T16:44:36+00:00","dateModified":"2023-08-22T16:44:38+00:00","mainEntityOfPage":{"@id":"https:\/\/www.siau.cat\/index.php\/2023\/08\/22\/lagencia-espanyola-de-proteccio-de-dades-sanciona-la-conselleria-deducacio-per-haver-comes-una-infraccio-greu-contra-el-secretari-general-de-siau\/"},"wordCount":1207,"publisher":{"@id":"https:\/\/www.siau.cat\/#organization"},"image":{"@id":"https:\/\/www.siau.cat\/index.php\/2023\/08\/22\/lagencia-espanyola-de-proteccio-de-dades-sanciona-la-conselleria-deducacio-per-haver-comes-una-infraccio-greu-contra-el-secretari-general-de-siau\/#primaryimage"},"thumbnailUrl":"https:\/\/www.siau.cat\/wp-content\/uploads\/2023\/08\/inici-sessio-1024x499.png","articleSection":["Uncategorized"],"inLanguage":"ca"},{"@type":"WebPage","@id":"https:\/\/www.siau.cat\/index.php\/2023\/08\/22\/lagencia-espanyola-de-proteccio-de-dades-sanciona-la-conselleria-deducacio-per-haver-comes-una-infraccio-greu-contra-el-secretari-general-de-siau\/","url":"https:\/\/www.siau.cat\/index.php\/2023\/08\/22\/lagencia-espanyola-de-proteccio-de-dades-sanciona-la-conselleria-deducacio-per-haver-comes-una-infraccio-greu-contra-el-secretari-general-de-siau\/","name":"L'Ag\u00e8ncia Espanyola de Protecci\u00f3 de Dades sanciona la Conselleria d'Educaci\u00f3 per haver com\u00e8s una infracci\u00f3 greu contra el secretari general de SIAU &#8212; SIAU - SINDICAT INDEPENDENT, AUT\u00d2NOM I UNITARI","isPartOf":{"@id":"https:\/\/www.siau.cat\/#website"},"primaryImageOfPage":{"@id":"https:\/\/www.siau.cat\/index.php\/2023\/08\/22\/lagencia-espanyola-de-proteccio-de-dades-sanciona-la-conselleria-deducacio-per-haver-comes-una-infraccio-greu-contra-el-secretari-general-de-siau\/#primaryimage"},"image":{"@id":"https:\/\/www.siau.cat\/index.php\/2023\/08\/22\/lagencia-espanyola-de-proteccio-de-dades-sanciona-la-conselleria-deducacio-per-haver-comes-una-infraccio-greu-contra-el-secretari-general-de-siau\/#primaryimage"},"thumbnailUrl":"https:\/\/www.siau.cat\/wp-content\/uploads\/2023\/08\/inici-sessio-1024x499.png","datePublished":"2023-08-22T16:44:36+00:00","dateModified":"2023-08-22T16:44:38+00:00","breadcrumb":{"@id":"https:\/\/www.siau.cat\/index.php\/2023\/08\/22\/lagencia-espanyola-de-proteccio-de-dades-sanciona-la-conselleria-deducacio-per-haver-comes-una-infraccio-greu-contra-el-secretari-general-de-siau\/#breadcrumb"},"inLanguage":"ca","potentialAction":[{"@type":"ReadAction","target":["https:\/\/www.siau.cat\/index.php\/2023\/08\/22\/lagencia-espanyola-de-proteccio-de-dades-sanciona-la-conselleria-deducacio-per-haver-comes-una-infraccio-greu-contra-el-secretari-general-de-siau\/"]}]},{"@type":"ImageObject","inLanguage":"ca","@id":"https:\/\/www.siau.cat\/index.php\/2023\/08\/22\/lagencia-espanyola-de-proteccio-de-dades-sanciona-la-conselleria-deducacio-per-haver-comes-una-infraccio-greu-contra-el-secretari-general-de-siau\/#primaryimage","url":"https:\/\/www.siau.cat\/wp-content\/uploads\/2023\/08\/inici-sessio.png","contentUrl":"https:\/\/www.siau.cat\/wp-content\/uploads\/2023\/08\/inici-sessio.png","width":1962,"height":956},{"@type":"BreadcrumbList","@id":"https:\/\/www.siau.cat\/index.php\/2023\/08\/22\/lagencia-espanyola-de-proteccio-de-dades-sanciona-la-conselleria-deducacio-per-haver-comes-una-infraccio-greu-contra-el-secretari-general-de-siau\/#breadcrumb","itemListElement":[{"@type":"ListItem","position":1,"name":"Inici","item":"https:\/\/www.siau.cat\/"},{"@type":"ListItem","position":2,"name":"L&#8217;Ag\u00e8ncia Espanyola de Protecci\u00f3 de Dades sanciona la Conselleria d&#8217;Educaci\u00f3 per haver com\u00e8s una infracci\u00f3 greu contra el secretari general de SIAU"}]},{"@type":"WebSite","@id":"https:\/\/www.siau.cat\/#website","url":"https:\/\/www.siau.cat\/","name":"SIAU - SINDICAT INDEPENDENT, AUT\u00d2NOM I UNITARI","description":"Ara s&iacute; que tenim la veu","publisher":{"@id":"https:\/\/www.siau.cat\/#organization"},"potentialAction":[{"@type":"SearchAction","target":{"@type":"EntryPoint","urlTemplate":"https:\/\/www.siau.cat\/?s={search_term_string}"},"query-input":{"@type":"PropertyValueSpecification","valueRequired":true,"valueName":"search_term_string"}}],"inLanguage":"ca"},{"@type":"Organization","@id":"https:\/\/www.siau.cat\/#organization","name":"SIAU","url":"https:\/\/www.siau.cat\/","logo":{"@type":"ImageObject","inLanguage":"ca","@id":"https:\/\/www.siau.cat\/#\/schema\/logo\/image\/","url":"https:\/\/www.siau.cat\/wp-content\/uploads\/2022\/03\/cropped-resized_LOGO-SIAU-5-e1652020847972.jpg","contentUrl":"https:\/\/www.siau.cat\/wp-content\/uploads\/2022\/03\/cropped-resized_LOGO-SIAU-5-e1652020847972.jpg","width":1600,"height":1200,"caption":"SIAU"},"image":{"@id":"https:\/\/www.siau.cat\/#\/schema\/logo\/image\/"}},{"@type":"Person","@id":"https:\/\/www.siau.cat\/#\/schema\/person\/810c15694a7e538934bb4be53ebcba0d","name":"admin","image":{"@type":"ImageObject","inLanguage":"ca","@id":"https:\/\/www.siau.cat\/#\/schema\/person\/image\/","url":"https:\/\/www.siau.cat\/wp-content\/litespeed\/avatar\/d73ebfac3daa0b52552b2ccea63469da.jpg?ver=1777403609","contentUrl":"https:\/\/www.siau.cat\/wp-content\/litespeed\/avatar\/d73ebfac3daa0b52552b2ccea63469da.jpg?ver=1777403609","caption":"admin"},"sameAs":["https:\/\/www.siau.cat"],"url":"https:\/\/www.siau.cat\/index.php\/author\/admin\/"}]}},"jetpack_featured_media_url":"","jetpack_sharing_enabled":true,"_links":{"self":[{"href":"https:\/\/www.siau.cat\/index.php\/wp-json\/wp\/v2\/posts\/963","targetHints":{"allow":["GET"]}}],"collection":[{"href":"https:\/\/www.siau.cat\/index.php\/wp-json\/wp\/v2\/posts"}],"about":[{"href":"https:\/\/www.siau.cat\/index.php\/wp-json\/wp\/v2\/types\/post"}],"author":[{"embeddable":true,"href":"https:\/\/www.siau.cat\/index.php\/wp-json\/wp\/v2\/users\/1"}],"replies":[{"embeddable":true,"href":"https:\/\/www.siau.cat\/index.php\/wp-json\/wp\/v2\/comments?post=963"}],"version-history":[{"count":1,"href":"https:\/\/www.siau.cat\/index.php\/wp-json\/wp\/v2\/posts\/963\/revisions"}],"predecessor-version":[{"id":965,"href":"https:\/\/www.siau.cat\/index.php\/wp-json\/wp\/v2\/posts\/963\/revisions\/965"}],"wp:attachment":[{"href":"https:\/\/www.siau.cat\/index.php\/wp-json\/wp\/v2\/media?parent=963"}],"wp:term":[{"taxonomy":"category","embeddable":true,"href":"https:\/\/www.siau.cat\/index.php\/wp-json\/wp\/v2\/categories?post=963"},{"taxonomy":"post_tag","embeddable":true,"href":"https:\/\/www.siau.cat\/index.php\/wp-json\/wp\/v2\/tags?post=963"}],"curies":[{"name":"wp","href":"https:\/\/api.w.org\/{rel}","templated":true}]}}