{"id":974,"date":"2023-09-11T11:14:05","date_gmt":"2023-09-11T11:14:05","guid":{"rendered":"https:\/\/www.siau.cat\/?p=974"},"modified":"2023-09-11T11:14:08","modified_gmt":"2023-09-11T11:14:08","slug":"siau-adverteix-que-no-hi-haura-un-curs-amb-normalitat-fins-que-no-es-canviin-les-paraules-per-fets","status":"publish","type":"post","link":"https:\/\/www.siau.cat\/index.php\/2023\/09\/11\/siau-adverteix-que-no-hi-haura-un-curs-amb-normalitat-fins-que-no-es-canviin-les-paraules-per-fets\/","title":{"rendered":"SIAU adverteix que no hi haur\u00e0 un curs amb normalitat fins que no es canvi\u00efn les paraules per fets"},"content":{"rendered":"\n<figure class=\"wp-block-image size-large\"><img loading=\"lazy\" decoding=\"async\" width=\"1024\" height=\"576\" src=\"https:\/\/www.siau.cat\/wp-content\/uploads\/2023\/09\/Sort-i-encerts-1024x576.jpg\" alt=\"\" class=\"wp-image-975\" srcset=\"https:\/\/www.siau.cat\/wp-content\/uploads\/2023\/09\/Sort-i-encerts-1024x576.jpg 1024w, https:\/\/www.siau.cat\/wp-content\/uploads\/2023\/09\/Sort-i-encerts-350x197.jpg 350w, https:\/\/www.siau.cat\/wp-content\/uploads\/2023\/09\/Sort-i-encerts-300x169.jpg 300w, https:\/\/www.siau.cat\/wp-content\/uploads\/2023\/09\/Sort-i-encerts-768x432.jpg 768w, https:\/\/www.siau.cat\/wp-content\/uploads\/2023\/09\/Sort-i-encerts-1536x864.jpg 1536w, https:\/\/www.siau.cat\/wp-content\/uploads\/2023\/09\/Sort-i-encerts-24x14.jpg 24w, https:\/\/www.siau.cat\/wp-content\/uploads\/2023\/09\/Sort-i-encerts-36x20.jpg 36w, https:\/\/www.siau.cat\/wp-content\/uploads\/2023\/09\/Sort-i-encerts-48x27.jpg 48w, https:\/\/www.siau.cat\/wp-content\/uploads\/2023\/09\/Sort-i-encerts.jpg 1920w\" sizes=\"auto, (max-width: 767px) 89vw, (max-width: 1000px) 54vw, (max-width: 1071px) 543px, 580px\" \/><\/figure>\n\n\n\n<p class=\"has-text-align-justify\">Avui comencen les classes amb tres anomalies que des de SIAU advertim impediran que puguem tenir un curs amb normalitat fins que no s&#8217;abordin pol\u00edticament i complint amb els compromisos assolits.<\/p>\n\n\n\n<p class=\"has-text-align-justify\">La primera afecta el Professorat T\u00e8cnic de Formaci\u00f3 Professional que encara no ha obtingut resposta a les seves demandes. Per una banda, ens trobam amb els docents que expulsaren de la professi\u00f3 pocs anys abans de la seva jubilaci\u00f3, deixant-los en situaci\u00f3 de precarietat absoluta, davant un m\u00f3n laboral on es fa molt complicat assolir un nou lloc de feina quan es t\u00e9 certa edat. Tampoc podem oblidar els docents a qui encara se&#8217;ls hi denega passar del grup A2 a l&#8217;A1, cobrant menys que la resta de companys, tot i desenvolupar els mateixos horaris i funcions. Discriminacions que altres territoris foren capa\u00e7os, dins el marc legal, de resoldre satisfact\u00f2riament.<\/p>\n\n\n\n<p class=\"has-text-align-justify\">En segon lloc, no podem oblidar-nos dels docents, gran part d&#8217;ells amb d\u00e8cades de serveis a les Illes Balears, que no han aconseguit pla\u00e7a a cap dels processos d&#8217;estabilitzaci\u00f3 ni oposicions ordin\u00e0ries que s&#8217;han celebrat, per\u00f2 que continuen estant en frau de llei. Volem que s&#8217;estabilitzi el 100% de personal en frau de llei, com tamb\u00e9 volem que s\u2019indemnitzi a aquells que finalment no continuaran la seva relaci\u00f3 laboral amb l&#8217;administraci\u00f3, aix\u00ed com fa l&#8217;empresa privada. A m\u00e9s a m\u00e9s, cal comen\u00e7ar a treballar en les bases que marcaran els propers concursos de trasllats, per tal que en aquests no es distingeixi entre funcionariat de primera i de segona. Els i les docents hem suportat durant molts anys els abusos provinents de l&#8217;administraci\u00f3, com han reconegut els mateixos tribunals europeus. Ara, amb el nou concurs de trasllats, no permetrem que es doni cobertura a noves discriminacions laborals. Com ja digu\u00e9rem, acudirem a la just\u00edcia tantes vegades com calgui.<\/p>\n\n\n\n<p class=\"has-text-align-justify\">La tercera anomalia gira entorn dels expedients pol\u00edtics contra sindicalistes de SIAU que varen iniciar c\u00e0rrecs del PSOE que estaven en funcions, \u00abcasualment\u00bb despr\u00e9s d&#8217;haver perdut les eleccions auton\u00f2miques. El dia d&#8217;avui encara continuen obertes les causes pol\u00edtiques contra representants dels treballadors. Mentre no es doni una soluci\u00f3 pol\u00edtica al conflicte engegat pels anteriors dirigents, no es respirar\u00e0 un clima de normalitat. Volem fer un advertiment! Nom\u00e9s hi ha dues possibles sortides al conflicte: la via de la judicialitzaci\u00f3 (amb les corresponents conseq\u00fc\u00e8ncies) o la del di\u00e0leg i el seny (deixant enrere les passades pol\u00edtiques de la vergonya). Som conscients que actualment, dins Conselleria, hi treballa un gruix considerable de personal que va ser col\u00b7locat \u00aba dit\u00bb pels anteriors dirigents d&#8217;Educaci\u00f3, que es preveu mantinguin les seves funcions durant tot el curs 2023-2024; com tamb\u00e9 ho som que, entre aquest personal, alguns pressionen perqu\u00e8 la l\u00ednia d&#8217;actuaci\u00f3 no canvi\u00ef respecte de la passada legislatura.<\/p>\n\n\n\n<p class=\"has-text-align-justify\">Des de SIAU tenim sol\u00b7licitada una reuni\u00f3 amb el conseller per tractar aquests tres aspectes clau i advertir que no hi haur\u00e0 un curs amb normalitat fins que no es canvi\u00efn les paraules per fets. Per acabar, desitjam molta sort i encerts als i les docents de les Illes Balears, que hauran de fer front a un nou curs escolar que es preveu complex.<\/p>\n","protected":false},"excerpt":{"rendered":"<p>Avui comencen les classes amb tres anomalies que des de SIAU advertim impediran que puguem tenir un curs amb normalitat fins que no s&#8217;abordin pol\u00edticament i complint amb els compromisos assolits. La primera afecta el Professorat T\u00e8cnic de Formaci\u00f3 Professional que encara no ha obtingut resposta a les seves demandes. Per una banda, ens trobam &hellip; <\/p>\n<p class=\"link-more\"><a href=\"https:\/\/www.siau.cat\/index.php\/2023\/09\/11\/siau-adverteix-que-no-hi-haura-un-curs-amb-normalitat-fins-que-no-es-canviin-les-paraules-per-fets\/\" class=\"more-link\">Continua llegint <span class=\"screen-reader-text\">\u00abSIAU adverteix que no hi haur\u00e0 un curs amb normalitat fins que no es canvi\u00efn les paraules per fets\u00bb<\/span><\/a><\/p>\n","protected":false},"author":1,"featured_media":0,"comment_status":"closed","ping_status":"open","sticky":false,"template":"","format":"standard","meta":{"_jetpack_memberships_contains_paid_content":false,"footnotes":""},"categories":[1],"tags":[],"class_list":["post-974","post","type-post","status-publish","format-standard","hentry","category-uncategorized"],"yoast_head":"<!-- This site is optimized with the Yoast SEO plugin v25.4 - https:\/\/yoast.com\/wordpress\/plugins\/seo\/ -->\n<title>SIAU adverteix que no hi haur\u00e0 un curs amb normalitat fins que no es canvi\u00efn les paraules per fets &#8212; SIAU - SINDICAT INDEPENDENT, AUT\u00d2NOM I UNITARI<\/title>\n<meta name=\"robots\" content=\"index, follow, max-snippet:-1, max-image-preview:large, max-video-preview:-1\" \/>\n<link rel=\"canonical\" href=\"https:\/\/www.siau.cat\/index.php\/2023\/09\/11\/siau-adverteix-que-no-hi-haura-un-curs-amb-normalitat-fins-que-no-es-canviin-les-paraules-per-fets\/\" \/>\n<meta property=\"og:locale\" content=\"ca_ES\" \/>\n<meta property=\"og:type\" content=\"article\" \/>\n<meta property=\"og:title\" content=\"SIAU adverteix que no hi haur\u00e0 un curs amb normalitat fins que no es canvi\u00efn les paraules per fets &#8212; SIAU - SINDICAT INDEPENDENT, AUT\u00d2NOM I UNITARI\" \/>\n<meta property=\"og:description\" content=\"Avui comencen les classes amb tres anomalies que des de SIAU advertim impediran que puguem tenir un curs amb normalitat fins que no s&#8217;abordin pol\u00edticament i complint amb els compromisos assolits. La primera afecta el Professorat T\u00e8cnic de Formaci\u00f3 Professional que encara no ha obtingut resposta a les seves demandes. Per una banda, ens trobam &hellip; Continua llegint \u00abSIAU adverteix que no hi haur\u00e0 un curs amb normalitat fins que no es canvi\u00efn les paraules per fets\u00bb\" \/>\n<meta property=\"og:url\" content=\"https:\/\/www.siau.cat\/index.php\/2023\/09\/11\/siau-adverteix-que-no-hi-haura-un-curs-amb-normalitat-fins-que-no-es-canviin-les-paraules-per-fets\/\" \/>\n<meta property=\"og:site_name\" content=\"SIAU - SINDICAT INDEPENDENT, AUT\u00d2NOM I UNITARI\" \/>\n<meta property=\"article:published_time\" content=\"2023-09-11T11:14:05+00:00\" \/>\n<meta property=\"article:modified_time\" content=\"2023-09-11T11:14:08+00:00\" \/>\n<meta property=\"og:image\" content=\"https:\/\/www.siau.cat\/wp-content\/uploads\/2023\/09\/Sort-i-encerts-1024x576.jpg\" \/>\n<meta name=\"author\" content=\"admin\" \/>\n<meta name=\"twitter:card\" content=\"summary_large_image\" \/>\n<meta name=\"twitter:label1\" content=\"Escrit per\" \/>\n\t<meta name=\"twitter:data1\" content=\"admin\" \/>\n\t<meta name=\"twitter:label2\" content=\"Temps estimat de lectura\" \/>\n\t<meta name=\"twitter:data2\" content=\"4 minuts\" \/>\n<script type=\"application\/ld+json\" class=\"yoast-schema-graph\">{\"@context\":\"https:\/\/schema.org\",\"@graph\":[{\"@type\":\"Article\",\"@id\":\"https:\/\/www.siau.cat\/index.php\/2023\/09\/11\/siau-adverteix-que-no-hi-haura-un-curs-amb-normalitat-fins-que-no-es-canviin-les-paraules-per-fets\/#article\",\"isPartOf\":{\"@id\":\"https:\/\/www.siau.cat\/index.php\/2023\/09\/11\/siau-adverteix-que-no-hi-haura-un-curs-amb-normalitat-fins-que-no-es-canviin-les-paraules-per-fets\/\"},\"author\":{\"name\":\"admin\",\"@id\":\"https:\/\/www.siau.cat\/#\/schema\/person\/810c15694a7e538934bb4be53ebcba0d\"},\"headline\":\"SIAU adverteix que no hi haur\u00e0 un curs amb normalitat fins que no es canvi\u00efn les paraules per fets\",\"datePublished\":\"2023-09-11T11:14:05+00:00\",\"dateModified\":\"2023-09-11T11:14:08+00:00\",\"mainEntityOfPage\":{\"@id\":\"https:\/\/www.siau.cat\/index.php\/2023\/09\/11\/siau-adverteix-que-no-hi-haura-un-curs-amb-normalitat-fins-que-no-es-canviin-les-paraules-per-fets\/\"},\"wordCount\":578,\"publisher\":{\"@id\":\"https:\/\/www.siau.cat\/#organization\"},\"image\":{\"@id\":\"https:\/\/www.siau.cat\/index.php\/2023\/09\/11\/siau-adverteix-que-no-hi-haura-un-curs-amb-normalitat-fins-que-no-es-canviin-les-paraules-per-fets\/#primaryimage\"},\"thumbnailUrl\":\"https:\/\/www.siau.cat\/wp-content\/uploads\/2023\/09\/Sort-i-encerts-1024x576.jpg\",\"articleSection\":[\"Uncategorized\"],\"inLanguage\":\"ca\"},{\"@type\":\"WebPage\",\"@id\":\"https:\/\/www.siau.cat\/index.php\/2023\/09\/11\/siau-adverteix-que-no-hi-haura-un-curs-amb-normalitat-fins-que-no-es-canviin-les-paraules-per-fets\/\",\"url\":\"https:\/\/www.siau.cat\/index.php\/2023\/09\/11\/siau-adverteix-que-no-hi-haura-un-curs-amb-normalitat-fins-que-no-es-canviin-les-paraules-per-fets\/\",\"name\":\"SIAU adverteix que no hi haur\u00e0 un curs amb normalitat fins que no es canvi\u00efn les paraules per fets &#8212; SIAU - SINDICAT INDEPENDENT, AUT\u00d2NOM I UNITARI\",\"isPartOf\":{\"@id\":\"https:\/\/www.siau.cat\/#website\"},\"primaryImageOfPage\":{\"@id\":\"https:\/\/www.siau.cat\/index.php\/2023\/09\/11\/siau-adverteix-que-no-hi-haura-un-curs-amb-normalitat-fins-que-no-es-canviin-les-paraules-per-fets\/#primaryimage\"},\"image\":{\"@id\":\"https:\/\/www.siau.cat\/index.php\/2023\/09\/11\/siau-adverteix-que-no-hi-haura-un-curs-amb-normalitat-fins-que-no-es-canviin-les-paraules-per-fets\/#primaryimage\"},\"thumbnailUrl\":\"https:\/\/www.siau.cat\/wp-content\/uploads\/2023\/09\/Sort-i-encerts-1024x576.jpg\",\"datePublished\":\"2023-09-11T11:14:05+00:00\",\"dateModified\":\"2023-09-11T11:14:08+00:00\",\"breadcrumb\":{\"@id\":\"https:\/\/www.siau.cat\/index.php\/2023\/09\/11\/siau-adverteix-que-no-hi-haura-un-curs-amb-normalitat-fins-que-no-es-canviin-les-paraules-per-fets\/#breadcrumb\"},\"inLanguage\":\"ca\",\"potentialAction\":[{\"@type\":\"ReadAction\",\"target\":[\"https:\/\/www.siau.cat\/index.php\/2023\/09\/11\/siau-adverteix-que-no-hi-haura-un-curs-amb-normalitat-fins-que-no-es-canviin-les-paraules-per-fets\/\"]}]},{\"@type\":\"ImageObject\",\"inLanguage\":\"ca\",\"@id\":\"https:\/\/www.siau.cat\/index.php\/2023\/09\/11\/siau-adverteix-que-no-hi-haura-un-curs-amb-normalitat-fins-que-no-es-canviin-les-paraules-per-fets\/#primaryimage\",\"url\":\"https:\/\/www.siau.cat\/wp-content\/uploads\/2023\/09\/Sort-i-encerts.jpg\",\"contentUrl\":\"https:\/\/www.siau.cat\/wp-content\/uploads\/2023\/09\/Sort-i-encerts.jpg\",\"width\":1920,\"height\":1080},{\"@type\":\"BreadcrumbList\",\"@id\":\"https:\/\/www.siau.cat\/index.php\/2023\/09\/11\/siau-adverteix-que-no-hi-haura-un-curs-amb-normalitat-fins-que-no-es-canviin-les-paraules-per-fets\/#breadcrumb\",\"itemListElement\":[{\"@type\":\"ListItem\",\"position\":1,\"name\":\"Inici\",\"item\":\"https:\/\/www.siau.cat\/\"},{\"@type\":\"ListItem\",\"position\":2,\"name\":\"SIAU adverteix que no hi haur\u00e0 un curs amb normalitat fins que no es canvi\u00efn les paraules per fets\"}]},{\"@type\":\"WebSite\",\"@id\":\"https:\/\/www.siau.cat\/#website\",\"url\":\"https:\/\/www.siau.cat\/\",\"name\":\"SIAU - SINDICAT INDEPENDENT, AUT\u00d2NOM I UNITARI\",\"description\":\"Ara s&iacute; que tenim la veu\",\"publisher\":{\"@id\":\"https:\/\/www.siau.cat\/#organization\"},\"potentialAction\":[{\"@type\":\"SearchAction\",\"target\":{\"@type\":\"EntryPoint\",\"urlTemplate\":\"https:\/\/www.siau.cat\/?s={search_term_string}\"},\"query-input\":{\"@type\":\"PropertyValueSpecification\",\"valueRequired\":true,\"valueName\":\"search_term_string\"}}],\"inLanguage\":\"ca\"},{\"@type\":\"Organization\",\"@id\":\"https:\/\/www.siau.cat\/#organization\",\"name\":\"SIAU\",\"url\":\"https:\/\/www.siau.cat\/\",\"logo\":{\"@type\":\"ImageObject\",\"inLanguage\":\"ca\",\"@id\":\"https:\/\/www.siau.cat\/#\/schema\/logo\/image\/\",\"url\":\"https:\/\/www.siau.cat\/wp-content\/uploads\/2022\/03\/cropped-resized_LOGO-SIAU-5-e1652020847972.jpg\",\"contentUrl\":\"https:\/\/www.siau.cat\/wp-content\/uploads\/2022\/03\/cropped-resized_LOGO-SIAU-5-e1652020847972.jpg\",\"width\":1600,\"height\":1200,\"caption\":\"SIAU\"},\"image\":{\"@id\":\"https:\/\/www.siau.cat\/#\/schema\/logo\/image\/\"}},{\"@type\":\"Person\",\"@id\":\"https:\/\/www.siau.cat\/#\/schema\/person\/810c15694a7e538934bb4be53ebcba0d\",\"name\":\"admin\",\"image\":{\"@type\":\"ImageObject\",\"inLanguage\":\"ca\",\"@id\":\"https:\/\/www.siau.cat\/#\/schema\/person\/image\/\",\"url\":\"https:\/\/www.siau.cat\/wp-content\/litespeed\/avatar\/d73ebfac3daa0b52552b2ccea63469da.jpg?ver=1777403609\",\"contentUrl\":\"https:\/\/www.siau.cat\/wp-content\/litespeed\/avatar\/d73ebfac3daa0b52552b2ccea63469da.jpg?ver=1777403609\",\"caption\":\"admin\"},\"sameAs\":[\"https:\/\/www.siau.cat\"],\"url\":\"https:\/\/www.siau.cat\/index.php\/author\/admin\/\"}]}<\/script>\n<!-- \/ Yoast SEO plugin. -->","yoast_head_json":{"title":"SIAU adverteix que no hi haur\u00e0 un curs amb normalitat fins que no es canvi\u00efn les paraules per fets &#8212; SIAU - SINDICAT INDEPENDENT, AUT\u00d2NOM I UNITARI","robots":{"index":"index","follow":"follow","max-snippet":"max-snippet:-1","max-image-preview":"max-image-preview:large","max-video-preview":"max-video-preview:-1"},"canonical":"https:\/\/www.siau.cat\/index.php\/2023\/09\/11\/siau-adverteix-que-no-hi-haura-un-curs-amb-normalitat-fins-que-no-es-canviin-les-paraules-per-fets\/","og_locale":"ca_ES","og_type":"article","og_title":"SIAU adverteix que no hi haur\u00e0 un curs amb normalitat fins que no es canvi\u00efn les paraules per fets &#8212; SIAU - SINDICAT INDEPENDENT, AUT\u00d2NOM I UNITARI","og_description":"Avui comencen les classes amb tres anomalies que des de SIAU advertim impediran que puguem tenir un curs amb normalitat fins que no s&#8217;abordin pol\u00edticament i complint amb els compromisos assolits. La primera afecta el Professorat T\u00e8cnic de Formaci\u00f3 Professional que encara no ha obtingut resposta a les seves demandes. Per una banda, ens trobam &hellip; Continua llegint \u00abSIAU adverteix que no hi haur\u00e0 un curs amb normalitat fins que no es canvi\u00efn les paraules per fets\u00bb","og_url":"https:\/\/www.siau.cat\/index.php\/2023\/09\/11\/siau-adverteix-que-no-hi-haura-un-curs-amb-normalitat-fins-que-no-es-canviin-les-paraules-per-fets\/","og_site_name":"SIAU - SINDICAT INDEPENDENT, AUT\u00d2NOM I UNITARI","article_published_time":"2023-09-11T11:14:05+00:00","article_modified_time":"2023-09-11T11:14:08+00:00","og_image":[{"url":"https:\/\/www.siau.cat\/wp-content\/uploads\/2023\/09\/Sort-i-encerts-1024x576.jpg","type":"","width":"","height":""}],"author":"admin","twitter_card":"summary_large_image","twitter_misc":{"Escrit per":"admin","Temps estimat de lectura":"4 minuts"},"schema":{"@context":"https:\/\/schema.org","@graph":[{"@type":"Article","@id":"https:\/\/www.siau.cat\/index.php\/2023\/09\/11\/siau-adverteix-que-no-hi-haura-un-curs-amb-normalitat-fins-que-no-es-canviin-les-paraules-per-fets\/#article","isPartOf":{"@id":"https:\/\/www.siau.cat\/index.php\/2023\/09\/11\/siau-adverteix-que-no-hi-haura-un-curs-amb-normalitat-fins-que-no-es-canviin-les-paraules-per-fets\/"},"author":{"name":"admin","@id":"https:\/\/www.siau.cat\/#\/schema\/person\/810c15694a7e538934bb4be53ebcba0d"},"headline":"SIAU adverteix que no hi haur\u00e0 un curs amb normalitat fins que no es canvi\u00efn les paraules per fets","datePublished":"2023-09-11T11:14:05+00:00","dateModified":"2023-09-11T11:14:08+00:00","mainEntityOfPage":{"@id":"https:\/\/www.siau.cat\/index.php\/2023\/09\/11\/siau-adverteix-que-no-hi-haura-un-curs-amb-normalitat-fins-que-no-es-canviin-les-paraules-per-fets\/"},"wordCount":578,"publisher":{"@id":"https:\/\/www.siau.cat\/#organization"},"image":{"@id":"https:\/\/www.siau.cat\/index.php\/2023\/09\/11\/siau-adverteix-que-no-hi-haura-un-curs-amb-normalitat-fins-que-no-es-canviin-les-paraules-per-fets\/#primaryimage"},"thumbnailUrl":"https:\/\/www.siau.cat\/wp-content\/uploads\/2023\/09\/Sort-i-encerts-1024x576.jpg","articleSection":["Uncategorized"],"inLanguage":"ca"},{"@type":"WebPage","@id":"https:\/\/www.siau.cat\/index.php\/2023\/09\/11\/siau-adverteix-que-no-hi-haura-un-curs-amb-normalitat-fins-que-no-es-canviin-les-paraules-per-fets\/","url":"https:\/\/www.siau.cat\/index.php\/2023\/09\/11\/siau-adverteix-que-no-hi-haura-un-curs-amb-normalitat-fins-que-no-es-canviin-les-paraules-per-fets\/","name":"SIAU adverteix que no hi haur\u00e0 un curs amb normalitat fins que no es canvi\u00efn les paraules per fets &#8212; SIAU - SINDICAT INDEPENDENT, AUT\u00d2NOM I UNITARI","isPartOf":{"@id":"https:\/\/www.siau.cat\/#website"},"primaryImageOfPage":{"@id":"https:\/\/www.siau.cat\/index.php\/2023\/09\/11\/siau-adverteix-que-no-hi-haura-un-curs-amb-normalitat-fins-que-no-es-canviin-les-paraules-per-fets\/#primaryimage"},"image":{"@id":"https:\/\/www.siau.cat\/index.php\/2023\/09\/11\/siau-adverteix-que-no-hi-haura-un-curs-amb-normalitat-fins-que-no-es-canviin-les-paraules-per-fets\/#primaryimage"},"thumbnailUrl":"https:\/\/www.siau.cat\/wp-content\/uploads\/2023\/09\/Sort-i-encerts-1024x576.jpg","datePublished":"2023-09-11T11:14:05+00:00","dateModified":"2023-09-11T11:14:08+00:00","breadcrumb":{"@id":"https:\/\/www.siau.cat\/index.php\/2023\/09\/11\/siau-adverteix-que-no-hi-haura-un-curs-amb-normalitat-fins-que-no-es-canviin-les-paraules-per-fets\/#breadcrumb"},"inLanguage":"ca","potentialAction":[{"@type":"ReadAction","target":["https:\/\/www.siau.cat\/index.php\/2023\/09\/11\/siau-adverteix-que-no-hi-haura-un-curs-amb-normalitat-fins-que-no-es-canviin-les-paraules-per-fets\/"]}]},{"@type":"ImageObject","inLanguage":"ca","@id":"https:\/\/www.siau.cat\/index.php\/2023\/09\/11\/siau-adverteix-que-no-hi-haura-un-curs-amb-normalitat-fins-que-no-es-canviin-les-paraules-per-fets\/#primaryimage","url":"https:\/\/www.siau.cat\/wp-content\/uploads\/2023\/09\/Sort-i-encerts.jpg","contentUrl":"https:\/\/www.siau.cat\/wp-content\/uploads\/2023\/09\/Sort-i-encerts.jpg","width":1920,"height":1080},{"@type":"BreadcrumbList","@id":"https:\/\/www.siau.cat\/index.php\/2023\/09\/11\/siau-adverteix-que-no-hi-haura-un-curs-amb-normalitat-fins-que-no-es-canviin-les-paraules-per-fets\/#breadcrumb","itemListElement":[{"@type":"ListItem","position":1,"name":"Inici","item":"https:\/\/www.siau.cat\/"},{"@type":"ListItem","position":2,"name":"SIAU adverteix que no hi haur\u00e0 un curs amb normalitat fins que no es canvi\u00efn les paraules per fets"}]},{"@type":"WebSite","@id":"https:\/\/www.siau.cat\/#website","url":"https:\/\/www.siau.cat\/","name":"SIAU - SINDICAT INDEPENDENT, AUT\u00d2NOM I UNITARI","description":"Ara s&iacute; que tenim la veu","publisher":{"@id":"https:\/\/www.siau.cat\/#organization"},"potentialAction":[{"@type":"SearchAction","target":{"@type":"EntryPoint","urlTemplate":"https:\/\/www.siau.cat\/?s={search_term_string}"},"query-input":{"@type":"PropertyValueSpecification","valueRequired":true,"valueName":"search_term_string"}}],"inLanguage":"ca"},{"@type":"Organization","@id":"https:\/\/www.siau.cat\/#organization","name":"SIAU","url":"https:\/\/www.siau.cat\/","logo":{"@type":"ImageObject","inLanguage":"ca","@id":"https:\/\/www.siau.cat\/#\/schema\/logo\/image\/","url":"https:\/\/www.siau.cat\/wp-content\/uploads\/2022\/03\/cropped-resized_LOGO-SIAU-5-e1652020847972.jpg","contentUrl":"https:\/\/www.siau.cat\/wp-content\/uploads\/2022\/03\/cropped-resized_LOGO-SIAU-5-e1652020847972.jpg","width":1600,"height":1200,"caption":"SIAU"},"image":{"@id":"https:\/\/www.siau.cat\/#\/schema\/logo\/image\/"}},{"@type":"Person","@id":"https:\/\/www.siau.cat\/#\/schema\/person\/810c15694a7e538934bb4be53ebcba0d","name":"admin","image":{"@type":"ImageObject","inLanguage":"ca","@id":"https:\/\/www.siau.cat\/#\/schema\/person\/image\/","url":"https:\/\/www.siau.cat\/wp-content\/litespeed\/avatar\/d73ebfac3daa0b52552b2ccea63469da.jpg?ver=1777403609","contentUrl":"https:\/\/www.siau.cat\/wp-content\/litespeed\/avatar\/d73ebfac3daa0b52552b2ccea63469da.jpg?ver=1777403609","caption":"admin"},"sameAs":["https:\/\/www.siau.cat"],"url":"https:\/\/www.siau.cat\/index.php\/author\/admin\/"}]}},"jetpack_featured_media_url":"","jetpack_sharing_enabled":true,"_links":{"self":[{"href":"https:\/\/www.siau.cat\/index.php\/wp-json\/wp\/v2\/posts\/974","targetHints":{"allow":["GET"]}}],"collection":[{"href":"https:\/\/www.siau.cat\/index.php\/wp-json\/wp\/v2\/posts"}],"about":[{"href":"https:\/\/www.siau.cat\/index.php\/wp-json\/wp\/v2\/types\/post"}],"author":[{"embeddable":true,"href":"https:\/\/www.siau.cat\/index.php\/wp-json\/wp\/v2\/users\/1"}],"replies":[{"embeddable":true,"href":"https:\/\/www.siau.cat\/index.php\/wp-json\/wp\/v2\/comments?post=974"}],"version-history":[{"count":1,"href":"https:\/\/www.siau.cat\/index.php\/wp-json\/wp\/v2\/posts\/974\/revisions"}],"predecessor-version":[{"id":976,"href":"https:\/\/www.siau.cat\/index.php\/wp-json\/wp\/v2\/posts\/974\/revisions\/976"}],"wp:attachment":[{"href":"https:\/\/www.siau.cat\/index.php\/wp-json\/wp\/v2\/media?parent=974"}],"wp:term":[{"taxonomy":"category","embeddable":true,"href":"https:\/\/www.siau.cat\/index.php\/wp-json\/wp\/v2\/categories?post=974"},{"taxonomy":"post_tag","embeddable":true,"href":"https:\/\/www.siau.cat\/index.php\/wp-json\/wp\/v2\/tags?post=974"}],"curies":[{"name":"wp","href":"https:\/\/api.w.org\/{rel}","templated":true}]}}